{"id":498453,"date":"2025-10-29T20:40:22","date_gmt":"2025-10-29T20:40:22","guid":{"rendered":"https:\/\/www.europesays.com\/fr\/498453\/"},"modified":"2025-10-29T20:40:22","modified_gmt":"2025-10-29T20:40:22","slug":"super-league-mathieu-pons-rejoint-le-toulouse-olympique-rugby-a-xiii","status":"publish","type":"post","link":"https:\/\/www.europesays.com\/fr\/498453\/","title":{"rendered":"Super League &#8211; Mathieu Pons rejoint le Toulouse Olympique &#8211; Rugby \u00e0 XIII"},"content":{"rendered":"<p style=\"text-align: justify;\"><strong>Les Olympiens ont annonc\u00e9 le recrutement de Mathieu Pons pour la prochaine saison de Super League, en provenance d\u2019Oldham.<\/strong><\/p>\n<p style=\"text-align: justify;\">Toulouse se renforce encore, <a href=\"https:\/\/treizemondial.fr\/le-toulouse-olympique-soffre-sa-premiere-recrue-pour-2026\/\" target=\"_blank\" rel=\"noopener\">apr\u00e8s l\u2019officialisation de Luke Polselli<\/a>, les champions 2025 de Championship ont jet\u00e9 leur d\u00e9volu sur Mathieu Pons qui arrive du Royaume-Uni et Oldham.<\/p>\n<p>Et de deux pour le TO<\/p>\n<p style=\"text-align: justify;\">Mathieu Pons commence le rugby en 2022, dans un premier temps \u00e0 XV \u00e0 l\u2019universit\u00e9, un an plus tard, il d\u00e9couvre le rugby \u00e0 XIII lors d\u2019un voyage en Australie. En 2023, il fait le grand saut et signe dans son premier club, \u00e0 Saint-Gaudens. Gr\u00e2ce \u00e0 \u00e7a, il d\u00e9couvre l\u2019\u00e9quipe de France au Kenya, une tourn\u00e9e r\u00e9ussie avec 3 essais en 2 matchs.<\/p>\n<p style=\"text-align: justify;\">Ses performances attirent l\u2019\u0153il en Angleterre, o\u00f9 il obtient un essai avec Hull KR, puis il signe \u00e0 Halifax pour finir la saison 2024. La saison finie, il fait son retour chez les Ours de Saint-Gaudens o\u00f9 il affole les compteurs avec pas moins de 15 essais en 16 matchs. Il rallie \u00e0 nouveau le Royaume-Uni et Oldham, promu en Championship, il participe \u00e0 la bonne saison du club, qui fini 4\u00e8me, l\u2019ailier inscrit 7 essais en 7 matchs !<\/p>\n<p style=\"text-align: justify;\">Des prestations de haute vol\u00e9e pour le jeune ailier de 23 ans, qui a su montrer tous ses talents en Championship ou en Super XIII. Il rejoint donc le Toulouse Olympique pour la saison 2026 en Super League et fait son retour dans la r\u00e9gion qu\u2019il conna\u00eet tant.<\/p>\n<p style=\"text-align: justify;\">Mathieu Pons s\u2019exprime apr\u00e8s sa signature :<\/p>\n<blockquote>\n<p style=\"text-align: justify;\">En tant que Toulousain, je suis tr\u00e8s honor\u00e9 d\u2019avoir l\u2019opportunit\u00e9 de faire mes premiers pas en Super League avec le TO ! J\u2019ai h\u00e2te de commencer les entra\u00eenements et de tout donner sur le terrain !<\/p>\n<\/blockquote>\n<p style=\"text-align: justify;\">Sylvain Houles, entra\u00eeneur de Toulouse, r\u00e9agit sur la venue de son nouveau joueur :<\/p>\n<blockquote>\n<p style=\"text-align: justify;\">Cela fait quelques ann\u00e9es maintenant qu\u2019on regarde Mathieu, et sa progression est ph\u00e9nom\u00e9nale. C\u2019est un joueur tr\u00e8s athl\u00e9tique, rapide, puissant et qui a une \u00e9norme marge de progression encore. Il nous tarde de travailler avec lui et de revoir le nom Pons sous les couleurs du TO, puisque son p\u00e8re Cyril a jou\u00e9 pour le Club un peu avant les ann\u00e9es 2000.<\/p>\n<\/blockquote>\n<blockquote class=\"instagram-media\" data-instgrm-captioned=\"\" data-instgrm-permalink=\"https:\/\/www.instagram.com\/reel\/DQZicVvDLBa\/?utm_source=ig_embed&amp;utm_campaign=loading\" data-instgrm-version=\"14\" style=\" background:#FFF; border:0; border-radius:3px; box-shadow:0 0 1px 0 rgba(0,0,0,0.5),0 1px 10px 0 rgba(0,0,0,0.15); margin: 1px; max-width:500px; min-width:326px; padding:0; width:99.375%; width:-webkit-calc(100% - 2px); width:calc(100% - 2px);\">\n<\/blockquote>\n<p>        <script async src=\"\/\/www.instagram.com\/embed.js\"><\/script><\/p>\n","protected":false},"excerpt":{"rendered":"Les Olympiens ont annonc\u00e9 le recrutement de Mathieu Pons pour la prochaine saison de Super League, en provenance&hellip;\n","protected":false},"author":2,"featured_media":101041,"comment_status":"","ping_status":"","sticky":false,"template":"","format":"standard","meta":{"footnotes":""},"categories":[1416],"tags":[1011,27,21644,479,2228,1468,2229,60,4474,3502],"class_list":{"0":"post-498453","1":"post","2":"type-post","3":"status-publish","4":"format-standard","5":"has-post-thumbnail","7":"category-rugby","8":"tag-fr","9":"tag-france","10":"tag-mathieu-pons","11":"tag-rugby","12":"tag-rugby-a-xiii","13":"tag-rugby-football","14":"tag-rugby-league","15":"tag-sports","16":"tag-super-league","17":"tag-toulouse-olympique"},"share_on_mastodon":{"url":"https:\/\/pubeurope.com\/@fr\/115459393192163152","error":""},"_links":{"self":[{"href":"https:\/\/www.europesays.com\/fr\/wp-json\/wp\/v2\/posts\/498453","targetHints":{"allow":["GET"]}}],"collection":[{"href":"https:\/\/www.europesays.com\/fr\/wp-json\/wp\/v2\/posts"}],"about":[{"href":"https:\/\/www.europesays.com\/fr\/wp-json\/wp\/v2\/types\/post"}],"author":[{"embeddable":true,"href":"https:\/\/www.europesays.com\/fr\/wp-json\/wp\/v2\/users\/2"}],"replies":[{"embeddable":true,"href":"https:\/\/www.europesays.com\/fr\/wp-json\/wp\/v2\/comments?post=498453"}],"version-history":[{"count":0,"href":"https:\/\/www.europesays.com\/fr\/wp-json\/wp\/v2\/posts\/498453\/revisions"}],"wp:featuredmedia":[{"embeddable":true,"href":"https:\/\/www.europesays.com\/fr\/wp-json\/wp\/v2\/media\/101041"}],"wp:attachment":[{"href":"https:\/\/www.europesays.com\/fr\/wp-json\/wp\/v2\/media?parent=498453"}],"wp:term":[{"taxonomy":"category","embeddable":true,"href":"https:\/\/www.europesays.com\/fr\/wp-json\/wp\/v2\/categories?post=498453"},{"taxonomy":"post_tag","embeddable":true,"href":"https:\/\/www.europesays.com\/fr\/wp-json\/wp\/v2\/tags?post=498453"}],"curies":[{"name":"wp","href":"https:\/\/api.w.org\/{rel}","templated":true}]}}