{"id":498455,"date":"2025-10-29T20:45:15","date_gmt":"2025-10-29T20:45:15","guid":{"rendered":"https:\/\/www.europesays.com\/fr\/498455\/"},"modified":"2025-10-29T20:45:15","modified_gmt":"2025-10-29T20:45:15","slug":"piste-championnat-de-france-de-lavenir-j1-classements-actualite","status":"publish","type":"post","link":"https:\/\/www.europesays.com\/fr\/498455\/","title":{"rendered":"Piste &#8211; Championnat de France de l&rsquo;Avenir &#8211; J1 : Classements &#8211; Actualit\u00e9"},"content":{"rendered":"<p style=\"text-align: justify;\">Le Championnat de France Piste de l&rsquo;Avenir se dispute du mercredi 29 octobre au dimanche 2 novembre sur le V\u00e9lodrome de Bretagne \u00e0 Loud\u00e9ac (C\u00f4tes d&rsquo;Armor). Retrouvez ci-dessous les classements de la premi\u00e8re journ\u00e9e.<\/p>\n<p><strong>Classements :<\/strong><br \/><strong>Hommes :<\/strong><br \/><strong>U19 &#8211; Poursuite individuelle<\/strong><br \/>1. ROYER Luc BRET Temps Serie : 03&rsquo;10\u00a0\u00bb330 Temps Finale : 03&rsquo;08\u00a0\u00bb881<br \/>2. MARCOUX Nathan AURA Temps Serie : 03&rsquo;11\u00a0\u00bb641 Temps Finale : 03&rsquo;15\u00a0\u00bb943<br \/>3. CUSHWAY Rafe BRET Temps Serie : 03&rsquo;17\u00a0\u00bb931 Temps Finale : 03&rsquo;18\u00a0\u00bb382<br \/>4. DESGROUAS Tristan NORM Temps Serie : 03&rsquo;18\u00a0\u00bb628 DNF<br \/>5. FRIOT Jules AURA Temps Serie : 03&rsquo;19\u00a0\u00bb372 <br \/>6. GROUSSIN Jean IDFR Temps Serie : 03&rsquo;20\u00a0\u00bb559 <br \/>7. POCZERNIN Mathias OCCI Temps Serie : 03&rsquo;22\u00a0\u00bb460<br \/>8. GUEMY Lucas RSUD Temps Serie : 03&rsquo;23\u00a0\u00bb925 <br \/>9. LEMOINE Mathis OCCI Temps Serie : 03&rsquo;23\u00a0\u00bb931 <br \/>10. PONS Baptiste IDFR Temps Serie : 03&rsquo;24\u00a0\u00bb097 <br \/>11. HOURMANT Mae BRET Temps Serie : 03&rsquo;24\u00a0\u00bb806<br \/>12. GAYANT Lancelot NOAQ Temps Serie : 03&rsquo;25\u00a0\u00bb203<br \/>13. LAE Calixte RSUD Temps Serie : 03&rsquo;26\u00a0\u00bb029 <br \/>14. FREREJACQUES Noah PDLL Temps Serie : 03&rsquo;27\u00a0\u00bb431<br \/>15. MOUTRY Keryl NOCA Temps Serie : 03&rsquo;27\u00a0\u00bb763 <br \/>16. LEBOURGEOIS Paul NORM Temps Serie : 03&rsquo;28\u00a0\u00bb632<br \/>17. BRETON Cl\u00e9ment PDLL Temps Serie : 03&rsquo;29\u00a0\u00bb006 <br \/>18. MARCHAND Noah NORM Temps Serie : 03&rsquo;29\u00a0\u00bb541 <br \/>19. MAREAU Alan PDLL Temps Serie : 03&rsquo;30\u00a0\u00bb944 <br \/>20. BESCHE Eyvan IDFR Temps Serie : 03&rsquo;37\u00a0\u00bb825<\/p>\n<p><strong>U19 &#8211; \u00c9limination<\/strong><br \/>1. KEROUEDAN Quentin BRETAGNE<br \/>2. RAVON Jorian NOUVELLE AQUITAINE<br \/>3. SAGNIER Karl ILE DE FRANCE<br \/>4. LAE Calixte SUD-PROVENCE-ALPES-COTE D&rsquo;AZUR<br \/>5. MOUTRY Keryl NOUVELLE CALEDONIE<br \/>6. CASSART Ethan ILE DE FRANCE<br \/>7. LE GALUDEC Augustin BRETAGNE<br \/>8. HABERA Hugo HAUTS DE FRANCE<br \/>9. LE FUR Cl\u00e9ment BRETAGNE<br \/>10. DESGROUAS Tristan NORMANDIE<br \/>11. ARROUET Oscar PAYS DE LA LOIRE<br \/>12. FERNANDEZ Manolo PAYS DE LA LOIRE<br \/>13. FLOUR Enzo HAUTS DE FRANCE<br \/>14. PERE Tom NOUVELLE AQUITAINE<br \/>15. PICHON Tilio PAYS DE LA LOIRE<br \/>16. MERLIN Julian AUVERGNE-RHONE-ALPES<br \/>17. SIGALAS Brewen CENTRE VAL DE LOIRE<br \/>18. MAISONNEUVE Louca NOUVELLE AQUITAINE<br \/>19. FREREJACQUES Noah PAYS DE LA LOIRE<br \/>20. GUEMY Lucas SUD-PROVENCE-ALPES-COTE D&rsquo;AZUR<\/p>\n<p><strong>U19 &#8211; Vitesse<\/strong><br \/>1. LAUGIER Nicolas LA REUNION<br \/>2. DUVAL Enzo BRETAGNE<br \/>3. RABOURDIN Cameron CENTRE VAL DE LOIRE<br \/>4. CALIF Julian ILES DE LA GUADELOUPE<br \/>5. HERNOT Lomick BRETAGNE<br \/>6. PICHON Tilio PAYS DE LA LOIRE<br \/>7. MERLIN Julian AUVERGNE-RHONE-ALPES<br \/>8. LE LAMER Ethan CENTRE VAL DE LOIRE<br \/>9. LEFRANCOIS Maxime ILE DE FRANCE<br \/>10. HENRIETTE Math\u00e9o LA REUNION<br \/>11. HERTAULT Hugo PAYS DE LA LOIRE<br \/>12. AUGAUDY Elven CENTRE VAL DE LOIRE<br \/>13. GAUTIER MORMAND Olivier ILES DE LA GUADELOUPE<br \/>14. ARROUET Oscar PAYS DE LA LOIRE<\/p>\n<p><strong>U17 &#8211; Poursuite individuelle<\/strong><br \/>1. CLOVIS Layann BRETAGNE 3&rsquo;16.239\u00a0\u00bb &#8211;<strong><a href=\"https:\/\/www.directvelo.com\/actualite\/125023\/layann-clovis-je-visais-le-record\" target=\"_blank\" rel=\"noopener\">record de France<\/a><\/strong>&#8211;<br \/>2. LE NORMAND LUCAS Zephirin BRETAGNE 3&rsquo;19.444\u00a0\u00bb<br \/>3. ALRIC THOUVENIN Camille AUVERGNE-RHONE-ALPES 3&rsquo;21.556\u00a0\u00bb<br \/>4. PODEVIN Tom AUVERGNE-RHONE-ALPES 3&rsquo;26.293\u00a0\u00bb<br \/>5. MAINGRET Teiva PAYS DE LA LOIRE 3&rsquo;29.421\u00a0\u00bb<br \/>6. GENTY Justin NORMANDIE 3&rsquo;30.030\u00a0\u00bb<br \/>7. CAZAILLON Maxime NOUVELLE AQUITAINE 3&rsquo;31.101\u00a0\u00bb<br \/>8. GARDE Thomas AUVERGNE-RHONE-ALPES 3&rsquo;31.244\u00a0\u00bb<br \/>9. VALLEE Ethan PAYS DE LA LOIRE 3&rsquo;32.226\u00a0\u00bb<br \/>10. EMERY Titouan ILE DE FRANCE 3&rsquo;32.856\u00a0\u00bb<br \/>11. VASSOR Damien LA REUNION 3&rsquo;34.232\u00a0\u00bb<br \/>12. GINET Jaouen CENTRE VAL DE LOIRE 3&rsquo;36.536\u00a0\u00bb<br \/>13. MESNIER Maxim NOUVELLE AQUITAINE 3&rsquo;37.074\u00a0\u00bb<br \/>14. GITTON Romain NORMANDIE 3&rsquo;37.616\u00a0\u00bb<br \/>15. FORMEAU Evan CENTRE VAL DE LOIRE 3&rsquo;37.891\u00a0\u00bb<br \/>16. JAMES Henry SUD-PROVENCE-ALPES-COTE D&rsquo;AZUR 3&rsquo;38.843\u00a0\u00bb<br \/>17. CLERE Fran\u00e7ois R\u00e9gis ILE DE FRANCE 3&rsquo;39.665\u00a0\u00bb<br \/>18. CASTETS Yann LA REUNION 3&rsquo;39.963\u00a0\u00bb<br \/>19. ROBIC Armand SUD-PROVENCE-ALPES-COTE D&rsquo;AZUR 3&rsquo;40.407\u00a0\u00bb<br \/>20. BONNENFANT STEYER Paul GRAND EST 3&rsquo;48.792\u00a0\u00bb<br \/>21. SCHIEBER Yohan GRAND EST 3&rsquo;49.380\u00a0\u00bb<\/p>\n<p><strong>Disqualifi\u00e9\u00a0 :<\/strong> <br \/>DELSOL Louis OCCITANIE<\/p>\n<p><strong>Femmes :<\/strong><br \/><strong>U19 &#8211; Course aux Points<\/strong><br \/>1. BIHAN Zoe BRE les 16 km en 22&rsquo;20\u00a0\u00bb(moy. 42,985 km\/h) 26 Pts<br \/>2. ROUAT Jessica BRE 17 Pts<br \/>3. JAUVIN Lilou NOA 13 Pts<br \/>4. PHILIPPE Eva BRE 12 Pts<br \/>5. DOLLION Margo AUR 11 Pts<br \/>6. CUFI Lana AUR 7 Pts<br \/>7. KARPP Romane HAF 5 Pts<br \/>8. ROUANET Ana\u00efs OCCI 3 Pts<br \/>9. FORBRAS Julie HAF -17 Pts<br \/>10. EVRARD Ana\u00eblle HAF -38 Pts<\/p>\n<p><strong>Abandons :<\/strong><br \/>HEINRICH FURENZULA Marie LRE <br \/>PAYET Tessy LRE<\/p>\n<p><strong>U19 &#8211; Vitesse<\/strong><br \/>1. MICHAUD Flavie BRETAGNE<br \/>2. GRONDIN L\u00e9a LA REUNION<br \/>3. MANGIN Cl\u00e9mence HAUTS DE FRANCE<br \/>4. PHILIPPE Eva BRETAGNE<br \/>5. SCHAVITS Louise NOUVELLE CALEDONIE<br \/>6. HEINRICH FURENZULA Marie LA REUNION<br \/>7. FAMIN HATON Louane SUD-PROVENCE-ALPES-COTE D&rsquo;AZUR<\/p>\n<p><strong>U15\/U17 &#8211; Poursuite Individuelle<\/strong><br \/>1. MONNIER Dorine AUVERGNE-RHONE-ALPES 3&rsquo;42.274\u00a0\u00bb<br \/>2. SIGALAS Aziliz CENTRE VAL DE LOIRE 3&rsquo;45.536\u00a0\u00bb<br \/>3. PRIOUL Romane NORMANDIE 3&rsquo;47.685\u00a0\u00bb<br \/>4. SIMON Il\u00e9na BRETAGNE 3&rsquo;49.202\u00a0\u00bb<br \/>5. BOULOT Lena BRETAGNE 3&rsquo;49.977\u00a0\u00bb<br \/>6. DOUGE Maelys NOUVELLE AQUITAINE 3&rsquo;59.080\u00a0\u00bb<br \/>7. DUCHEMIN Marion PAYS DE LA LOIRE 4&rsquo;00.294\u00a0\u00bb<br \/>8. BAREYT Charline NOUVELLE AQUITAINE 4&rsquo;01.790\u00a0\u00bb<br \/>9. DOUTE Salom\u00e9 GRAND EST 4&rsquo;06.542\u00a0\u00bb<br \/>10. TROBRILLANT BALTA Maelie ILES DE LA GUADELOUPE 4&rsquo;32.353\u00a0\u00bb<\/p>\n<p>Source :\u00a0<a href=\"https:\/\/les5e-resultats.fr\/\" target=\"_blank\" rel=\"noopener\">les5e-resultats.fr<\/a><\/p>\n","protected":false},"excerpt":{"rendered":"Le Championnat de France Piste de l&rsquo;Avenir se dispute du mercredi 29 octobre au dimanche 2 novembre sur&hellip;\n","protected":false},"author":2,"featured_media":498456,"comment_status":"","ping_status":"","sticky":false,"template":"","format":"standard","meta":{"footnotes":""},"categories":[1411],"tags":[834,828,836,829,837,827,83,826,824,823,1154,207,814,817,815,816,822,821,832,211,839,1011,27,820,818,819,835,831,830,833,838,60,212,208,825],"class_list":{"0":"post-498455","1":"post","2":"type-post","3":"status-publish","4":"format-standard","5":"has-post-thumbnail","7":"category-cyclisme","8":"tag-attaque","9":"tag-belgique","10":"tag-braquet","11":"tag-bretagne","12":"tag-chute","13":"tag-competition","14":"tag-coupe-de-france","15":"tag-coureur","16":"tag-course-cyclisme","17":"tag-course-cycliste","18":"tag-cycling","19":"tag-cyclisme","20":"tag-direct","21":"tag-direct-velo","22":"tag-directvelo","23":"tag-directvelo-com","24":"tag-epreuve","25":"tag-epreuve-cycliste","26":"tag-federation-francaise-de-cyclisme","27":"tag-ffc","28":"tag-flandres","29":"tag-fr","30":"tag-france","31":"tag-live","32":"tag-live-course","33":"tag-live-epreuve","34":"tag-peloton","35":"tag-radio-peloton","36":"tag-radio-tour","37":"tag-ravitaillement","38":"tag-relance","39":"tag-sports","40":"tag-uci","41":"tag-velo","42":"tag-velos"},"share_on_mastodon":{"url":"https:\/\/pubeurope.com\/@fr\/115459412767187468","error":""},"_links":{"self":[{"href":"https:\/\/www.europesays.com\/fr\/wp-json\/wp\/v2\/posts\/498455","targetHints":{"allow":["GET"]}}],"collection":[{"href":"https:\/\/www.europesays.com\/fr\/wp-json\/wp\/v2\/posts"}],"about":[{"href":"https:\/\/www.europesays.com\/fr\/wp-json\/wp\/v2\/types\/post"}],"author":[{"embeddable":true,"href":"https:\/\/www.europesays.com\/fr\/wp-json\/wp\/v2\/users\/2"}],"replies":[{"embeddable":true,"href":"https:\/\/www.europesays.com\/fr\/wp-json\/wp\/v2\/comments?post=498455"}],"version-history":[{"count":0,"href":"https:\/\/www.europesays.com\/fr\/wp-json\/wp\/v2\/posts\/498455\/revisions"}],"wp:featuredmedia":[{"embeddable":true,"href":"https:\/\/www.europesays.com\/fr\/wp-json\/wp\/v2\/media\/498456"}],"wp:attachment":[{"href":"https:\/\/www.europesays.com\/fr\/wp-json\/wp\/v2\/media?parent=498455"}],"wp:term":[{"taxonomy":"category","embeddable":true,"href":"https:\/\/www.europesays.com\/fr\/wp-json\/wp\/v2\/categories?post=498455"},{"taxonomy":"post_tag","embeddable":true,"href":"https:\/\/www.europesays.com\/fr\/wp-json\/wp\/v2\/tags?post=498455"}],"curies":[{"name":"wp","href":"https:\/\/api.w.org\/{rel}","templated":true}]}}