{"id":498459,"date":"2025-10-29T20:47:10","date_gmt":"2025-10-29T20:47:10","guid":{"rendered":"https:\/\/www.europesays.com\/fr\/498459\/"},"modified":"2025-10-29T20:47:10","modified_gmt":"2025-10-29T20:47:10","slug":"segolene-royal-met-en-garde-nicolas-sarkozy-derriere-les-barreaux-eh-bien-vous-devriez","status":"publish","type":"post","link":"https:\/\/www.europesays.com\/fr\/498459\/","title":{"rendered":"S\u00e9gol\u00e8ne Royal met en garde Nicolas Sarkozy derri\u00e8re les barreaux : \u00ab\u00a0Eh bien, vous devriez\u2026\u00a0\u00bb"},"content":{"rendered":"<p>Par <a class=\"author_recette\" id=\"author_name\" href=\"https:\/\/www.nextplz.fr\/auteur\/jason-mathurin\" target=\"_blank\" rel=\"noopener\">Jason<br \/>\nMathurin<\/a> &#8211;<br \/>\nPubli\u00e9 le 29 Oct 2025 \u00e0<br \/>\n16:30<\/p>\n<p class=\"article-intro excerpt\">Adversaire de Nicolas Sarkozy en<br \/>\n2007, S\u00e9gol\u00e8ne Royal n\u2019a pas toujours sa langue dans sa poche. Y<br \/>\ncompris pour l\u2019ancien pr\u00e9sident fran\u00e7ais\u2026<\/p>\n<p>S\u00e9gol\u00e8ne Royal fait de nouveau parler d\u00a0\u00bbelle. L&rsquo;ancienne<br \/>\ncandidate \u00e0 la pr\u00e9sidentielle et ex-compagne de Fran\u00e7ois Hollande a<br \/>\nfait une annonce pour le moins folle. Plus de 10 ans apr\u00e8s<br \/>\nMerci pour ce moment, l&rsquo;essai autobiographique de Val\u00e9rie<br \/>\nTrierweiler, ex-Premi\u00e8re dame, l&rsquo;ancienne chroniqueuse politique de<br \/>\nTPMP a d\u00e9cid\u00e9 de sortir son propre ouvrage. Un ouvrage au titre<br \/>\ntout aussi \u00e9vocateur et sarcastique : Mais qui va garder les<br \/>\nenfants ? Et on se le demande bien&#8230; <a href=\"https:\/\/www.nextplz.fr\/people\/513187-segolene-royal-revele-que-cette-chanteuse-des-annees-2000-a-ete-la-baby-sitter-de-sa-fille-jen-garde-un-super-souvenir\" target=\"_blank\" rel=\"noopener\"><br \/>\nCelle qui a eu Coralie des L5 pour baby-sitter<\/a> a <strong>de<br \/>\nnouveaux b\u00e9b\u00e9s sous les bras<\/strong>. \u00c0 savoir, la sortie de son<br \/>\nlivre, mais aussi sa possible course \u00e0 la primaire de la gauche en<br \/>\n2027 !<\/p>\n<p>S\u00e9gol\u00e8ne<br \/>\nRoyal candidate \u00e0 la pr\u00e9sidentielle de 2027 ?<\/p>\n<p>\u00ab\u00a0Oui, je pourrais participer \u00e0 une primaire de la gauche,<br \/>\nbien s\u00fbr\u00a0\u00bb, a dit tout de go S\u00e9gol\u00e8ne Royal, ce mercredi 29<br \/>\noctobre 2025 sur France 2. Une nouvelle qui va faire s&rsquo;en mordre<br \/>\nles doigts \u00e0 ses anciens concurrents, <strong>qui la pensaient bel<br \/>\net bien enterr\u00e9e en politique<\/strong>. D&rsquo;autant qu&rsquo;\u00e0 ses d\u00e9buts,<br \/>\nd\u00e9j\u00e0, elle \u00e9tait moqu\u00e9e, car maman de quatre enfants. Thomas,<br \/>\nCl\u00e9mence, Julien et Flora. \u00ab\u00a0Les qualit\u00e9s que l\u2019on pr\u00eate \u00e0<br \/>\nl\u2019amour maternel \u2013 vigilance, patience, constance, exigence \u2014 sont<br \/>\npr\u00e9cis\u00e9ment celles que les citoyens inquiets attendent aujourd\u2019hui<br \/>\nde leurs dirigeants\u00a0\u00bb, a dit celle qui s&rsquo;attaque au<br \/>\n\u00ab\u00a0virilisme toxique\u00a0\u00bb. C&rsquo;est donc en m\u00e8re louve que S\u00e9gol\u00e8ne<br \/>\nRoyal se place en ce dernier trimestre de l&rsquo;ann\u00e9e 2025.<\/p>\n<p>\u00ab\u00a0Oui, bien s\u00fbr, je pourrais me pr\u00e9senter \u00e0 la primaire de la<br \/>\ngauche\u00a0\u00bb<\/p>\n<p>Le mois d&rsquo;octobre a aussi vu le d\u00e9but de la peine purg\u00e9e par<br \/>\nl&rsquo;ancien pr\u00e9sident et concurrent de S\u00e9gol\u00e8ne Royal, Nicolas<br \/>\nSarkozy. <a href=\"https:\/\/www.nextplz.fr\/people\/513151-nicolas-sarkozy-en-prison-a-priori-il-ne-veut-pas-sortir-pascal-praud-fait-des-revelations-etonnantes\" target=\"_blank\" rel=\"noopener\"><br \/>\nUne incarc\u00e9ration qui a grandement fait r\u00e9agir<\/a> l&rsquo;opinion<br \/>\npublique. Avec d&rsquo;un c\u00f4t\u00e9, ceux qui saluent l&rsquo;exemplarit\u00e9, estimant<br \/>\nque m\u00eame un pr\u00e9sident de la R\u00e9publique ne devrait pas passer entre<br \/>\nles mailles du filet. Et de l&rsquo;autre, ceux qui lui donnent le bon<br \/>\nDieu sans confession et qui estiment <strong>que l&rsquo;\u00e9poux de Carla<br \/>\nBruni a \u00e9t\u00e9 injustement condamn\u00e9<\/strong>. Quoi qu&rsquo;il en soit,<br \/>\nS\u00e9gol\u00e8ne Royal a eu des mots sans \u00e9quivoque pour son homologue et<br \/>\nancien adversaire politique.<\/p>\n<p>Ses mots \u00e0 son<br \/>\nancien adversaire, Nicolas Sarkozy<\/p>\n<p>Convi\u00e9e sur le plateau de BFMTV le 25 octobre dernier, S\u00e9gol\u00e8ne<br \/>\nRoyal a \u00e9t\u00e9 <strong>invit\u00e9e \u00e0 adresser des mots \u00e0 Nicolas<br \/>\nSarkozy<\/strong>. Ce, dans le cadre de son incarc\u00e9ration suite \u00e0<br \/>\nl&rsquo;affaire des soup\u00e7ons de financement libyen dans la campagne<br \/>\npr\u00e9sidentielle qui l&rsquo;a rendu victorieux face \u00e0 sa plus s\u00e9rieuse<br \/>\nrivale. \u00ab\u00a0Eh bien, je lui dirai que s&rsquo;il reste habit\u00e9 par son<br \/>\nancienne fonction de pr\u00e9sident de la R\u00e9publique, il y aurait un<br \/>\ncertain panache \u00e0 accepter la d\u00e9cision de l&rsquo;autorit\u00e9<br \/>\njudiciaire\u00a0\u00bb. Si elle conc\u00e8de d&rsquo;avoir c\u00e9d\u00e9 \u00ab\u00a0sous le coup de<br \/>\nl&rsquo;\u00e9motion\u00a0\u00bb, elle estime qu&rsquo;il devrait \u00ab\u00a0prendre acte\u00a0\u00bb<br \/>\net respecter l&rsquo;un des rares piliers de la d\u00e9mocratie encore solide,<br \/>\n\u00e0 savoir, la justice. Elle le met aussi en garde de <strong>faire<br \/>\nappel,<\/strong> rappelant que cela peut \u00eatre<br \/>\n<strong>\u00ab\u00a0dangereux, car les peines peuvent \u00eatre<br \/>\naggrav\u00e9es\u00a0\u00bb<\/strong>, s&rsquo;il n&rsquo;est pas en mesure de se<br \/>\ndisculper.<\/p>\n","protected":false},"excerpt":{"rendered":"Par Jason Mathurin &#8211; Publi\u00e9 le 29 Oct 2025 \u00e0 16:30 Adversaire de Nicolas Sarkozy en 2007, S\u00e9gol\u00e8ne&hellip;\n","protected":false},"author":2,"featured_media":498460,"comment_status":"","ping_status":"","sticky":false,"template":"","format":"standard","meta":{"footnotes":""},"categories":[1359],"tags":[21303,58,59,1011,27,29017,973],"class_list":{"0":"post-498459","1":"post","2":"type-post","3":"status-publish","4":"format-standard","5":"has-post-thumbnail","7":"category-people","8":"tag-buzz_nonli","9":"tag-divertissement","10":"tag-entertainment","11":"tag-fr","12":"tag-france","13":"tag-nonli_nextplz","14":"tag-people"},"share_on_mastodon":{"url":"https:\/\/pubeurope.com\/@fr\/115459420668959780","error":""},"_links":{"self":[{"href":"https:\/\/www.europesays.com\/fr\/wp-json\/wp\/v2\/posts\/498459","targetHints":{"allow":["GET"]}}],"collection":[{"href":"https:\/\/www.europesays.com\/fr\/wp-json\/wp\/v2\/posts"}],"about":[{"href":"https:\/\/www.europesays.com\/fr\/wp-json\/wp\/v2\/types\/post"}],"author":[{"embeddable":true,"href":"https:\/\/www.europesays.com\/fr\/wp-json\/wp\/v2\/users\/2"}],"replies":[{"embeddable":true,"href":"https:\/\/www.europesays.com\/fr\/wp-json\/wp\/v2\/comments?post=498459"}],"version-history":[{"count":0,"href":"https:\/\/www.europesays.com\/fr\/wp-json\/wp\/v2\/posts\/498459\/revisions"}],"wp:featuredmedia":[{"embeddable":true,"href":"https:\/\/www.europesays.com\/fr\/wp-json\/wp\/v2\/media\/498460"}],"wp:attachment":[{"href":"https:\/\/www.europesays.com\/fr\/wp-json\/wp\/v2\/media?parent=498459"}],"wp:term":[{"taxonomy":"category","embeddable":true,"href":"https:\/\/www.europesays.com\/fr\/wp-json\/wp\/v2\/categories?post=498459"},{"taxonomy":"post_tag","embeddable":true,"href":"https:\/\/www.europesays.com\/fr\/wp-json\/wp\/v2\/tags?post=498459"}],"curies":[{"name":"wp","href":"https:\/\/api.w.org\/{rel}","templated":true}]}}