{"id":498499,"date":"2025-10-29T21:10:10","date_gmt":"2025-10-29T21:10:10","guid":{"rendered":"https:\/\/www.europesays.com\/fr\/498499\/"},"modified":"2025-10-29T21:10:10","modified_gmt":"2025-10-29T21:10:10","slug":"cetait-quoi-ces-etranges-flashs-lumineux-apercus-dans-le-ciel-pres-de-rouen","status":"publish","type":"post","link":"https:\/\/www.europesays.com\/fr\/498499\/","title":{"rendered":"C&rsquo;\u00e9tait quoi ces \u00e9tranges flashs lumineux aper\u00e7us dans le ciel pr\u00e8s de Rouen\u00a0?"},"content":{"rendered":"<p>            Par<br \/>\n        <strong><br \/>\n            <a href=\"https:\/\/actu.fr\/auteur\/adrien-filoche\" title=\"Consulter tous les articles de Adrien Filoche\" rel=\"nofollow noopener\" target=\"_blank\">Adrien Filoche<\/a><br \/>\n        <\/strong><\/p>\n<p>        Publi\u00e9 le<\/p>\n<p>            29 oct. 2025 \u00e0 20h53        <\/p>\n<p><strong>Mais d\u2019o\u00f9 viennent-ils\u2009?<\/strong> De myst\u00e9rieux<strong> flashs lumineux<\/strong> ont \u00e9t\u00e9 aper\u00e7us la nuit dans le ciel dans le secteur de <a href=\"https:\/\/actu.fr\/normandie\/grand-couronne_76319\" rel=\"nofollow noopener\" target=\"_blank\">Grand-Couronne (Seine-Maritime)<\/a>, pr\u00e8s de <strong>Rouen<\/strong>. Dans une publication Facebook sur la page <a href=\"https:\/\/www.facebook.com\/reel\/1718515015455494?locale=fr_FR\" rel=\"nofollow noopener\" target=\"_blank\">\u00ab\u2009J\u2019aime Grand-Couronne\u2009\u00bb<\/a> du 27\u00a0octobre 2025, des internautes se questionnent sur l\u2019origine de ces <strong>puissantes lumi\u00e8res<\/strong> qui ont \u00e9clair\u00e9 le ciel. M\u00eame interrogations dans d\u2019autres groupes communautaires sur le r\u00e9seau social, notamment dans le secteur d\u2019Elbeuf.<\/p>\n<p>Des flashs qui proviennent de l\u2019antenne des Essarts<\/p>\n<p class=\" wall-content\">Selon certains internautes, les flashs provenaient de <a href=\"https:\/\/actu.fr\/normandie\/grand-couronne_76319\/c-est-quoi-cette-antenne-geante-qu-on-apercoit-a-l-entree-de-rouen-au-niveau-des-essarts_60924552.html\" rel=\"nofollow noopener\" target=\"_blank\">l\u2019antenne des Essarts<\/a>. Mais ils semblaient alors plut\u00f4t inhabituels. S\u2019agit-il d\u2019un dysfonctionnement\u2009?<\/p>\n<p class=\" wall-content\">Interrog\u00e9 par 76actu, T\u00e9l\u00e9diffusion de France (TDF), qui g\u00e8re l\u2019antenne des Essarts, a missionn\u00e9 des agents pour investiguer sur l\u2019origine de ces flashs aper\u00e7us pendant la nuit.<\/p>\n<p class=\" wall-content\">Finalement, la r\u00e9ponse \u00e0 notre question est tomb\u00e9e. \u00ab\u2009L\u2019antenne poss\u00e8de un syst\u00e8me de signalisation pour l\u2019aviation. Celui-ci s\u2019est activ\u00e9 la nuit alors qu\u2019il ne le devait pas\u2009\u00bb, explique la communication de TDF. Les \u00e9quipes techniques ont proc\u00e9d\u00e9 \u00e0 un ajustement, r\u00e9glant ce dysfonctionnement temporaire.<\/p>\n<p>Suivez l\u2019actualit\u00e9 de Rouen sur <a href=\"https:\/\/www.whatsapp.com\/channel\/0029VaKfnf99hXF2ddApFB1D\" rel=\"nofollow noopener\" target=\"_blank\">notre cha\u00eene WhatsApp<\/a> et sur <a href=\"https:\/\/www.tiktok.com\/@76actu.fr?lang=fr\" rel=\"nofollow noopener\" target=\"_blank\">notre compte TikTok<\/a><\/p>\n<p class=\" wall-content\">Personnalisez votre actualit\u00e9 en ajoutant vos villes et m\u00e9dias en favori avec <a href=\"https:\/\/moncompte.actu.fr\" title=\"D\u00e9couvez Mon Actu\" rel=\"nofollow noopener\" data-trk=\"{&quot;cta&quot;:{&quot;action&quot;:&quot;https:\\\/\\\/moncompte.actu.fr&quot;,&quot;category&quot;:&quot;mon compte&quot;,&quot;from&quot;:&quot;article footer&quot;,&quot;name&quot;:&quot;Mon actu&quot;,&quot;type&quot;:&quot;cta&quot;}}\" target=\"_blank\">Mon Actu<\/a>.<\/p>\n<p>                    <script async src=\"\/\/www.tiktok.com\/embed.js\"><\/script><\/p>\n","protected":false},"excerpt":{"rendered":"Par Adrien Filoche Publi\u00e9 le 29 oct. 2025 \u00e0 20h53 Mais d\u2019o\u00f9 viennent-ils\u2009? De myst\u00e9rieux flashs lumineux ont&hellip;\n","protected":false},"author":2,"featured_media":498500,"comment_status":"","ping_status":"","sticky":false,"template":"","format":"standard","meta":{"footnotes":""},"categories":[9587],"tags":[1111,11,1777,674,1011,27,1757,12,5161,25,9590,104],"class_list":{"0":"post-498499","1":"post","2":"type-post","3":"status-publish","4":"format-standard","5":"has-post-thumbnail","7":"category-rouen","8":"tag-actu","9":"tag-actualites","10":"tag-eu","11":"tag-europe","12":"tag-fr","13":"tag-france","14":"tag-insolite","15":"tag-news","16":"tag-normandie","17":"tag-republique-francaise","18":"tag-rouen","19":"tag-societe"},"share_on_mastodon":{"url":"https:\/\/pubeurope.com\/@fr\/115459511105614094","error":""},"_links":{"self":[{"href":"https:\/\/www.europesays.com\/fr\/wp-json\/wp\/v2\/posts\/498499","targetHints":{"allow":["GET"]}}],"collection":[{"href":"https:\/\/www.europesays.com\/fr\/wp-json\/wp\/v2\/posts"}],"about":[{"href":"https:\/\/www.europesays.com\/fr\/wp-json\/wp\/v2\/types\/post"}],"author":[{"embeddable":true,"href":"https:\/\/www.europesays.com\/fr\/wp-json\/wp\/v2\/users\/2"}],"replies":[{"embeddable":true,"href":"https:\/\/www.europesays.com\/fr\/wp-json\/wp\/v2\/comments?post=498499"}],"version-history":[{"count":0,"href":"https:\/\/www.europesays.com\/fr\/wp-json\/wp\/v2\/posts\/498499\/revisions"}],"wp:featuredmedia":[{"embeddable":true,"href":"https:\/\/www.europesays.com\/fr\/wp-json\/wp\/v2\/media\/498500"}],"wp:attachment":[{"href":"https:\/\/www.europesays.com\/fr\/wp-json\/wp\/v2\/media?parent=498499"}],"wp:term":[{"taxonomy":"category","embeddable":true,"href":"https:\/\/www.europesays.com\/fr\/wp-json\/wp\/v2\/categories?post=498499"},{"taxonomy":"post_tag","embeddable":true,"href":"https:\/\/www.europesays.com\/fr\/wp-json\/wp\/v2\/tags?post=498499"}],"curies":[{"name":"wp","href":"https:\/\/api.w.org\/{rel}","templated":true}]}}