{"id":49850,"date":"2025-04-24T18:52:11","date_gmt":"2025-04-24T18:52:11","guid":{"rendered":"https:\/\/www.europesays.com\/fr\/49850\/"},"modified":"2025-04-24T18:52:11","modified_gmt":"2025-04-24T18:52:11","slug":"son-happening-tourne-mal-un-candidat-aux-municipales-maitrise-par-la-police-place-bellecour","status":"publish","type":"post","link":"https:\/\/www.europesays.com\/fr\/49850\/","title":{"rendered":"son happening tourne mal, un candidat aux municipales ma\u00eetris\u00e9 par la police place Bellecour"},"content":{"rendered":"<p>Lyon : son happening tourne mal, un candidat aux municipales interpell\u00e9 place Bellecour &#8211; LyonMag<\/p>\n<p itemprop=\"description\"><strong>Ce jeudi apr\u00e8s-midi, la conf\u00e9rence de presse de la Ville de Lyon pour pr\u00e9senter le lancement de l&rsquo;installation de <a href=\"https:\/\/www.lyonmag.com\/article\/143492\/lyon-le-montage-de-l-oeuvre-ephemere-a-1-6-million-d-euros-debute-place-bellecour\" target=\"_blank\" rel=\"noopener\">l&rsquo;oeuvre Tissage Urbain<\/a> avait fuit\u00e9.<\/strong><\/p>\n<p>Car outre les D\u00e9fenseurs de Lyon et du Grand Lyon qui manifestaient place Bellecour, le candidat aux municipales Edouard Hoffmann a \u00e9galement r\u00e9alis\u00e9 un happening pour interpeller les \u00e9cologistes.<\/p>\n<p>V\u00e9h\u00e9ment, reprochant \u00e0 la 1\u00e8re adjointe au maire de Lyon <a href=\"https:\/\/www.lyonmag.com\/profil-personnalite-lyonnaise\/552\/audrey-henocque\" target=\"_blank\" rel=\"noopener\">Audrey H\u00e9nocque<\/a> de ne l&rsquo;avoir jamais re\u00e7u malgr\u00e9 ses demandes r\u00e9p\u00e9t\u00e9es, le contributeur principal de la page Facebook SaccageLyon a \u00e9t\u00e9 ceintur\u00e9 par des collaborateurs de la Ville de Lyon avant d&rsquo;\u00eatre ma\u00eetris\u00e9 et \u00e9loign\u00e9 par des agents de la police municipale. Il faisait \u00e9galement r\u00e9f\u00e9rence au tag \u00ab\u00a0Palestine vaincra !\u00a0\u00bb r\u00e9alis\u00e9 sur la fa\u00e7ade d&rsquo;un immeuble de la place Bellecour : \u00ab\u00a0Enlevez moi ce tag !\u00a0\u00bb, hurlait-il.<\/p>\n<p>A noter \u00e9galement la pr\u00e9sence \u00e0 la conf\u00e9rence de presse de pr\u00e9sentation de l&rsquo;oeuvre d&rsquo;art Tissage Urbain du maire LR du 2e arrondissement <a href=\"https:\/\/www.lyonmag.com\/profil-personnalite-lyonnaise\/512\/pierre-oliver\" target=\"_blank\" rel=\"noopener\">Pierre Oliver<\/a>, qui a choisi de tourner autour de la place Bellecour en trottinette&#8230;<\/p>\n<p>Un vrai cirque !<\/p>\n<p>Dans un communiqu\u00e9, <a href=\"https:\/\/www.lyonmag.com\/profil-personnalite-lyonnaise\/504\/gregory-doucet\" target=\"_blank\" rel=\"noopener\">Gr\u00e9gory Doucet<\/a> a condamn\u00e9 \u00ab\u00a0avec la plus grande fermet\u00e9 le comportement violent et indigne d\u2019\u00c9douard Hoffmann \u00e0 l\u2019encontre d\u2019Audrey H\u00e9nocque, premi\u00e8re adjointe de la Ville de Lyon, lors d\u2019un d\u00e9placement ce jour sur la place Bellecour. S\u2019attaquer \u00e0 une \u00e9lue de la R\u00e9publique en raison de son engagement est une atteinte inacceptable aux valeurs d\u00e9mocratiques et r\u00e9publicaines. Aucun \u00e9lu de la R\u00e9publique ne doit subir de telles intimidations\u00a0\u00bb.<\/p>\n<blockquote class=\"twitter-tweet\"><p>&#13;<\/p>\n<p dir=\"ltr\" lang=\"fr\">Un candidat aux municipales maitris\u00e9 par la police \u00e0 Lyon ! \u00c9douard Hoffman (SaccageLyon) tente d\u2019interpeller la 1\u00e8re adjointe Audrey H\u00e9nocque sous pr\u00e9texte qu\u2019elle refuse de le recevoir <a href=\"https:\/\/t.co\/JuQhDkeRAN\">pic.twitter.com\/JuQhDkeRAN<\/a><\/p>\n<p>&#13;<br \/>\n\u2014 Lyon Mag (@lyonmag) <a href=\"https:\/\/twitter.com\/lyonmag\/status\/1915401527881068959?ref_src=twsrc%5Etfw\" target=\"_blank\" rel=\"noopener\">April 24, 2025<\/a><\/p><\/blockquote>\n<p>\t\t  <script async src=\"https:\/\/platform.twitter.com\/widgets.js\" charset=\"utf-8\"><\/script><\/p>\n","protected":false},"excerpt":{"rendered":"Lyon : son happening tourne mal, un candidat aux municipales interpell\u00e9 place Bellecour &#8211; LyonMag Ce jeudi apr\u00e8s-midi,&hellip;\n","protected":false},"author":2,"featured_media":49851,"comment_status":"","ping_status":"","sticky":false,"template":"","format":"standard","meta":{"footnotes":""},"categories":[4],"tags":[1111,11,2813,2190,1109,251,1112,2811,118,1011,27,1922,1110,1114,2428,2810,12,241,316,25,2812,517,800],"class_list":{"0":"post-49850","1":"post","2":"type-post","3":"status-publish","4":"format-standard","5":"has-post-thumbnail","7":"category-france","8":"tag-actu","9":"tag-actualites","10":"tag-article","11":"tag-asvel","12":"tag-breves","13":"tag-culture","14":"tag-depeches","15":"tag-economique","16":"tag-faits-divers","17":"tag-fr","18":"tag-france","19":"tag-info","20":"tag-informations","21":"tag-infos","22":"tag-lyon","23":"tag-lyonmag","24":"tag-news","25":"tag-ol","26":"tag-politique","27":"tag-republique-francaise","28":"tag-sociale","29":"tag-sport","30":"tag-transports"},"share_on_mastodon":{"url":"https:\/\/pubeurope.com\/@fr\/114394454079697099","error":""},"_links":{"self":[{"href":"https:\/\/www.europesays.com\/fr\/wp-json\/wp\/v2\/posts\/49850","targetHints":{"allow":["GET"]}}],"collection":[{"href":"https:\/\/www.europesays.com\/fr\/wp-json\/wp\/v2\/posts"}],"about":[{"href":"https:\/\/www.europesays.com\/fr\/wp-json\/wp\/v2\/types\/post"}],"author":[{"embeddable":true,"href":"https:\/\/www.europesays.com\/fr\/wp-json\/wp\/v2\/users\/2"}],"replies":[{"embeddable":true,"href":"https:\/\/www.europesays.com\/fr\/wp-json\/wp\/v2\/comments?post=49850"}],"version-history":[{"count":0,"href":"https:\/\/www.europesays.com\/fr\/wp-json\/wp\/v2\/posts\/49850\/revisions"}],"wp:featuredmedia":[{"embeddable":true,"href":"https:\/\/www.europesays.com\/fr\/wp-json\/wp\/v2\/media\/49851"}],"wp:attachment":[{"href":"https:\/\/www.europesays.com\/fr\/wp-json\/wp\/v2\/media?parent=49850"}],"wp:term":[{"taxonomy":"category","embeddable":true,"href":"https:\/\/www.europesays.com\/fr\/wp-json\/wp\/v2\/categories?post=49850"},{"taxonomy":"post_tag","embeddable":true,"href":"https:\/\/www.europesays.com\/fr\/wp-json\/wp\/v2\/tags?post=49850"}],"curies":[{"name":"wp","href":"https:\/\/api.w.org\/{rel}","templated":true}]}}