{"id":498505,"date":"2025-10-29T21:13:37","date_gmt":"2025-10-29T21:13:37","guid":{"rendered":"https:\/\/www.europesays.com\/fr\/498505\/"},"modified":"2025-10-29T21:13:37","modified_gmt":"2025-10-29T21:13:37","slug":"debat-selon-vous-le-rc-vannes-reussira-t-il-a-remplir-le-roazhon-park-pour-le-choc-contre-grenoble","status":"publish","type":"post","link":"https:\/\/www.europesays.com\/fr\/498505\/","title":{"rendered":"D\u00c9BAT &#8211; Selon vous, le RC Vannes r\u00e9ussira-t-il \u00e0 remplir le Roazhon Park pour le choc contre Grenoble\u00a0?"},"content":{"rendered":"<p class=\"tlg-author\">\n                Par<br \/>\n                Le T\u00e9l\u00e9gramme<\/p>\n<p>Le 29 octobre 2025 \u00e0 15h13<\/p>\n<p class=\"tlg-h5\">Le RC Vannes va recevoir Grenoble \u00e0 Rennes, le dimanche 16\u00a0novembre \u00e0 21\u00a0h, pour le choc de la 11e journ\u00e9e de Pro D2. Selon vous, le RCV r\u00e9ussira-t-il \u00e0 remplir les\u00a029\u00a0778 places du Roazhon Park\u00a0?<\/p>\n<p><img fetchpriority=\"high\" decoding=\"async\" src=\"https:\/\/www.europesays.com\/fr\/wp-content\/uploads\/2025\/10\/690220f90ec15563ff0eef93.1.jpeg\" width=\"960\" height=\"600\" class=\"web_golden_xl\" loading=\"eager\" alt=\"Le RC Vannes va vivre, vendredi contre Valence Romans, son 32e match \u00e0 guichets ferm\u00e9s cons\u00e9cutif. La s\u00e9rie se poursuivra-t-elle lors du choc contre Grenoble \u00e0 Rennes\u00a0?\"\/>Le RC Vannes va vivre, vendredi contre Valence Romans, son 32e match \u00e0 guichets ferm\u00e9s cons\u00e9cutif. La s\u00e9rie se poursuivra-t-elle lors du choc contre Grenoble \u00e0 Rennes\u00a0? (Photo Vincent Le Guern)<\/p>\n","protected":false},"excerpt":{"rendered":"Par Le T\u00e9l\u00e9gramme Le 29 octobre 2025 \u00e0 15h13 Le RC Vannes va recevoir Grenoble \u00e0 Rennes, le&hellip;\n","protected":false},"author":2,"featured_media":498506,"comment_status":"","ping_status":"","sticky":false,"template":"","format":"standard","meta":{"footnotes":""},"categories":[9566],"tags":[1111,11,2430,62092,1777,674,1011,27,2731,12,2308,3164,3167,25,479,60,3165],"class_list":{"0":"post-498505","1":"post","2":"type-post","3":"status-publish","4":"format-standard","5":"has-post-thumbnail","7":"category-grenoble","8":"tag-actu","9":"tag-actualites","10":"tag-auvergne-rhone-alpes","11":"tag-bloc-debat-nl-rc-vannes","12":"tag-eu","13":"tag-europe","14":"tag-fr","15":"tag-france","16":"tag-grenoble","17":"tag-news","18":"tag-pro-d2","19":"tag-rc-vannes","20":"tag-rcv","21":"tag-republique-francaise","22":"tag-rugby","23":"tag-sports","24":"tag-vannes"},"share_on_mastodon":{"url":"https:\/\/pubeurope.com\/@fr\/115459523901098073","error":""},"_links":{"self":[{"href":"https:\/\/www.europesays.com\/fr\/wp-json\/wp\/v2\/posts\/498505","targetHints":{"allow":["GET"]}}],"collection":[{"href":"https:\/\/www.europesays.com\/fr\/wp-json\/wp\/v2\/posts"}],"about":[{"href":"https:\/\/www.europesays.com\/fr\/wp-json\/wp\/v2\/types\/post"}],"author":[{"embeddable":true,"href":"https:\/\/www.europesays.com\/fr\/wp-json\/wp\/v2\/users\/2"}],"replies":[{"embeddable":true,"href":"https:\/\/www.europesays.com\/fr\/wp-json\/wp\/v2\/comments?post=498505"}],"version-history":[{"count":0,"href":"https:\/\/www.europesays.com\/fr\/wp-json\/wp\/v2\/posts\/498505\/revisions"}],"wp:featuredmedia":[{"embeddable":true,"href":"https:\/\/www.europesays.com\/fr\/wp-json\/wp\/v2\/media\/498506"}],"wp:attachment":[{"href":"https:\/\/www.europesays.com\/fr\/wp-json\/wp\/v2\/media?parent=498505"}],"wp:term":[{"taxonomy":"category","embeddable":true,"href":"https:\/\/www.europesays.com\/fr\/wp-json\/wp\/v2\/categories?post=498505"},{"taxonomy":"post_tag","embeddable":true,"href":"https:\/\/www.europesays.com\/fr\/wp-json\/wp\/v2\/tags?post=498505"}],"curies":[{"name":"wp","href":"https:\/\/api.w.org\/{rel}","templated":true}]}}