{"id":498507,"date":"2025-10-29T21:14:16","date_gmt":"2025-10-29T21:14:16","guid":{"rendered":"https:\/\/www.europesays.com\/fr\/498507\/"},"modified":"2025-10-29T21:14:16","modified_gmt":"2025-10-29T21:14:16","slug":"des-travaux-prevus-sur-la-ligne-b-du-metro-de-rennes-une-circulation-limitee-debut-novembre","status":"publish","type":"post","link":"https:\/\/www.europesays.com\/fr\/498507\/","title":{"rendered":"Des travaux pr\u00e9vus sur la ligne B du m\u00e9tro de Rennes, une circulation limit\u00e9e d\u00e9but novembre"},"content":{"rendered":"<p>Dimanche 2\u00a0novembre 2025, des travaux seront r\u00e9alis\u00e9s sur le viaduc de la ligne B du m\u00e9tro \u00e0 Rennes (Ille-et-Vilaine). \u00c0 cette occasion, la circulation du m\u00e9tro sera limit\u00e9e \u00e0 une partie de la ligne. Le m\u00e9tro circulera uniquement entre les stations Saint-Jacques Ga\u00eet\u00e9 et Joliot-Curie Chateaubriand, dans les deux sens aux fr\u00e9quences habituelles.<\/p>\n<p><strong>Lire aussi\u00a0:<\/strong> <a href=\"https:\/\/rennes.maville.com\/actu\/actudet_-metro-de-rennes-deux-fois-plus-de-pannes-longues-sur-la-ligne-b-que-sur-la-ligne-a-_7-7039291_actu.Htm\" target=\"_blank\" rel=\"nofollow noopener\">M\u00e9tro de Rennes\u00a0: deux fois plus de pannes longues sur la ligne B que sur la ligne A<\/a><\/p>\n<p>Des bus relais mobilis\u00e9s<\/p>\n<p>Des bus relais assureront la liaison entre Joliot-Curie Chateaubriand et Cesson-Viasilva, sur toute l\u2019amplitude horaire du m\u00e9tro. La fr\u00e9quence de passage sera la suivante\u00a0: toutes les dix minutes entre 12\u00a0h et 21\u00a0h, toutes les 15\u00a0minutes avant 12\u00a0h et apr\u00e8s 21\u00a0h.<\/p>\n<p><strong>Lire aussi\u00a0: <\/strong> <a href=\"https:\/\/rennes.maville.com\/actu\/actudet_-recit.-panne-de-la-ligne-b-retour-sur-les-quatre-saisons-du-metro-rennais-_7-6440495_actu.Htm\" target=\"_blank\" rel=\"nofollow noopener\">R\u00c9CIT. Panne de la ligne B\u00a0: retour sur les quatre saisons du m\u00e9tro rennais<\/a><\/p>\n<p>Le parc relais Cesson-Viasilva sera ferm\u00e9 exceptionnellement. Le parc relais Les Gayeulles, habituellement ferm\u00e9 le dimanche, sera lui ouvert.<\/p>\n<p>\u00a0<\/p>\n","protected":false},"excerpt":{"rendered":"Dimanche 2\u00a0novembre 2025, des travaux seront r\u00e9alis\u00e9s sur le viaduc de la ligne B du m\u00e9tro \u00e0 Rennes&hellip;\n","protected":false},"author":2,"featured_media":498508,"comment_status":"","ping_status":"","sticky":false,"template":"","format":"standard","meta":{"footnotes":""},"categories":[2821],"tags":[1111,11,829,3542,1869,1777,674,1011,27,3052,62093,4047,12,24649,15971,584,25,2086],"class_list":{"0":"post-498507","1":"post","2":"type-post","3":"status-publish","4":"format-standard","5":"has-post-thumbnail","7":"category-rennes","8":"tag-actu","9":"tag-actualites","10":"tag-bretagne","11":"tag-circulation","12":"tag-debut","13":"tag-eu","14":"tag-europe","15":"tag-fr","16":"tag-france","17":"tag-ligne","18":"tag-limitee","19":"tag-metro","20":"tag-news","21":"tag-novembre","22":"tag-prevus","23":"tag-rennes","24":"tag-republique-francaise","25":"tag-travaux"},"share_on_mastodon":{"url":"https:\/\/pubeurope.com\/@fr\/115459527332444678","error":""},"_links":{"self":[{"href":"https:\/\/www.europesays.com\/fr\/wp-json\/wp\/v2\/posts\/498507","targetHints":{"allow":["GET"]}}],"collection":[{"href":"https:\/\/www.europesays.com\/fr\/wp-json\/wp\/v2\/posts"}],"about":[{"href":"https:\/\/www.europesays.com\/fr\/wp-json\/wp\/v2\/types\/post"}],"author":[{"embeddable":true,"href":"https:\/\/www.europesays.com\/fr\/wp-json\/wp\/v2\/users\/2"}],"replies":[{"embeddable":true,"href":"https:\/\/www.europesays.com\/fr\/wp-json\/wp\/v2\/comments?post=498507"}],"version-history":[{"count":0,"href":"https:\/\/www.europesays.com\/fr\/wp-json\/wp\/v2\/posts\/498507\/revisions"}],"wp:featuredmedia":[{"embeddable":true,"href":"https:\/\/www.europesays.com\/fr\/wp-json\/wp\/v2\/media\/498508"}],"wp:attachment":[{"href":"https:\/\/www.europesays.com\/fr\/wp-json\/wp\/v2\/media?parent=498507"}],"wp:term":[{"taxonomy":"category","embeddable":true,"href":"https:\/\/www.europesays.com\/fr\/wp-json\/wp\/v2\/categories?post=498507"},{"taxonomy":"post_tag","embeddable":true,"href":"https:\/\/www.europesays.com\/fr\/wp-json\/wp\/v2\/tags?post=498507"}],"curies":[{"name":"wp","href":"https:\/\/api.w.org\/{rel}","templated":true}]}}