{"id":498509,"date":"2025-10-29T21:15:39","date_gmt":"2025-10-29T21:15:39","guid":{"rendered":"https:\/\/www.europesays.com\/fr\/498509\/"},"modified":"2025-10-29T21:15:39","modified_gmt":"2025-10-29T21:15:39","slug":"en-direct-le-multiplex-de-ligue-1-partie-2-ligue-1-j10-multiplex","status":"publish","type":"post","link":"https:\/\/www.europesays.com\/fr\/498509\/","title":{"rendered":"En direct : le multiplex de Ligue 1 (partie 2) &#8211; Ligue 1 &#8211; J10 &#8211; Multiplex"},"content":{"rendered":"<p>\t\t\t<img decoding=\"async\" loading=\"lazy\" class=\"blason blason-grand\" src=\"https:\/\/www.europesays.com\/fr\/wp-content\/uploads\/2025\/04\/1744060359_779_grande.jpg\"\/> Olympique de Marseille 0-1 Angers SCO <img decoding=\"async\" loading=\"lazy\" class=\"blason blason-grand\" src=\"https:\/\/www.europesays.com\/fr\/wp-content\/uploads\/2025\/04\/1744694118_673_grande.jpg\"\/><\/p>\n<p>But : Ch\u00e9rif (25e) pour le SCO<\/p>\n<p><img decoding=\"async\" loading=\"lazy\" class=\"blason blason-grand\" src=\"https:\/\/www.europesays.com\/fr\/wp-content\/uploads\/2025\/04\/1744621099_337_grande.jpg\"\/> Paris FC 0-1 Olympique lyonnais <img decoding=\"async\" loading=\"lazy\" class=\"blason blason-grand\" src=\"https:\/\/www.europesays.com\/fr\/wp-content\/uploads\/2025\/04\/grande.jpg\"\/><\/p>\n<p>But : Tolisso (5e) pour les Gones<\/p>\n<p><img decoding=\"async\" loading=\"lazy\" class=\"blason blason-grand\" src=\"https:\/\/www.europesays.com\/fr\/wp-content\/uploads\/2025\/04\/1745035705_78_grande.jpg\"\/> FC Nantes 2-2 AS Monaco <img decoding=\"async\" loading=\"lazy\" class=\"blason blason-grand\" src=\"https:\/\/www.europesays.com\/fr\/wp-content\/uploads\/2025\/05\/1746321787_158_grande.jpg\"\/><\/p>\n<p>Buts : Guirassy (19e, 45e+6) pour les Canaris \/\/ Coulibaly (6e) et Balogun (42e) pour l\u2019ASM<\/p>\n<p><img decoding=\"async\" loading=\"lazy\" class=\"blason blason-grand\" src=\"https:\/\/www.europesays.com\/fr\/wp-content\/uploads\/2025\/04\/1744595860_962_grande.jpg\"\/> RC Strasbourg Alsace 0-0 AJ Auxerre <img decoding=\"async\" loading=\"lazy\" class=\"blason blason-grand\" src=\"https:\/\/www.europesays.com\/fr\/wp-content\/uploads\/2025\/10\/1760920353_648_grande.jpg\"\/><\/p>\n<p>\u00a0<\/p>\n<p><img decoding=\"async\" loading=\"lazy\" class=\"blason blason-grand\" src=\"https:\/\/www.europesays.com\/fr\/wp-content\/uploads\/2025\/04\/1744060359_272_grande.jpg\"\/> Toulouse FC 0-0 Stade rennais <img decoding=\"async\" loading=\"lazy\" class=\"blason blason-grand\" src=\"https:\/\/www.europesays.com\/fr\/wp-content\/uploads\/2025\/04\/1744694119_584_grande.jpg\"\/><\/p>\n<p><strong>47\u2032<\/strong> : Et \u00e7a fait direct 0-2 pour le SCO, mais le but est refus\u00e9 pour hors-jeu !! L\u2019OM \u00e9tait \u00e0 deux doigts de couler au retour des vestiaires !!<\/p>\n<p><strong>46\u2032<\/strong> : Zetes pr\u00eats les zamis ?? Parceque c\u2019est reparti au V\u00e9lodrome !<\/p>\n<p><strong>45\u2032 : Doooonc reprenons, c\u2019est d\u00e9sormais la mi-temps partout dans l\u2019Hexagone. Et si personne ne m\u00e8ne \u00e0 domicile, la surprise nous vient des Bouches-du-Rhone, o\u00f9 le SCO d\u2019Angers fait tr\u00e9bucher les Marseillais dans leur antre. Lyon m\u00e8ne logiquement \u00e0 Jean-Bouin, tandis ce Nantes et Monaco se livrent une sacr\u00e9e bataille \u00e0 l\u2019Ouest. Pas de buts \u00e0 Strasbourg et Toulouse\u2026 pour l\u2019instant !<\/strong><\/p>\n<blockquote class=\"twitter-tweet-lazy\" data-width=\"500\" data-dnt=\"true\">\n<p lang=\"fr\" dir=\"ltr\">\u23f1 45\u2019<\/p>\n<p>\u23ef\ufe0f\u00a0\ud835\udde4\ud835\ude02\ud835\uddee\ud835\uddff\ud835\uddee\ud835\uddfb\ud835\ude01\ud835\uddf2-\ud835\uddf0\ud835\uddf6\ud835\uddfb\ud835\uddfe\u00a0\ud835\uddfa\ud835\uddf6\ud835\uddfb\ud835\ude02\ud835\ude01\ud835\uddf2\ud835\ude00\u00a0\ud835\uddf1\ud835\uddf2\u00a0\ud835\uddfe\ud835\ude02\ud835\uddee\ud835\uddf9\ud835\uddf6\ud835\ude01\ud835\uddf2\u0301\u00a0! \ud83d\udc4c<\/p>\n<p>Quelle premi\u00e8re mi-temps des Noir&amp;Blanc qui sont devant \u00e0 la pause ! \ud83d\udcaa <a target=\"_blank\" href=\"https:\/\/t.co\/oaeroa1b8I\" rel=\"nofollow\">pic.twitter.com\/oaeroa1b8I<\/a><\/p>\n<p>\u2014 Angers SCO (@AngersSCO) <a target=\"_blank\" href=\"https:\/\/twitter.com\/AngersSCO\/status\/1983638531684888773?ref_src=twsrc%5Etfw\" rel=\"nofollow noopener\">October 29, 2025<\/a><\/p>\n<\/blockquote>\n<p><strong>45\u2032 : Buuuuut \u00e0 la Beaujoire ! J\u2019\u00e9tais en train de vous dire que c\u2019est la mi-temps partout, mais non ! Un petit village breton r\u00e9siste \u00e0 l\u2019envahisseur mon\u00e9gasque et \u00e9galise dans le temps additionnel de la premi\u00e8re mi-temps !! C\u2019est Guirassy qui \u00e9galise et inscrit un doubl\u00e9 !! Nantes 2-2 Monaco<\/strong><\/p>\n<p><strong>45\u2032<\/strong> : D\u00e9sol\u00e9 de revenir l\u00e0 dessus mais le maillot orange du PFC + le maillot violet du portier lyonnais, on voit vraiment de vilaines choses ce soir dans la capitale. D\u2019ailleurs, l\u2019arbitre renvoie tout le monde se cacher au vestiaire\u2026. c\u2019est la mi-temps !<\/p>\n<p><strong>45\u2032<\/strong> : Bon niveau bronca, peut mieux faire le V\u00e9lodrome hein\u2026 MT \u00e0 Marseille.<\/p>\n<p><strong>45\u2032<\/strong> : Plus de peur que de mal pour Hojberg, qui a cri\u00e9 aussi fort que s\u2019il s\u2019\u00e9tait rompu le tendon d\u2019achille et le ligament crois\u00e9 en m\u00eame temps.<\/p>\n<p><strong>44\u2032 :<\/strong> On veut pas s\u2019avancer, mais \u00e7a risque de gronder tr\u00e8s tr\u00e8s fort au V\u00e9lodrome dans quelques secondes\u2026 Corner \u00e0 suivre pour le SCO<\/p>\n<p><strong>42\u2032 : Buuuuut \u00e0 la Beaujoire sign\u00e9 Balogun pour le plus grand plaisir d\u2019un kop mon\u00e9gasque plus nombreux \u00e0 l\u2019ext\u00e9rieur qu\u2019\u00e0 Louis II !! Nantes 1-2 Monaco<\/strong><\/p>\n<p><strong>40\u2032<\/strong> : Remarque, vous n\u2019avez peut-\u00eatre pas les images, et c\u2019est pour \u00e7a que vous suivez ce live gratoss, bande de pinces !!!<\/p>\n<p><strong>39\u2032<\/strong> : Ils sont lourds, les commentateurs du multiligue1+, non ?<\/p>\n<p><strong>38\u2032<\/strong> : Bon, pas grand chose \u00e0 se mettre sous la dent depuis quelques minutes, \u00e0 part cette frapasse dans le petit filet ext\u00e9rieur de Panichelli, \u00e0 l\u2019instant. Dommage, \u00e7a fait toujours 0-0 \u00e0 la Meinau.<\/p>\n<p><strong>35\u2032<\/strong> : Les commentateurs Ligue 1+ semblent d\u00e9couvrir ce soir le talent de Barco. Faut dire, il fait un paquet de mis\u00e8res \u00e0 la d\u00e9fense auxerroise<\/p>\n<p><strong>33\u2032<\/strong> : Wouaaah l\u2019attentat de Minamino pour se faire justice, qu\u2019est ce que c\u2019est que ce tacle horrible et par derri\u00e8re ?? Carton jaune seulement pour le Japonais, qui s\u2019en sort bien\u2026<\/p>\n<p><strong>31\u2032<\/strong> : La barre transversale pour Gboho au Stadium ! Le slip d\u2019Habib Beye en porte peut-\u00eatre les s\u00e9quelles.<\/p>\n<p><strong>29\u2032<\/strong> : Y\u2019a un nouveau but \u00e0 Jean-Bouin, mais il est refus\u00e9 pour hors-jeu. Et heureusement pour Nkambadio, auteur d\u2019une nouvelle pitrerie, car c\u2019est Morton qui avait doubl\u00e9 la mise pour Lyon.<\/p>\n<p><strong>27\u2032 : Buuut \u00e0 la Beaujoire pour l\u2019ASM ! Qu\u2019est ce que c\u2019est que cette (nouvelle) vilaine sortie d\u2019Antho Lopes ??? Minamino n\u2019a plus qu\u2019\u00e0 pousser dans le but vide, de la t\u00eate. Nantes 1-2 Monaco. Eh bah non, y\u2019a hors-jeu apr\u00e8s utilisation de la VAR pendant 50 minutes !<\/strong><\/p>\n<p><strong>25\u2032 : Et bah voil\u00e0, coup de froid au V\u00e9lodrome !! Et c\u2019est l\u2019oeuvre d\u2019un ado tout juste majeur, Sidiki Ch\u00e9rif !!! OM 0-1 Angers<\/strong><\/p>\n<p><strong>22\u2032 :<\/strong> Ouuuh la belle parade de Koffi pour repousser l\u2019enroul\u00e9 pied droit de Paix\u00e3o ! C\u2019est pourtant le SCO qui semble dominer, mais attention aux contres marseillais !!<\/p>\n<p><strong>20\u2032<\/strong> : Pendant ce temps, Jorko Ikon\u00e9 quitte le multiplex sur blessure\u2026 On dirait bien qu\u2019on lui a port\u00e9 une sacr\u00e9e poisse.<\/p>\n<p><strong>19\u2032 : Et bah le voil\u00e0\u00e0\u00e0\u00e0\u00e0\u00e0\u00e0, le but \u00e0 la Beaujoire !! C\u2019est pour les Nantais cette fois, et c\u2019est l\u2019oeuvre de Guirassy au terme d\u2019un joli mouvement c\u00f4t\u00e9 Canari !!! Nantes 1-1 Monaco<\/strong><\/p>\n<p><strong>18\u2032<\/strong> : Seulement deux petits buts \u00e0 se mettre sous la dent apr\u00e8s bient\u00f4t 20 minutes\u2026 Du nerf, messieurs !<\/p>\n<p><strong>15\u2032<\/strong> : Angers tout proche d\u2019ouvrir le score au V\u00e9lodrome, parait-il\u2026 on n\u2019en sait rien, Ligue 1+ reste scotch\u00e9 sur Mister Turpin<\/p>\n<p><strong>13\u2032<\/strong> : P\u00e9nalty au Stadium !! Ce bon vieux Monsieur Turpin donne son coup de sifflet pr\u00e9f\u00e9r\u00e9 en faveur du T\u00e9f ! La VAR s\u2019active\u2026 Et p\u00e9nalty annul\u00e9 pour une faute de Magri\u2026<\/p>\n<p><strong>10\u2032<\/strong> : Herv\u00e9 Koffi a d\u00e9j\u00e0 beaucoup de boulot au V\u00e9lodrome\u2026 et pour l\u2019instant, \u00e7a tient !<\/p>\n<p><strong>8\u2032<\/strong> : Panichelli r\u00e9clame un p\u00e9nalty dans un stade de la Meinau quasi vide\u2026 y\u2019a rien, dit Monsieur l\u2019arbitre.<\/p>\n<p><strong>7\u2032 : L\u2019enchainement poitrine pied gauche de Coulibaly pour venir donner l\u2019avantage \u00e0 Monaco !! Coup de clim\u2019 \u00e0 la Beaujoire\u2026<\/strong><\/p>\n<p>6\u2032 : Cela dit, c\u2019est bien fait pour le PFC au vu de ce maillot ignoble\u2026 Et peu importe que ce soit l\u2019\u00e9dition Halloween !!!<\/p>\n<p><strong>5\u2032 : Et le premier but de la soir\u00e9e est pour l\u2019OL et Corentin Tolisso !! Le capitaine vient ajuster Nkambadio apr\u00e8s un vilain placement de la d\u00e9fense parisienne !\u00a0<\/strong><\/p>\n<p><strong>2\u2032<\/strong> : \u00c0 noter que le Nantes-Monaco n\u2019est pas sur Ligue 1+\u2026 fort heureusement, j\u2019ai aussi les codes Bein : elle est pas belle la vie ?<\/p>\n<p><strong>21h05 : Ahhhh, on y est ! C\u2019est parti sur toutes les pelouses !!<\/strong><\/p>\n<p><strong>21h03<\/strong> : Dites, ils vont pas nous sucrer le d\u00e9but de notre multi de 21h quand m\u00eame Ligue 1+ avec leurs pubs, l\u00e0 ?!<\/p>\n<p><strong>21h<\/strong> : Mais revenons-en \u00e0 nous moutons ! Les coups d\u2019envoi du deuxi\u00e8me round, c\u2019est \u00e0 21h05 ! Vous le voyez dans quel stade, LE match le plus prolifique ce soir ?<\/p>\n<p><strong>20h57<\/strong> : Cela dit, quelle fin de match \u00e0 Saint-Symphorien ! Le combo doubl\u00e9 + carton rouge de Hein, on l\u2019avait pas vu venir\u2026<\/p>\n<p><strong>20h50<\/strong> : On ne vous cachera pas que si le multi de 21h pouvait \u00eatre un tout petit peu plus spectaculaire que celui de 19h, on dit pas non !<\/p>\n<p><strong>20h45 :<\/strong> HB justement, plus que jamais sur la sellette, misera sur ces 11 bonshommes pour sauver sa t\u00eate<\/p>\n<blockquote class=\"twitter-tweet-lazy\" data-width=\"500\" data-dnt=\"true\">\n<p lang=\"fr\" dir=\"ltr\">\u21b3 \u1d0d\u1d00\u1d1b\u1d04\u029c \u1d04\u1d07\u0274\u1d1b\u1d07\u0280 \ud83d\udcc1<\/p>\n<p>D\u00e9couvrez le \ud835\uddeb\ud835\udddc align\u00e9 par Habib Beye pour d\u00e9fier le T\u00e9F\u00e9C\u00e9.<\/p>\n<p>\u2014 Stade Rennais F.C. (@staderennais) <a target=\"_blank\" href=\"https:\/\/twitter.com\/staderennais\/status\/1983610347849425301?ref_src=twsrc%5Etfw\" rel=\"nofollow noopener\">October 29, 2025<\/a><\/p>\n<\/blockquote>\n<p><strong>20h43<\/strong> : Le dernier match de la soir\u00e9e, c\u2019est dans l\u2019antre du T\u00e9f que \u00e7a se passe. Ce XI d\u2019Halloween aura-t-il de quoi effrayer la bande \u00e0 Habib Beye ?<\/p>\n<blockquote class=\"twitter-tweet-lazy\" data-width=\"500\" data-dnt=\"true\">\n<p lang=\"fr\" dir=\"ltr\"><a target=\"_blank\" href=\"https:\/\/twitter.com\/hashtag\/TFCSRFC?src=hash&amp;ref_src=twsrc%5Etfw\" rel=\"nofollow noopener\">#TFCSRFC<\/a>, le \ud835\udc90\ud835\udc8f\ud835\udc9b\ud835\udc86 \ud835\udc95\ud835\udc90\ud835\udc96\ud835\udc8d\ud835\udc90\ud835\udc96\ud835\udc94\ud835\udc82\ud835\udc8a\ud835\udc8f \ud83d\ude08 <a target=\"_blank\" href=\"https:\/\/t.co\/kq4srcpTSG\" rel=\"nofollow\">pic.twitter.com\/kq4srcpTSG<\/a><\/p>\n<p>\u2014 Toulouse FC (@ToulouseFC) <a target=\"_blank\" href=\"https:\/\/twitter.com\/ToulouseFC\/status\/1983611048491151817?ref_src=twsrc%5Etfw\" rel=\"nofollow noopener\">October 29, 2025<\/a><\/p>\n<\/blockquote>\n<p><strong>20h42<\/strong> : Casimir et Sinayoko auront la charge de l\u2019animation offensive de la jeunesse auxerroise<\/p>\n<blockquote class=\"twitter-tweet-lazy\" data-width=\"500\" data-dnt=\"true\">\n<p lang=\"fr\" dir=\"ltr\">\ud83d\udd35 \ud835\udc0b\ud835\udc1a \ud835\udc1c\ud835\udc28\ud835\udc26\ud835\udc29\ud835\udc28 \ud835\udc1a\ud835\udc2e\ud835\udc31\ud835\udc1e\ud835\udc2b\ud835\udc2b\ud835\udc28\ud835\udc22\ud835\udc2c\ud835\udc1e \u26aa<\/p>\n<p>Voici notre 1\ufe0f\u20e31\ufe0f\u20e3 pour d\u00e9buter cette rencontre \u2694\ufe0f<a target=\"_blank\" href=\"https:\/\/twitter.com\/hashtag\/TeamAJA?src=hash&amp;ref_src=twsrc%5Etfw\" rel=\"nofollow noopener\">#TeamAJA<\/a> <a target=\"_blank\" href=\"https:\/\/twitter.com\/hashtag\/RCSAAJA?src=hash&amp;ref_src=twsrc%5Etfw\" rel=\"nofollow noopener\">#RCSAAJA<\/a> <a target=\"_blank\" href=\"https:\/\/t.co\/Xi3Q8Esqwi\" rel=\"nofollow\">pic.twitter.com\/Xi3Q8Esqwi<\/a><\/p>\n<p>\u2014 AJ Auxerre (@AJA) <a target=\"_blank\" href=\"https:\/\/twitter.com\/AJA\/status\/1983610830886465570?ref_src=twsrc%5Etfw\" rel=\"nofollow noopener\">October 29, 2025<\/a><\/p>\n<\/blockquote>\n<p><strong>20h41<\/strong> : On file plus \u00e0 l\u2019Est vers la Meinau, pour constater que le meilleur buteur de Ligue 1 est bien l\u00e0<\/p>\n<blockquote class=\"twitter-tweet-lazy\" data-width=\"500\" data-dnt=\"true\">\n<p lang=\"fr\" dir=\"ltr\">Le \ud835\ude53\ud835\ude44 \ud835\ude59\ud835\ude5a \ud835\ude59\ud835\ude5a\u0301\ud835\ude65\ud835\ude56\ud835\ude67\ud835\ude69 \ud83c\udd9a <a target=\"_blank\" href=\"https:\/\/twitter.com\/AJA?ref_src=twsrc%5Etfw\" rel=\"nofollow noopener\">@AJA<\/a> <\/p>\n<p>\u25b8 <a target=\"_blank\" href=\"https:\/\/twitter.com\/hashtag\/RCSAAJA?src=hash&amp;ref_src=twsrc%5Etfw\" rel=\"nofollow noopener\">#RCSAAJA<\/a> <a target=\"_blank\" href=\"https:\/\/t.co\/5ZUNDL4wBd\" rel=\"nofollow\">pic.twitter.com\/5ZUNDL4wBd<\/a><\/p>\n<p>\u2014 Racing Club de Strasbourg Alsace (@RCSA) <a target=\"_blank\" href=\"https:\/\/twitter.com\/RCSA\/status\/1983611172269257102?ref_src=twsrc%5Etfw\" rel=\"nofollow noopener\">October 29, 2025<\/a><\/p>\n<\/blockquote>\n<p><strong>20h40<\/strong> : Un seul Fran\u00e7ais mais beaucoup de talent align\u00e9 d\u2019entr\u00e9e par le coach rhodanien<\/p>\n<blockquote class=\"twitter-tweet-lazy\" data-width=\"500\" data-dnt=\"true\">\n<p lang=\"fr\" dir=\"ltr\">\ud83e\udd81 Notre \ud835\uddeb\ud835\udddc \ud835\uddf1\ud835\uddf2 \ud835\uddf1\ud835\uddf2\u0301\ud835\uddfd\ud835\uddee\ud835\uddff\ud835\ude01 pour affronter le Paris FC \ud83d\udc4a\ud83d\udd34\ud83d\udd35<a target=\"_blank\" href=\"https:\/\/twitter.com\/hashtag\/PFCOL?src=hash&amp;ref_src=twsrc%5Etfw\" rel=\"nofollow noopener\">#PFCOL<\/a> <a target=\"_blank\" href=\"https:\/\/t.co\/gvoRbGq03Z\" rel=\"nofollow\">pic.twitter.com\/gvoRbGq03Z<\/a><\/p>\n<p>\u2014 Olympique Lyonnais (@OL) <a target=\"_blank\" href=\"https:\/\/twitter.com\/OL\/status\/1983611065608044570?ref_src=twsrc%5Etfw\" rel=\"nofollow noopener\">October 29, 2025<\/a><\/p>\n<\/blockquote>\n<p><strong>20h39<\/strong> : Est-ce que ce bon vieux Jorko Ikon\u00e9 ne nous \u00e9gayerait pas cette soir\u00e9e du c\u00f4t\u00e9 de Jean-Bouin ?<\/p>\n<blockquote class=\"twitter-tweet-lazy\" data-width=\"500\" data-dnt=\"true\">\n<p lang=\"fr\" dir=\"ltr\">\ud835\ude7b\ud835\ude74 \ud835\ude87\ud835\ude78 \ud83d\udc40<\/p>\n<p>D\u00e9couvrez la composition de d\u00e9part \ud83e\udd1c\ud83e\udd1b<\/p>\n<p>\ud83d\udd35\u26aa\ufe0f <a target=\"_blank\" href=\"https:\/\/twitter.com\/hashtag\/Certifi%C3%A9Paris?src=hash&amp;ref_src=twsrc%5Etfw\" rel=\"nofollow noopener\">#Certifi\u00e9Paris<\/a> <a target=\"_blank\" href=\"https:\/\/twitter.com\/hashtag\/ParisFC?src=hash&amp;ref_src=twsrc%5Etfw\" rel=\"nofollow noopener\">#ParisFC<\/a> | <a target=\"_blank\" href=\"https:\/\/twitter.com\/hashtag\/PFCOL?src=hash&amp;ref_src=twsrc%5Etfw\" rel=\"nofollow noopener\">#PFCOL<\/a> <a target=\"_blank\" href=\"https:\/\/t.co\/gEivX6ZZoQ\" rel=\"nofollow\">pic.twitter.com\/gEivX6ZZoQ<\/a><\/p>\n<p>\u2014 Paris FC (@ParisFC) <a target=\"_blank\" href=\"https:\/\/twitter.com\/ParisFC\/status\/1983611202984149250?ref_src=twsrc%5Etfw\" rel=\"nofollow noopener\">October 29, 2025<\/a><\/p>\n<\/blockquote>\n<p><strong>20h38<\/strong> : En face, voici les 10 soldats angevins d\u00e9sign\u00e9s pour entour\u00e9s le capitaine Belkebla<\/p>\n<blockquote class=\"twitter-tweet-lazy\" data-width=\"500\" data-dnt=\"true\">\n<p lang=\"ca\" dir=\"ltr\">Le \ud835\uddeb\ud835\udddc. \u2694\ufe0f<a target=\"_blank\" href=\"https:\/\/twitter.com\/hashtag\/OMSCO?src=hash&amp;ref_src=twsrc%5Etfw\" rel=\"nofollow noopener\">#OMSCO<\/a> <a target=\"_blank\" href=\"https:\/\/t.co\/6nBF5n6YkM\" rel=\"nofollow\">pic.twitter.com\/6nBF5n6YkM<\/a><\/p>\n<p>\u2014 Angers SCO (@AngersSCO) <a target=\"_blank\" href=\"https:\/\/twitter.com\/AngersSCO\/status\/1983612314894135662?ref_src=twsrc%5Etfw\" rel=\"nofollow noopener\">October 29, 2025<\/a><\/p>\n<\/blockquote>\n<p><strong>20h37<\/strong> : Cap sur la Canebi\u00e8re pour d\u00e9couvrir l\u2019\u00e9quipe du soir de tonton RDZ<\/p>\n<blockquote class=\"twitter-tweet-lazy\" data-width=\"500\" data-dnt=\"true\">\n<p lang=\"fr\" dir=\"ltr\">\ud835\udc73\ud835\udc68 \ud835\udc6a\ud835\udc76\ud835\udc74\ud835\udc77\ud835\udc76 \u2694\ufe0f <a target=\"_blank\" href=\"https:\/\/twitter.com\/hashtag\/OMSCO?src=hash&amp;ref_src=twsrc%5Etfw\" rel=\"nofollow noopener\">#OMSCO<\/a><\/p>\n<p>Le \ud835\udc17\ud835\udc08 de d\u00e9part marseillais mis en place par \ud835\udde5\ud835\uddfc\ud835\uddef\ud835\uddf2\ud835\uddff\ud835\ude01\ud835\uddfc \ud835\uddd7\ud835\uddf2 \ud835\udded\ud835\uddf2\ud835\uddff\ud835\uddef\ud835\uddf6 \ud83c\uddee\ud83c\uddf9 pour affronter Angers \ud83d\udccb <a target=\"_blank\" href=\"https:\/\/t.co\/zLvGEN8izn\" rel=\"nofollow\">pic.twitter.com\/zLvGEN8izn<\/a><\/p>\n<p>\u2014 Olympique de Marseille (@OM_Officiel) <a target=\"_blank\" href=\"https:\/\/twitter.com\/OM_Officiel\/status\/1983614635711590636?ref_src=twsrc%5Etfw\" rel=\"nofollow noopener\">October 29, 2025<\/a><\/p>\n<\/blockquote>\n<p><strong>20h36<\/strong> : Les Canaris auront fort \u00e0 faire pour contenir la bande de Balogun, heureux \u00e9lu \u00e0 la pointe du XI de Pocognoli<\/p>\n<blockquote class=\"twitter-tweet-lazy\" data-width=\"500\" data-dnt=\"true\">\n<p lang=\"fr\" dir=\"ltr\">\ud83d\udc65 Le \ud835\uddeb\ud835\udddc \ud835\uddf1\ud835\uddf2 \ud835\uddf1\ud835\uddf2\u0301\ud835\uddfd\ud835\uddee\ud835\uddff\ud835\ude01 \ud83c\udd9a <a target=\"_blank\" href=\"https:\/\/twitter.com\/FCNantes?ref_src=twsrc%5Etfw\" rel=\"nofollow noopener\">@FCNantes<\/a><\/p>\n<p>\u2023 <a target=\"_blank\" href=\"https:\/\/twitter.com\/hashtag\/FCNASM?src=hash&amp;ref_src=twsrc%5Etfw\" rel=\"nofollow noopener\">#FCNASM<\/a> <a target=\"_blank\" href=\"https:\/\/t.co\/Kphw2l7KRu\" rel=\"nofollow\">pic.twitter.com\/Kphw2l7KRu<\/a><\/p>\n<p>\u2014 AS Monaco \ud83c\uddf2\ud83c\udde8 (@AS_Monaco) <a target=\"_blank\" href=\"https:\/\/twitter.com\/AS_Monaco\/status\/1983613722632540326?ref_src=twsrc%5Etfw\" rel=\"nofollow noopener\">October 29, 2025<\/a><\/p>\n<\/blockquote>\n<p><strong>20h35<\/strong> : Allez, c\u2019est parti pour le tour de France des compos. Direction la Beaujoire pour d\u00e9couvrir ce que nous concocte Lu\u00eds Castro<\/p>\n<blockquote class=\"twitter-tweet-lazy\" data-width=\"500\" data-dnt=\"true\">\n<p lang=\"fr\" dir=\"ltr\">\ufe45 Le XI de d\u00e9part face \u00e0 Monaco.<a target=\"_blank\" href=\"https:\/\/twitter.com\/hashtag\/OnEstNantes?src=hash&amp;ref_src=twsrc%5Etfw\" rel=\"nofollow noopener\">#OnEstNantes<\/a> <a target=\"_blank\" href=\"https:\/\/t.co\/QcJ1QhqpX6\" rel=\"nofollow\">pic.twitter.com\/QcJ1QhqpX6<\/a><\/p>\n<p>\u2014 FC Nantes (@FCNantes) <a target=\"_blank\" href=\"https:\/\/twitter.com\/FCNantes\/status\/1983613757604671575?ref_src=twsrc%5Etfw\" rel=\"nofollow noopener\">October 29, 2025<\/a><\/p>\n<\/blockquote>\n<p><strong>20h30 : Salut la team !! Pas de LDC ni de chouineries de Vini en ce mercredi soir, mais un bon multi-Ligue 1 des familles : le foot qu\u2019on aime, ni plus ni moins. On attend la fin de la fourn\u00e9e de 19h00, et on prend la suite d\u00e8s 21h05, \u00e7a va envoyer du bois !<\/strong><\/p>\n<p>\t\t\t\t\t\t\t\t\t\t<a class=\"lien-connexe\" href=\"https:\/\/www.sofoot.com\/breves\/rennes-om-et-nantes-psg-on-connait-les-affiches-de-la-premiere-journee-de-ligue-1\" rel=\"nofollow noopener\" target=\"_blank\">D\u00e9couvrez les affiches de la premi\u00e8re journ\u00e9e de Ligue 1<\/a>\t\t\t\t\t<script async src=\"https:\/\/platform.twitter.com\/widgets.js\" charset=\"utf-8\"><\/script><\/p>\n","protected":false},"excerpt":{"rendered":"Olympique de Marseille 0-1 Angers SCO But : Ch\u00e9rif (25e) pour le SCO Paris FC 0-1 Olympique lyonnais&hellip;\n","protected":false},"author":2,"featured_media":498510,"comment_status":"","ping_status":"","sticky":false,"template":"","format":"standard","meta":{"footnotes":""},"categories":[2821],"tags":[1111,47,11,61,829,69,65,64,1777,674,63,1011,27,68,66,12,62,70,584,25,67],"class_list":{"0":"post-498509","1":"post","2":"type-post","3":"status-publish","4":"format-standard","5":"has-post-thumbnail","7":"category-rennes","8":"tag-actu","9":"tag-actualite","10":"tag-actualites","11":"tag-actus-football","12":"tag-bretagne","13":"tag-bundesliga","14":"tag-championnats-europeens","15":"tag-equipe-de-france","16":"tag-eu","17":"tag-europe","18":"tag-football","19":"tag-fr","20":"tag-france","21":"tag-ligua","22":"tag-ligue-1","23":"tag-news","24":"tag-news-foot","25":"tag-premier-league","26":"tag-rennes","27":"tag-republique-francaise","28":"tag-serie-a"},"share_on_mastodon":{"url":"https:\/\/pubeurope.com\/@fr\/115459531608828555","error":""},"_links":{"self":[{"href":"https:\/\/www.europesays.com\/fr\/wp-json\/wp\/v2\/posts\/498509","targetHints":{"allow":["GET"]}}],"collection":[{"href":"https:\/\/www.europesays.com\/fr\/wp-json\/wp\/v2\/posts"}],"about":[{"href":"https:\/\/www.europesays.com\/fr\/wp-json\/wp\/v2\/types\/post"}],"author":[{"embeddable":true,"href":"https:\/\/www.europesays.com\/fr\/wp-json\/wp\/v2\/users\/2"}],"replies":[{"embeddable":true,"href":"https:\/\/www.europesays.com\/fr\/wp-json\/wp\/v2\/comments?post=498509"}],"version-history":[{"count":0,"href":"https:\/\/www.europesays.com\/fr\/wp-json\/wp\/v2\/posts\/498509\/revisions"}],"wp:featuredmedia":[{"embeddable":true,"href":"https:\/\/www.europesays.com\/fr\/wp-json\/wp\/v2\/media\/498510"}],"wp:attachment":[{"href":"https:\/\/www.europesays.com\/fr\/wp-json\/wp\/v2\/media?parent=498509"}],"wp:term":[{"taxonomy":"category","embeddable":true,"href":"https:\/\/www.europesays.com\/fr\/wp-json\/wp\/v2\/categories?post=498509"},{"taxonomy":"post_tag","embeddable":true,"href":"https:\/\/www.europesays.com\/fr\/wp-json\/wp\/v2\/tags?post=498509"}],"curies":[{"name":"wp","href":"https:\/\/api.w.org\/{rel}","templated":true}]}}