{"id":498511,"date":"2025-10-29T21:16:12","date_gmt":"2025-10-29T21:16:12","guid":{"rendered":"https:\/\/www.europesays.com\/fr\/498511\/"},"modified":"2025-10-29T21:16:12","modified_gmt":"2025-10-29T21:16:12","slug":"strasbourg-la-journaliste-nora-bussigny-et-ses-nouveaux-antisemites-conquierent-un-public-acquis-davance","status":"publish","type":"post","link":"https:\/\/www.europesays.com\/fr\/498511\/","title":{"rendered":"Strasbourg. La journaliste Nora Bussigny et ses \u00ab\u00a0Nouveaux antis\u00e9mites\u00a0\u00bb conqui\u00e8rent un public acquis d\u2019avance"},"content":{"rendered":"<p>Discr\u00e8te pr\u00e9sence polici\u00e8re, fouille des sacs, invitations requises \u00e0 l\u2019entr\u00e9e\u00a0: pas de doute, la conf\u00e9rence au M\u00fcnsterhof \u00e0 Strasbourg porte sur un sujet sensible. La LICRA et le CRIF Alsace y invitaient Nora Bussigny pour son dernier livre\u00a0: Les nouveaux antis\u00e9mites &#8211; Enqu\u00eate d\u2019une infiltr\u00e9e dans les rangs de l\u2019ultragauche (\u00e9d. Albin Michel). Quelques jours avant, le collectif Palestine67 avait demand\u00e9 en vain au dioc\u00e8se, propri\u00e9taire de la salle, de ne pas la mettre \u00e0 disposition de l\u2019autrice, proche selon eux de \u00ab\u00a0l\u2019extr\u00eame droite islamophobe\u00a0\u00bb.<\/p>\n<p>\u00ab\u00a0Abasourdie\u00a0\u00bb par les r\u00e9actions au 7\u00a0octobre<\/p>\n<p>Journaliste d\u2019investigation au Point  et \u00e0 Franc-Tireur , m\u00e9dias plut\u00f4t marqu\u00e9s \u00e0 droite, la jeune Franco-marocaine s\u2019\u00e9tait d\u00e9j\u00e0 illustr\u00e9e en infiltrant le milieu \u00ab\u00a0woke\u00a0\u00bb, militants d\u00e9coloniaux, f\u00e9ministes et LGBT. Elle en avait fait la mati\u00e8re&#8230;<\/p>\n","protected":false},"excerpt":{"rendered":"Discr\u00e8te pr\u00e9sence polici\u00e8re, fouille des sacs, invitations requises \u00e0 l\u2019entr\u00e9e\u00a0: pas de doute, la conf\u00e9rence au M\u00fcnsterhof \u00e0&hellip;\n","protected":false},"author":2,"featured_media":498512,"comment_status":"","ping_status":"","sticky":false,"template":"","format":"standard","meta":{"footnotes":""},"categories":[2820],"tags":[1111,11,2389,6211,1687,2880,1777,674,107,1011,27,775,12,5486,25,640,2879],"class_list":{"0":"post-498511","1":"post","2":"type-post","3":"status-publish","4":"format-standard","5":"has-post-thumbnail","7":"category-strasbourg","8":"tag-actu","9":"tag-actualites","10":"tag-alsace","11":"tag-conference","12":"tag-culture-loisirs","13":"tag-edition-strasbourg","14":"tag-eu","15":"tag-europe","16":"tag-fil-info","17":"tag-fr","18":"tag-france","19":"tag-grand-est","20":"tag-news","21":"tag-rencontre","22":"tag-republique-francaise","23":"tag-strasbourg","24":"tag-strasbourg-ville"},"share_on_mastodon":{"url":"https:\/\/pubeurope.com\/@fr\/115459534714503538","error":""},"_links":{"self":[{"href":"https:\/\/www.europesays.com\/fr\/wp-json\/wp\/v2\/posts\/498511","targetHints":{"allow":["GET"]}}],"collection":[{"href":"https:\/\/www.europesays.com\/fr\/wp-json\/wp\/v2\/posts"}],"about":[{"href":"https:\/\/www.europesays.com\/fr\/wp-json\/wp\/v2\/types\/post"}],"author":[{"embeddable":true,"href":"https:\/\/www.europesays.com\/fr\/wp-json\/wp\/v2\/users\/2"}],"replies":[{"embeddable":true,"href":"https:\/\/www.europesays.com\/fr\/wp-json\/wp\/v2\/comments?post=498511"}],"version-history":[{"count":0,"href":"https:\/\/www.europesays.com\/fr\/wp-json\/wp\/v2\/posts\/498511\/revisions"}],"wp:featuredmedia":[{"embeddable":true,"href":"https:\/\/www.europesays.com\/fr\/wp-json\/wp\/v2\/media\/498512"}],"wp:attachment":[{"href":"https:\/\/www.europesays.com\/fr\/wp-json\/wp\/v2\/media?parent=498511"}],"wp:term":[{"taxonomy":"category","embeddable":true,"href":"https:\/\/www.europesays.com\/fr\/wp-json\/wp\/v2\/categories?post=498511"},{"taxonomy":"post_tag","embeddable":true,"href":"https:\/\/www.europesays.com\/fr\/wp-json\/wp\/v2\/tags?post=498511"}],"curies":[{"name":"wp","href":"https:\/\/api.w.org\/{rel}","templated":true}]}}