{"id":498513,"date":"2025-10-29T21:17:13","date_gmt":"2025-10-29T21:17:13","guid":{"rendered":"https:\/\/www.europesays.com\/fr\/498513\/"},"modified":"2025-10-29T21:17:13","modified_gmt":"2025-10-29T21:17:13","slug":"en-direct-ligue-1-le-racing-strasbourg-ouvre-le-score-face-a-laj-auxerre","status":"publish","type":"post","link":"https:\/\/www.europesays.com\/fr\/498513\/","title":{"rendered":"En direct Ligue 1. Le Racing Strasbourg ouvre le score face \u00e0 l&rsquo;AJ Auxerre !"},"content":{"rendered":"<p>&#13;<br \/>\n                                                    En direct&#13;<br \/>\n                        &#13;\n                                            <\/p>\n<p>Le Racing re\u00e7oit l&rsquo;AJ Auxerre, premier rel\u00e9gable de Ligue 1, ce mercredi soir \u00e0 la Meinau. L&rsquo;occasion pour Liam Rosenior et ses hommes de se racheter apr\u00e8s la d\u00e9faite de dimanche \u00e0 Lyon (2-1). Dominateurs, les Strasbourgeois ont eu des occasions d&rsquo;ouvrir le score durant la premi\u00e8re p\u00e9riode, notamment par l&rsquo;in\u00e9vitable Panichelli. En vain pour le moment. Une rencontre \u00e0 suivre en direct et en int\u00e9gralit\u00e9.<\/p>\n<p>&#13;<br \/>\n              Fran\u00e7ois Bertrand &#8211; &#13;<br \/>\n        &#13;<br \/>\n          Aujourd&rsquo;hui \u00e0 21:45&#13;<br \/>\n    &#13;<br \/>\n                  | mis \u00e0 jour aujourd&rsquo;hui \u00e0 22:16&#13;<br \/>\n              &#8211; Temps de lecture : &#13;<br \/>\n  &#13;<\/p>\n","protected":false},"excerpt":{"rendered":"&#13; En direct&#13; &#13; Le Racing re\u00e7oit l&rsquo;AJ Auxerre, premier rel\u00e9gable de Ligue 1, ce mercredi soir \u00e0&hellip;\n","protected":false},"author":2,"featured_media":498514,"comment_status":"","ping_status":"","sticky":false,"template":"","format":"standard","meta":{"footnotes":""},"categories":[2820],"tags":[328,1111,11,2649,3545,2880,1777,674,107,63,1011,27,775,3544,12,41281,25,517,640],"class_list":{"0":"post-498513","1":"post","2":"type-post","3":"status-publish","4":"format-standard","5":"has-post-thumbnail","7":"category-strasbourg","8":"tag-a-la-une","9":"tag-actu","10":"tag-actualites","11":"tag-bas-rhin","12":"tag-direct-sport","13":"tag-edition-strasbourg","14":"tag-eu","15":"tag-europe","16":"tag-fil-info","17":"tag-football","18":"tag-fr","19":"tag-france","20":"tag-grand-est","21":"tag-matchs-en-direct","22":"tag-news","23":"tag-racing-club-strasbourg-masculin","24":"tag-republique-francaise","25":"tag-sport","26":"tag-strasbourg"},"share_on_mastodon":{"url":"https:\/\/pubeurope.com\/@fr\/115459538746702589","error":""},"_links":{"self":[{"href":"https:\/\/www.europesays.com\/fr\/wp-json\/wp\/v2\/posts\/498513","targetHints":{"allow":["GET"]}}],"collection":[{"href":"https:\/\/www.europesays.com\/fr\/wp-json\/wp\/v2\/posts"}],"about":[{"href":"https:\/\/www.europesays.com\/fr\/wp-json\/wp\/v2\/types\/post"}],"author":[{"embeddable":true,"href":"https:\/\/www.europesays.com\/fr\/wp-json\/wp\/v2\/users\/2"}],"replies":[{"embeddable":true,"href":"https:\/\/www.europesays.com\/fr\/wp-json\/wp\/v2\/comments?post=498513"}],"version-history":[{"count":0,"href":"https:\/\/www.europesays.com\/fr\/wp-json\/wp\/v2\/posts\/498513\/revisions"}],"wp:featuredmedia":[{"embeddable":true,"href":"https:\/\/www.europesays.com\/fr\/wp-json\/wp\/v2\/media\/498514"}],"wp:attachment":[{"href":"https:\/\/www.europesays.com\/fr\/wp-json\/wp\/v2\/media?parent=498513"}],"wp:term":[{"taxonomy":"category","embeddable":true,"href":"https:\/\/www.europesays.com\/fr\/wp-json\/wp\/v2\/categories?post=498513"},{"taxonomy":"post_tag","embeddable":true,"href":"https:\/\/www.europesays.com\/fr\/wp-json\/wp\/v2\/tags?post=498513"}],"curies":[{"name":"wp","href":"https:\/\/api.w.org\/{rel}","templated":true}]}}