{"id":498519,"date":"2025-10-29T21:20:29","date_gmt":"2025-10-29T21:20:29","guid":{"rendered":"https:\/\/www.europesays.com\/fr\/498519\/"},"modified":"2025-10-29T21:20:29","modified_gmt":"2025-10-29T21:20:29","slug":"toussaint-des-chariots-et-vehicules-electriques-a-disposition-dans-ce-cimetiere-au-sud-de","status":"publish","type":"post","link":"https:\/\/www.europesays.com\/fr\/498519\/","title":{"rendered":"Toussaint\u00a0: des chariots et v\u00e9hicules \u00e9lectriques \u00e0 disposition dans ce cimeti\u00e8re au sud de"},"content":{"rendered":"<p>Pour faciliter la visite du cimeti\u00e8re de la Classerie, \u00e0 l\u2019occasion de la Toussaint, la ville de Rez\u00e9 mettra \u00e0 disposition du public plusieurs services gratuits, vendredi 31\u00a0octobre et samedi 1er\u00a0novembre, de 9\u00a0h \u00e0 17\u00a0h. D\u2019abord des chariots, pour acheminer plus facilement les fleurs et les jardini\u00e8res jusqu\u2019aux emplacements fun\u00e9raires. Mais ce n\u2019est pas tout\u00a0: des v\u00e9hicules \u00e9lectriques pourront \u00e9galement transporter les personnes ayant des difficult\u00e9s \u00e0 se d\u00e9placer, \u00e0 l\u2019aide des chauffeurs fournis par Osez For\u00eat vivante, association d\u2019insertion par l\u2019emploi.<\/p>\n<p>La Ville a par ailleurs \u00e9dit\u00e9 un guide d\u2019information, qui sera disponible d\u00e8s ce vendredi dans les trois cimeti\u00e8res rez\u00e9ens (Classerie, Saint-Paul et Saint-Pierre), puis dans tous les lieux publics de la commune. Con\u00e7u avec l\u2019aide du comit\u00e9 local Vivre la mort autrement, il r\u00e9pond aux questions pratiques en cas de d\u00e9c\u00e8s d\u2019un proche ou d\u2019une volont\u00e9 d\u2019anticipation de son vivant (choix entre enterrement et cr\u00e9mation, choix du cercueil et de l\u2019op\u00e9rateur de pompes fun\u00e8bres\u00a0etc.). Les cimeti\u00e8res de Rez\u00e9 sont ouverts tous les jours de 8\u00a0h \u00e0 18\u00a0h.<\/p>\n<p>\u00a0<\/p>\n","protected":false},"excerpt":{"rendered":"Pour faciliter la visite du cimeti\u00e8re de la Classerie, \u00e0 l\u2019occasion de la Toussaint, la ville de Rez\u00e9&hellip;\n","protected":false},"author":2,"featured_media":498520,"comment_status":"","ping_status":"","sticky":false,"template":"","format":"standard","meta":{"footnotes":""},"categories":[2818],"tags":[1111,11,62094,6313,5853,8401,1777,674,1011,27,766,12,2636,25,7053,10919,7727],"class_list":{"0":"post-498519","1":"post","2":"type-post","3":"status-publish","4":"format-standard","5":"has-post-thumbnail","7":"category-nantes","8":"tag-actu","9":"tag-actualites","10":"tag-chariots","11":"tag-cimetiere","12":"tag-disposition","13":"tag-electriques","14":"tag-eu","15":"tag-europe","16":"tag-fr","17":"tag-france","18":"tag-nantes","19":"tag-news","20":"tag-pays-de-la-loire","21":"tag-republique-francaise","22":"tag-sud","23":"tag-toussaint","24":"tag-vehicules"},"share_on_mastodon":{"url":"https:\/\/pubeurope.com\/@fr\/115459550380938309","error":""},"_links":{"self":[{"href":"https:\/\/www.europesays.com\/fr\/wp-json\/wp\/v2\/posts\/498519","targetHints":{"allow":["GET"]}}],"collection":[{"href":"https:\/\/www.europesays.com\/fr\/wp-json\/wp\/v2\/posts"}],"about":[{"href":"https:\/\/www.europesays.com\/fr\/wp-json\/wp\/v2\/types\/post"}],"author":[{"embeddable":true,"href":"https:\/\/www.europesays.com\/fr\/wp-json\/wp\/v2\/users\/2"}],"replies":[{"embeddable":true,"href":"https:\/\/www.europesays.com\/fr\/wp-json\/wp\/v2\/comments?post=498519"}],"version-history":[{"count":0,"href":"https:\/\/www.europesays.com\/fr\/wp-json\/wp\/v2\/posts\/498519\/revisions"}],"wp:featuredmedia":[{"embeddable":true,"href":"https:\/\/www.europesays.com\/fr\/wp-json\/wp\/v2\/media\/498520"}],"wp:attachment":[{"href":"https:\/\/www.europesays.com\/fr\/wp-json\/wp\/v2\/media?parent=498519"}],"wp:term":[{"taxonomy":"category","embeddable":true,"href":"https:\/\/www.europesays.com\/fr\/wp-json\/wp\/v2\/categories?post=498519"},{"taxonomy":"post_tag","embeddable":true,"href":"https:\/\/www.europesays.com\/fr\/wp-json\/wp\/v2\/tags?post=498519"}],"curies":[{"name":"wp","href":"https:\/\/api.w.org\/{rel}","templated":true}]}}