{"id":498537,"date":"2025-10-29T21:30:13","date_gmt":"2025-10-29T21:30:13","guid":{"rendered":"https:\/\/www.europesays.com\/fr\/498537\/"},"modified":"2025-10-29T21:30:13","modified_gmt":"2025-10-29T21:30:13","slug":"metropole-de-lyon-la-police-lance-un-appel-a-temoins-apres-la-disparition-dune-vieille-dame-de-89-ans","status":"publish","type":"post","link":"https:\/\/www.europesays.com\/fr\/498537\/","title":{"rendered":"M\u00e9tropole de Lyon. La police lance un appel \u00e0 t\u00e9moins apr\u00e8s la disparition d\u2019une vieille dame de 89 ans"},"content":{"rendered":"<p>La police a publi\u00e9 ce mercredi sur son compte X un appel \u00e0 t\u00e9moins pour retrouver une vieille dame atteinte de la maladie d\u2019Alzheimer, qui a disparu depuis le jeudi 23\u00a0octobre.\u00a0Elle a \u00e9t\u00e9 aper\u00e7ue pour la derni\u00e8re fois au croisement\u00a0du boulevard Ambroise Croizat et de la rue \u00c9mile Zola \u00e0 V\u00e9nissieux et depuis bient\u00f4t une semaine, elle reste introuvable. Cette disparition est d\u2019autant plus inqui\u00e9tante que cette femme est \u00e2g\u00e9e de 89 ans et ne parvient pas \u00e0 s\u2019exprimer de fa\u00e7on coh\u00e9rente.<\/p>\n<p>De corpulence maigre, Marie Vicente mesure 1\u00a0m 62, a les yeux marron et les cheveux ch\u00e2tains, raides et coup\u00e9s court. Au moment de sa disparition, elle \u00e9tait v\u00eatue d\u2019un pantalon sombre, d\u2019une veste matelass\u00e9e noire et portait un sac de type cabas.<\/p>\n<p>Les personnes ayant <a href=\"https:\/\/www.leprogres.fr\/faits-divers-justice\/2025\/10\/03\/nous-ne-sommes-pas-des-detectives-prives-comment-cette-association-participe-aux-recherches-des-personnes-disparues\" target=\"_blank\" rel=\"noopener\"> des informations permettant de la localiser<\/a> sont invit\u00e9es \u00e0 prendre contact avec le commissariat de V\u00e9nissieux en appelant le 04\u00a072\u00a090\u00a082\u00a045.<\/p>\n","protected":false},"excerpt":{"rendered":"La police a publi\u00e9 ce mercredi sur son compte X un appel \u00e0 t\u00e9moins pour retrouver une vieille&hellip;\n","protected":false},"author":2,"featured_media":498538,"comment_status":"","ping_status":"","sticky":false,"template":"","format":"standard","meta":{"footnotes":""},"categories":[1889],"tags":[1111,11,2430,3152,1777,674,274,107,1011,27,2428,12,25,2429,4375,4407],"class_list":{"0":"post-498537","1":"post","2":"type-post","3":"status-publish","4":"format-standard","5":"has-post-thumbnail","7":"category-lyon","8":"tag-actu","9":"tag-actualites","10":"tag-auvergne-rhone-alpes","11":"tag-edition-est-lyonnais","12":"tag-eu","13":"tag-europe","14":"tag-faits-divers-justice","15":"tag-fil-info","16":"tag-fr","17":"tag-france","18":"tag-lyon","19":"tag-news","20":"tag-republique-francaise","21":"tag-rhone","22":"tag-venissieux","23":"tag-venissieux-bassin"},"share_on_mastodon":{"url":"https:\/\/pubeurope.com\/@fr\/115459589662240060","error":""},"_links":{"self":[{"href":"https:\/\/www.europesays.com\/fr\/wp-json\/wp\/v2\/posts\/498537","targetHints":{"allow":["GET"]}}],"collection":[{"href":"https:\/\/www.europesays.com\/fr\/wp-json\/wp\/v2\/posts"}],"about":[{"href":"https:\/\/www.europesays.com\/fr\/wp-json\/wp\/v2\/types\/post"}],"author":[{"embeddable":true,"href":"https:\/\/www.europesays.com\/fr\/wp-json\/wp\/v2\/users\/2"}],"replies":[{"embeddable":true,"href":"https:\/\/www.europesays.com\/fr\/wp-json\/wp\/v2\/comments?post=498537"}],"version-history":[{"count":0,"href":"https:\/\/www.europesays.com\/fr\/wp-json\/wp\/v2\/posts\/498537\/revisions"}],"wp:featuredmedia":[{"embeddable":true,"href":"https:\/\/www.europesays.com\/fr\/wp-json\/wp\/v2\/media\/498538"}],"wp:attachment":[{"href":"https:\/\/www.europesays.com\/fr\/wp-json\/wp\/v2\/media?parent=498537"}],"wp:term":[{"taxonomy":"category","embeddable":true,"href":"https:\/\/www.europesays.com\/fr\/wp-json\/wp\/v2\/categories?post=498537"},{"taxonomy":"post_tag","embeddable":true,"href":"https:\/\/www.europesays.com\/fr\/wp-json\/wp\/v2\/tags?post=498537"}],"curies":[{"name":"wp","href":"https:\/\/api.w.org\/{rel}","templated":true}]}}