{"id":49854,"date":"2025-04-24T18:54:13","date_gmt":"2025-04-24T18:54:13","guid":{"rendered":"https:\/\/www.europesays.com\/fr\/49854\/"},"modified":"2025-04-24T18:54:13","modified_gmt":"2025-04-24T18:54:13","slug":"une-trentaine-de-personnes-au-job-dating-de-chazot","status":"publish","type":"post","link":"https:\/\/www.europesays.com\/fr\/49854\/","title":{"rendered":"une trentaine de personnes au job dating de Chazot"},"content":{"rendered":"<p>Mercredi apr\u00e8s-midi, place Chavanelle, la soci\u00e9t\u00e9 de transport Chazot a accueilli une trentaine de participants, \u00e0 l\u2019occasion d\u2019un job dating plac\u00e9 sous le signe de la d\u00e9couverte et de l\u2019\u00e9coconduite\u2026<\/p>\n<p>\u00ab\u00a0Si on les recrute, on est contents\u00a0\u00bb<\/p>\n<p>Le directeur de l\u2019entreprise, Camille Chazot, explique qu\u2019il a fallu se r\u00e9inventer apr\u00e8s la crise sanitaire. \u00ab\u00a0En sortie du Covid, on a eu une&#8230;<\/p>\n","protected":false},"excerpt":{"rendered":"Mercredi apr\u00e8s-midi, place Chavanelle, la soci\u00e9t\u00e9 de transport Chazot a accueilli une trentaine de participants, \u00e0 l\u2019occasion d\u2019un&hellip;\n","protected":false},"author":2,"featured_media":49855,"comment_status":"","ping_status":"","sticky":false,"template":"","format":"standard","meta":{"footnotes":""},"categories":[9653],"tags":[1111,11,2430,7539,341,1777,674,1011,27,12,25,4001,7538,801],"class_list":{"0":"post-49854","1":"post","2":"type-post","3":"status-publish","4":"format-standard","5":"has-post-thumbnail","7":"category-saint-etienne","8":"tag-actu","9":"tag-actualites","10":"tag-auvergne-rhone-alpes","11":"tag-edition-loire-sud","12":"tag-emploi","13":"tag-eu","14":"tag-europe","15":"tag-fr","16":"tag-france","17":"tag-news","18":"tag-republique-francaise","19":"tag-saint-etienne","20":"tag-saint-etienne-ville","21":"tag-social"},"share_on_mastodon":{"url":"https:\/\/pubeurope.com\/@fr\/114394461921619616","error":""},"_links":{"self":[{"href":"https:\/\/www.europesays.com\/fr\/wp-json\/wp\/v2\/posts\/49854","targetHints":{"allow":["GET"]}}],"collection":[{"href":"https:\/\/www.europesays.com\/fr\/wp-json\/wp\/v2\/posts"}],"about":[{"href":"https:\/\/www.europesays.com\/fr\/wp-json\/wp\/v2\/types\/post"}],"author":[{"embeddable":true,"href":"https:\/\/www.europesays.com\/fr\/wp-json\/wp\/v2\/users\/2"}],"replies":[{"embeddable":true,"href":"https:\/\/www.europesays.com\/fr\/wp-json\/wp\/v2\/comments?post=49854"}],"version-history":[{"count":0,"href":"https:\/\/www.europesays.com\/fr\/wp-json\/wp\/v2\/posts\/49854\/revisions"}],"wp:featuredmedia":[{"embeddable":true,"href":"https:\/\/www.europesays.com\/fr\/wp-json\/wp\/v2\/media\/49855"}],"wp:attachment":[{"href":"https:\/\/www.europesays.com\/fr\/wp-json\/wp\/v2\/media?parent=49854"}],"wp:term":[{"taxonomy":"category","embeddable":true,"href":"https:\/\/www.europesays.com\/fr\/wp-json\/wp\/v2\/categories?post=49854"},{"taxonomy":"post_tag","embeddable":true,"href":"https:\/\/www.europesays.com\/fr\/wp-json\/wp\/v2\/tags?post=49854"}],"curies":[{"name":"wp","href":"https:\/\/api.w.org\/{rel}","templated":true}]}}