{"id":498551,"date":"2025-10-29T21:38:13","date_gmt":"2025-10-29T21:38:13","guid":{"rendered":"https:\/\/www.europesays.com\/fr\/498551\/"},"modified":"2025-10-29T21:38:13","modified_gmt":"2025-10-29T21:38:13","slug":"affaire-des-mains-rouges-le-premier-proces-de-lingerence-russe-debute-en-france","status":"publish","type":"post","link":"https:\/\/www.europesays.com\/fr\/498551\/","title":{"rendered":"Affaire des \u00ab\u00a0mains rouges\u00a0\u00bb: le premier proc\u00e8s de l&rsquo;ing\u00e9rence russe d\u00e9bute en France"},"content":{"rendered":"<p>Trois Bulgares jug\u00e9s \u00e0 Paris dans l&rsquo;affaire des \u00ab\u00a0mains rouges\u00a0\u00bb tagu\u00e9es en mai 2024 sur le M\u00e9morial de la Shoah, sur fond de soup\u00e7ons d&rsquo;ing\u00e9rence \u00e9trang\u00e8re, se sont pr\u00e9sent\u00e9s mercredi comme de simples ex\u00e9cutants guid\u00e9s par l&rsquo;app\u00e2t du gain, rejetant toute motivation id\u00e9ologique.<\/p>\n<p><a href=\"https:\/\/www.rts.ch\/info\/monde\/2025\/article\/profanation-de-lieux-juifs-a-paris-soupcons-d-ingerence-etrangere-russe-28906912.html\" data-item-id=\"richtext_link\" target=\"_blank\" rel=\"noopener\">Cette affaire qui remonte \u00e0 mai 2024<\/a> est la premi\u00e8re jug\u00e9e d&rsquo;une s\u00e9rie de tentatives de d\u00e9stabilisation visant \u00e0 \u00ab\u00a0semer le trouble\u00a0\u00bb et \u00ab\u00a0cr\u00e9er des fractures\u00a0\u00bb dans la population fran\u00e7aise, avait affirm\u00e9 en septembre la procureure de Paris, Laure Beccuau.<\/p>\n<p>Il manque dans le box des pr\u00e9venus du tribunal correctionnel de Paris un quatri\u00e8me suspect, vis\u00e9 par un mandat d&rsquo;arr\u00eat mais toujours en fuite.<\/p>\n<p>Ses trois compagnons d&rsquo;infortune, extrad\u00e9s de Bulgarie et de Croatie, et qui comparaissent d\u00e9tenus, n&rsquo;h\u00e9sitent pas \u00e0 charger celui qu&rsquo;ils pr\u00e9sentent comme le \u00ab\u00a0leader\u00a0\u00bb de cette entreprise nocturne au cours de laquelle plus de 500 tags ont \u00e9t\u00e9 d\u00e9nombr\u00e9s, 35 sur le seul M\u00e9morial de la Shoah, au coeur de la capitale fran\u00e7aise.<\/p>\n<p>Le premier affirme qu&rsquo;il ne savait pas o\u00f9 ils se trouvaient, ni qu&rsquo;il taguait le \u00ab\u00a0Mur des Justes\u00a0\u00bb du M\u00e9morial, ajoutant avoir accept\u00e9 de venir en France par app\u00e2t du gain, 1000 euros en sus des frais de s\u00e9jour.<\/p>\n<p>\u00ab\u00a0Ombre de la Russie\u00a0\u00bb<\/p>\n<p>Pourquoi l&rsquo;avoir recrut\u00e9, lui, le militant nationaliste qui arbore sur son torse le tatouage d&rsquo;une croix gamm\u00e9e et dont plusieurs photos sur les r\u00e9seaux sociaux le montrent tant\u00f4t faire un salut nazi, tant\u00f4t porter un t-shirt \u00e0 l&rsquo;effigie d&rsquo;Hitler barr\u00e9 de la mention \u00ab\u00a0He was right\u00a0\u00bb (comprendre \u00ab\u00a0Il avait raison\u00a0\u00bb)?<\/p>\n<p>Le pr\u00e9venu \u00e9lude, avant de \u00ab\u00a0supposer\u00a0\u00bb malgr\u00e9 tout qu&rsquo;il n&rsquo;a \u00ab\u00a0pas \u00e9t\u00e9 choisi de mani\u00e8re al\u00e9atoire\u00a0\u00bb par le suspect toujours en fuite et \u00ab\u00a0ses contacts russes\u00a0\u00bb.<\/p>\n<p>Cette piste russe a \u00e9t\u00e9 mise en \u00e9vidence par l&rsquo;information judiciaire, qui a relev\u00e9 \u00ab\u00a0l&rsquo;hypoth\u00e8se que cette action \u00e9tait susceptible de correspondre \u00e0 une action de d\u00e9stabilisation de la France orchestr\u00e9e par les services de renseignement\u00a0\u00bb moscovites.<\/p>\n<p>D&rsquo;autant que le service Viginum, charg\u00e9 de la lutte contre les ing\u00e9rences num\u00e9riques \u00e9trang\u00e8res, avait observ\u00e9 \u00ab\u00a0une instrumentalisation\u00a0\u00bb de cette affaire sur X \u00ab\u00a0par des acteurs li\u00e9s \u00e0 la Russie\u00a0\u00bb.<\/p>\n<p>Une op\u00e9ration \u00ab\u00a0conduite par le dispositif d&rsquo;influence russe RRN \u00e0 travers un r\u00e9seau de plusieurs milliers de comptes inauthentiques sur Twitter et par un pseudo m\u00e9dia fran\u00e7ais cr\u00e9\u00e9 par RRN intitul\u00e9 Artichoc\u00a0\u00bb, selon le parquet.<\/p>\n<p>D&rsquo;autres affaires<\/p>\n<p>Ce dossier s&rsquo;inscrit dans d&rsquo;autres affaires li\u00e9es \u00e0 des ing\u00e9rences \u00e9trang\u00e8res: <a href=\"https:\/\/www.rts.ch\/audio-podcast\/2023\/audio\/la-piste-d-une-ingerence-russe-dans-l-affaire-des-etoiles-de-david-taguees-a-paris-27182236.html\" data-item-id=\"richtext_link\" target=\"_blank\" rel=\"noopener\">\u00e9toiles de David tagu\u00e9es en r\u00e9gion parisienne<\/a>; <a href=\"https:\/\/www.rts.ch\/info\/monde\/2025\/article\/tetes-de-cochon-devant-des-mosquees-a-paris-macron-exprime-son-soutien-28993508.html\" data-item-id=\"richtext_link\" target=\"_blank\" rel=\"noopener\">t\u00eates de cochon d\u00e9pos\u00e9es devant plusieurs mosqu\u00e9es<\/a>; ou <a href=\"https:\/\/www.rts.ch\/audio-podcast\/2024\/audio\/la-france-a-t-elle-ete-victime-d-une-nouvelle-operation-etrangere-de-destabilisation-de-l-opinion-28525417.html\" data-item-id=\"richtext_link\" target=\"_blank\" rel=\"noopener\">cercueils d\u00e9pos\u00e9s au pied de la tour Eiffel<\/a>&#8230;<\/p>\n<p> <img decoding=\"async\" src=\"https:\/\/www.europesays.com\/fr\/wp-content\/uploads\/2025\/10\/ds03nc-27182251.image\" alt=\"Des \u00e9toiles de David ont \u00e9t\u00e9 spray\u00e9es sur la fa\u00e7ade d'un b\u00e2timent du 14e arrondissement de Paris. [AFP - Magali Cohen]\" title=\"Des \u00e9toiles de David ont \u00e9t\u00e9 spray\u00e9es sur la fa\u00e7ade d'un b\u00e2timent du 14e arrondissement de Paris. [AFP - Magali Cohen]\" loading=\"lazy\"\/>  Des \u00e9toiles de David ont \u00e9t\u00e9 spray\u00e9es sur la fa\u00e7ade d&rsquo;un b\u00e2timent du 14e arrondissement de Paris. [AFP &#8211; Magali Cohen] <\/p>\n<p>Avant l&rsquo;ouverture des d\u00e9bats, son avocat, Me Martin Vettes, avait fait observer que \u00ab\u00a0l&rsquo;ombre de la Russie plane sur cette salle d&rsquo;audience\u00a0\u00bb, pour mieux renvoyer les pr\u00e9venus \u00e0 de \u00ab\u00a0simples ex\u00e9cutants qui n&rsquo;avaient m\u00eame pas conscience d&rsquo;agir indirectement pour les int\u00e9r\u00eats\u00a0\u00bb de Moscou.<\/p>\n<p>Deux des Bulgares dans le box ainsi que l&rsquo;absent sont poursuivis pour d\u00e9gradations en r\u00e9union et en raison de la pr\u00e9tendue appartenance \u00e0 une race, ethnie ou religion, ainsi que pour association de malfaiteurs.<\/p>\n<p>Le quatri\u00e8me pr\u00e9venu, soup\u00e7onn\u00e9 d&rsquo;avoir effectu\u00e9 les r\u00e9servations d&rsquo;h\u00e9bergement et de transports des auteurs principaux, est mis en cause pour complicit\u00e9 dans les d\u00e9gradations et association de malfaiteurs.<\/p>\n<p>Tous encourent sept ans d&#8217;emprisonnement et 75&rsquo;000 euros d&rsquo;amende. Le proc\u00e8s doit se tenir jusqu&rsquo;\u00e0 vendredi.<\/p>\n<p class=\"sources\">afp\/fgn<\/p>\n","protected":false},"excerpt":{"rendered":"Trois Bulgares jug\u00e9s \u00e0 Paris dans l&rsquo;affaire des \u00ab\u00a0mains rouges\u00a0\u00bb tagu\u00e9es en mai 2024 sur le M\u00e9morial de&hellip;\n","protected":false},"author":2,"featured_media":498552,"comment_status":"","ping_status":"","sticky":false,"template":"","format":"standard","meta":{"footnotes":""},"categories":[1591],"tags":[11,9043,2951,8616,14723,18087,450,1887,27,662,17056,74,12,626,316,2694,1885,1886,132,62095,3693],"class_list":{"0":"post-498551","1":"post","2":"type-post","3":"status-publish","4":"format-standard","5":"has-post-thumbnail","7":"category-russie","8":"tag-actualites","9":"tag-bulgarie","10":"tag-criminalite","11":"tag-droit-et-justice","12":"tag-etoile","13":"tag-etranger","14":"tag-euro","15":"tag-federation-de-russie","16":"tag-france","17":"tag-ile-de-france","18":"tag-memorial-de-la-shoah","19":"tag-monde","20":"tag-news","21":"tag-paris","22":"tag-politique","23":"tag-proces","24":"tag-russia","25":"tag-russian-federation","26":"tag-russie","27":"tag-systeme-judiciaire","28":"tag-tribunal"},"share_on_mastodon":{"url":"https:\/\/pubeurope.com\/@fr\/115459621811941901","error":""},"_links":{"self":[{"href":"https:\/\/www.europesays.com\/fr\/wp-json\/wp\/v2\/posts\/498551","targetHints":{"allow":["GET"]}}],"collection":[{"href":"https:\/\/www.europesays.com\/fr\/wp-json\/wp\/v2\/posts"}],"about":[{"href":"https:\/\/www.europesays.com\/fr\/wp-json\/wp\/v2\/types\/post"}],"author":[{"embeddable":true,"href":"https:\/\/www.europesays.com\/fr\/wp-json\/wp\/v2\/users\/2"}],"replies":[{"embeddable":true,"href":"https:\/\/www.europesays.com\/fr\/wp-json\/wp\/v2\/comments?post=498551"}],"version-history":[{"count":0,"href":"https:\/\/www.europesays.com\/fr\/wp-json\/wp\/v2\/posts\/498551\/revisions"}],"wp:featuredmedia":[{"embeddable":true,"href":"https:\/\/www.europesays.com\/fr\/wp-json\/wp\/v2\/media\/498552"}],"wp:attachment":[{"href":"https:\/\/www.europesays.com\/fr\/wp-json\/wp\/v2\/media?parent=498551"}],"wp:term":[{"taxonomy":"category","embeddable":true,"href":"https:\/\/www.europesays.com\/fr\/wp-json\/wp\/v2\/categories?post=498551"},{"taxonomy":"post_tag","embeddable":true,"href":"https:\/\/www.europesays.com\/fr\/wp-json\/wp\/v2\/tags?post=498551"}],"curies":[{"name":"wp","href":"https:\/\/api.w.org\/{rel}","templated":true}]}}