{"id":498557,"date":"2025-10-29T21:42:10","date_gmt":"2025-10-29T21:42:10","guid":{"rendered":"https:\/\/www.europesays.com\/fr\/498557\/"},"modified":"2025-10-29T21:42:10","modified_gmt":"2025-10-29T21:42:10","slug":"la-plus-grande-usine-de-semi-conducteurs-deurope-va-voir-le-jour-en-allemagne","status":"publish","type":"post","link":"https:\/\/www.europesays.com\/fr\/498557\/","title":{"rendered":"La plus grande usine de semi-conducteurs d&rsquo;Europe va voir le jour en Allemagne"},"content":{"rendered":"<p class=\"sc-9e1vpx-0 jVoltE\">Le deuxi\u00e8me fabricant mondial de puces \u00e9lectroniques, GlobalFoundries, a officialis\u00e9 mardi un plan d&rsquo;expansion XXL en Allemagne, qui fera de son usine de Dresde le plus grand site de fabricants de semi-conducteurs d&rsquo;Europe. Le projet \u00e0 1,1 milliard d&rsquo;euros, baptis\u00e9 \u00ab\u00a0Sprint\u00a0\u00bb, permettra d&rsquo;atteindre une capacit\u00e9 sup\u00e9rieure \u00e0 un million de plaquettes par an. Il devrait notamment profiter au secteur automobile.<\/p>\n","protected":false},"excerpt":{"rendered":"Le deuxi\u00e8me fabricant mondial de puces \u00e9lectroniques, GlobalFoundries, a officialis\u00e9 mardi un plan d&rsquo;expansion XXL en Allemagne, qui&hellip;\n","protected":false},"author":2,"featured_media":498558,"comment_status":"","ping_status":"","sticky":false,"template":"","format":"standard","meta":{"footnotes":""},"categories":[1587],"tags":[11,672,1804,1805,1803,1777,674,1801,12,1802],"class_list":{"0":"post-498557","1":"post","2":"type-post","3":"status-publish","4":"format-standard","5":"has-post-thumbnail","7":"category-allemagne","8":"tag-actualites","9":"tag-allemagne","10":"tag-bundesrepublik-deutschland","11":"tag-de","12":"tag-deutschland","13":"tag-eu","14":"tag-europe","15":"tag-germany","16":"tag-news","17":"tag-republique-federale-dallemagne"},"share_on_mastodon":{"url":"","error":""},"_links":{"self":[{"href":"https:\/\/www.europesays.com\/fr\/wp-json\/wp\/v2\/posts\/498557","targetHints":{"allow":["GET"]}}],"collection":[{"href":"https:\/\/www.europesays.com\/fr\/wp-json\/wp\/v2\/posts"}],"about":[{"href":"https:\/\/www.europesays.com\/fr\/wp-json\/wp\/v2\/types\/post"}],"author":[{"embeddable":true,"href":"https:\/\/www.europesays.com\/fr\/wp-json\/wp\/v2\/users\/2"}],"replies":[{"embeddable":true,"href":"https:\/\/www.europesays.com\/fr\/wp-json\/wp\/v2\/comments?post=498557"}],"version-history":[{"count":0,"href":"https:\/\/www.europesays.com\/fr\/wp-json\/wp\/v2\/posts\/498557\/revisions"}],"wp:featuredmedia":[{"embeddable":true,"href":"https:\/\/www.europesays.com\/fr\/wp-json\/wp\/v2\/media\/498558"}],"wp:attachment":[{"href":"https:\/\/www.europesays.com\/fr\/wp-json\/wp\/v2\/media?parent=498557"}],"wp:term":[{"taxonomy":"category","embeddable":true,"href":"https:\/\/www.europesays.com\/fr\/wp-json\/wp\/v2\/categories?post=498557"},{"taxonomy":"post_tag","embeddable":true,"href":"https:\/\/www.europesays.com\/fr\/wp-json\/wp\/v2\/tags?post=498557"}],"curies":[{"name":"wp","href":"https:\/\/api.w.org\/{rel}","templated":true}]}}