{"id":49856,"date":"2025-04-24T18:55:09","date_gmt":"2025-04-24T18:55:09","guid":{"rendered":"https:\/\/www.europesays.com\/fr\/49856\/"},"modified":"2025-04-24T18:55:09","modified_gmt":"2025-04-24T18:55:09","slug":"greve-des-eboueurs-a-saint-etienne-vers-un-retour-a-la-normale-la-semaine-prochaine","status":"publish","type":"post","link":"https:\/\/www.europesays.com\/fr\/49856\/","title":{"rendered":"Gr\u00e8ve des \u00e9boueurs \u00e0 Saint-\u00c9tienne : vers un retour \u00e0 la normale la semaine prochaine ?"},"content":{"rendered":"<p>Apr\u00e8s la fin du pr\u00e9avis de gr\u00e8ve des \u00e9boueurs, la situation va revenir \u00e0 la normale en milieu de semaine prochaine \u00e0 Saint-\u00c9tienne selon la M\u00e9tropole.<\/p>\n<p>Les agents de collecte de Saint-Etienne M\u00e9tropole ont repris le travail lundi 21 avril apr\u00e8s <a class=\"url\" href=\"https:\/\/www.radioscoop.com\/infos\/saint-etienne-fin-de-la-greve-des-eboueurs_326786\" target=\"_blank\" rel=\"noopener\">la fin du pr\u00e9avis de gr\u00e8ve<\/a>.<\/p>\n<p>Dans un communiqu\u00e9 publi\u00e9 ce jeudi 24 avril, la M\u00e9tropole annonce que <b>la situation devrait revenir \u00e0 la normale en milieu de semaine prochaine<\/b>, donc vers le 1er mai.<\/p>\n<p>\u00ab\u00a0Patience\u00a0\u00bb et \u00ab\u00a0compr\u00e9hension\u00a0\u00bb<\/p>\n<p>\u00ab\u00a0Les jours de collecte habituels ont \u00e9t\u00e9 respect\u00e9s, mais le retard accumul\u00e9 durant les deux semaines de gr\u00e8ve n&rsquo;a pas permis de collecter l&rsquo;ensemble des adresses, en particulier pour les tourn\u00e9es d&rsquo;ordures m\u00e9nag\u00e8res de Saint-Etienne du lundi et du mardi\u00a0\u00bb, affirme la M\u00e9tropole.<\/p>\n<p>Cette derni\u00e8re explique \u00e9galement que les bacs d\u00e9bordants et les conditions climatiques rendent la collecte compliqu\u00e9e : \u00ab\u00a0la charge de travail est cons\u00e9quente et de lourds efforts sont \u00e9galement consentis par les agents municipaux des services de propret\u00e9.\u00a0\u00bb<\/p>\n<p>La M\u00e9tropole appelle donc les r\u00e9sidents, les bailleurs et les commer\u00e7ants \u00ab\u00a0\u00e0 faire preuve de patience et de compr\u00e9hension\u00a0\u00bb et ajoute que les \u00ab\u00a0adresses qui n&rsquo;ont pas pu \u00eatre collect\u00e9es lundi et mardi le seront respectivement ce jeudi et demain vendredi\u00a0\u00bb.<\/p>\n<p>On rappelle que des avanc\u00e9es ont \u00e9t\u00e9 obtenues par les gr\u00e9vistes apr\u00e8s plusieurs n\u00e9gociations avec Saint-\u00c9tienne M\u00e9tropole.<\/p>\n<p><img loading=\"lazy\" decoding=\"async\" src=\"https:\/\/www.europesays.com\/fr\/wp-content\/uploads\/2025\/04\/1745520909_501_img\" width=\"350\" height=\"200\" border=\"0\" title=\"La mat\u00c3\u00a9riauth\u00c3\u00a8que de Saint-Etienne situ\u00c3\u00a9e au 16 rue des Rochettes, dans les anciens G\u00c3\u00a9mo et Darty.\"\/><\/p>\n<p>\u25baConso<\/p>\n<p style=\"font-size: 22px;\"><b>Mobilier \u00e0 petits prix : la mat\u00e9riauth\u00e8que \u00e9ph\u00e9m\u00e8re f\u00eate ses six mois \u00e0 Saint-\u00c9tienne !<\/b><\/p>\n<p>La mat\u00e9riauth\u00e8que \u00e9ph\u00e9m\u00e8re de Saint-\u00c9tienne&#8230;<\/p>\n<p><\/p>\n","protected":false},"excerpt":{"rendered":"Apr\u00e8s la fin du pr\u00e9avis de gr\u00e8ve des \u00e9boueurs, la situation va revenir \u00e0 la normale en milieu&hellip;\n","protected":false},"author":2,"featured_media":34324,"comment_status":"","ping_status":"","sticky":false,"template":"","format":"standard","meta":{"footnotes":""},"categories":[9653],"tags":[11101,1111,11,2430,1777,674,1011,27,10956,10958,12,10959,25,9920,4001],"class_list":{"0":"post-49856","1":"post","2":"type-post","3":"status-publish","4":"format-standard","5":"has-post-thumbnail","7":"category-saint-etienne","8":"tag-boueurs","9":"tag-actu","10":"tag-actualites","11":"tag-auvergne-rhone-alpes","12":"tag-eu","13":"tag-europe","14":"tag-fr","15":"tag-france","16":"tag-grve","17":"tag-mtropole","18":"tag-news","19":"tag-poubelles","20":"tag-republique-francaise","21":"tag-saint-tienne","22":"tag-saint-etienne"},"share_on_mastodon":{"url":"https:\/\/pubeurope.com\/@fr\/114394465947788270","error":""},"_links":{"self":[{"href":"https:\/\/www.europesays.com\/fr\/wp-json\/wp\/v2\/posts\/49856","targetHints":{"allow":["GET"]}}],"collection":[{"href":"https:\/\/www.europesays.com\/fr\/wp-json\/wp\/v2\/posts"}],"about":[{"href":"https:\/\/www.europesays.com\/fr\/wp-json\/wp\/v2\/types\/post"}],"author":[{"embeddable":true,"href":"https:\/\/www.europesays.com\/fr\/wp-json\/wp\/v2\/users\/2"}],"replies":[{"embeddable":true,"href":"https:\/\/www.europesays.com\/fr\/wp-json\/wp\/v2\/comments?post=49856"}],"version-history":[{"count":0,"href":"https:\/\/www.europesays.com\/fr\/wp-json\/wp\/v2\/posts\/49856\/revisions"}],"wp:featuredmedia":[{"embeddable":true,"href":"https:\/\/www.europesays.com\/fr\/wp-json\/wp\/v2\/media\/34324"}],"wp:attachment":[{"href":"https:\/\/www.europesays.com\/fr\/wp-json\/wp\/v2\/media?parent=49856"}],"wp:term":[{"taxonomy":"category","embeddable":true,"href":"https:\/\/www.europesays.com\/fr\/wp-json\/wp\/v2\/categories?post=49856"},{"taxonomy":"post_tag","embeddable":true,"href":"https:\/\/www.europesays.com\/fr\/wp-json\/wp\/v2\/tags?post=49856"}],"curies":[{"name":"wp","href":"https:\/\/api.w.org\/{rel}","templated":true}]}}