{"id":498566,"date":"2025-10-29T21:48:12","date_gmt":"2025-10-29T21:48:12","guid":{"rendered":"https:\/\/www.europesays.com\/fr\/498566\/"},"modified":"2025-10-29T21:48:12","modified_gmt":"2025-10-29T21:48:12","slug":"kai-la-petite-fille-de-donald-trump-invitee-a-son-premier-tournoi-pro-de-golf","status":"publish","type":"post","link":"https:\/\/www.europesays.com\/fr\/498566\/","title":{"rendered":"Kai, la petite-fille de Donald Trump, invit\u00e9e \u00e0 son premier tournoi pro de golf"},"content":{"rendered":"<ul class=\"jsx-862013697 ArticleChapo__List\">\n<li class=\"jsx-862013697 ArticleChapo__List_Item flex\">Kai Trump, la petite-fille de Donald Trump, va participer au tournoi The Annika, comptant pour le LPGA Tour en Floride, du 13 au 16 novembre.<\/li>\n<li class=\"jsx-862013697 ArticleChapo__List_Item flex\">La golfeuse de 18 ans au niveau modeste a \u00e9t\u00e9 invit\u00e9e par les organisateurs, s\u00e9duits par sa notori\u00e9t\u00e9 sur les r\u00e9seaux sociaux, o\u00f9 elle compte 6 millions d&rsquo;abonn\u00e9s.<\/li>\n<\/ul>\n<p><a href=\"https:\/\/www.tf1info.fr\/actualite\/etats-unis-election-presidentielle-americaine-2024-donald-trump-vs-kamala-harris-13534\/\" rel=\"noopener\" class=\"jsx-484472199 Link jsx-1428418400 jsx-554215408\" target=\"_blank\"><\/p>\n<p style=\"font-weight:400\" class=\"jsx-1837267516\">Suivez la couverture compl\u00e8te<\/p>\n<p style=\"font-weight:800\" class=\"jsx-1837267516\">Le second mandat de Donald Trump<\/p>\n<p><\/a><\/p>\n<p data-module=\"article-paragraph\" class=\"jsx-3046738180 Paragraph\">\u00ab\u00a0Mon r\u00eave a toujours \u00e9t\u00e9 de concourir avec les meilleures joueuses du monde.\u00a0\u00bb Passionn\u00e9e de golf comme son grand-p\u00e8re, <a href=\"https:\/\/www.tf1info.fr\/election-presidentielle-americaine\/video-etats-unis-dans-la-famille-de-donald-trump-voici-la-petite-fille-kai-trump-fille-de-donald-trump-jr-l-ado-golfeuse-entre-en-campagne-2309252.html\" target=\"_blank\" rel=\"noopener\">Kai Trump<\/a> s&rsquo;appr\u00eate \u00e0 faire ses grands d\u00e9buts sur le circuit LPGA, l&rsquo;organisation am\u00e9ricaine qui encadre le golf f\u00e9minin professionnel. La petite-fille du pr\u00e9sident des \u00c9tats-Unis, <a href=\"https:\/\/www.tf1info.fr\/international\/c-est-le-dehanche-trump-le-president-des-etats-unis-fait-le-show-en-asie-2402831.html\" target=\"_blank\" rel=\"noopener\">actuellement en tourn\u00e9e en Asie<\/a>, a re\u00e7u une invitation pour participer au tournoi floridien The Annika, du 13 au 16 novembre.<\/p>\n<p data-module=\"article-paragraph\" class=\"jsx-3046738180 Paragraph Paragraph__End\">\u00ab\u00a0Cet \u00e9v\u00e9nement sera une exp\u00e9rience incroyable\u00a0\u00bb, a r\u00e9agi dans <a href=\"https:\/\/www.lpga.com\/news\/2025\/university-of-miami-commit-kai-trump-to-make-lpga-tour-debut-at-the-annika-driven-by-gainbridge-at-pelican-as-a-sponsor-invitation\" target=\"_blank\" rel=\"nofollow noopener\">un communiqu\u00e9 (nouvelle fen\u00eatre)<\/a> la jeune femme de 18 ans, en derni\u00e8re ann\u00e9e au Benjamin School, dans le comt\u00e9 de Palm Beach, et qui s&rsquo;est engag\u00e9e \u00e0 rejoindre l&rsquo;\u00e9quipe de golf de l&rsquo;Universit\u00e9 de Miami en 2026. \u00ab\u00a0J&rsquo;ai h\u00e2te de rencontrer et d&rsquo;affronter plusieurs de mes h\u00e9ro\u00efnes et mentors dans le golf \u00e0 l&rsquo;occasion de mes d\u00e9buts sur le circuit LPGA.\u00a0\u00bb<\/p>\n<p data-module=\"article-paragraph\" class=\"jsx-3046738180 Paragraph Paragraph__End\">Suivie par <a href=\"https:\/\/www.instagram.com\/kaitrumpgolfer\" target=\"_blank\" rel=\"noopener\">2,5 millions d&rsquo;abonn\u00e9s sur Instagram (nouvelle fen\u00eatre)<\/a>, celle qui a lanc\u00e9 sa propre marque de v\u00eatements et lifestyle a \u00e9t\u00e9 invit\u00e9e non pas pour ses aptitudes avec un club de golf en main &#8211; elle est class\u00e9e au 461\u1d49 rang national chez les juniors f\u00e9minines -, mais pour sa notori\u00e9t\u00e9 florissante. Ce dont ne se cachent pas la LPGA et le Pelican Golf Club, qui accueille l&rsquo;avant-dernier rendez-vous du calendrier LPGA.<\/p>\n<p>Class\u00e9e 461e golfeuse junior<\/p>\n<p data-module=\"article-paragraph\" class=\"jsx-3046738180 Paragraph Paragraph__End\">\u00ab\u00a0Les invitations sp\u00e9ciales sont un moyen important de mettre en lumi\u00e8re de nouveaux talents et d&rsquo;attirer l&rsquo;attention sur nos tournois et sur la LPGA\u00a0\u00bb, a justifi\u00e9 Ricki Lasky, directrice des affaires et des op\u00e9rations du circuit LPGA. \u00ab\u00a0La large notori\u00e9t\u00e9 et l&rsquo;influence de Kai contribuent \u00e0 faire d\u00e9couvrir le golf \u00e0 de nouveaux publics, notamment chez les jeunes. Nous sommes ravis de la voir franchir cette nouvelle \u00e9tape dans son parcours.\u00a0\u00bb \u00ab\u00a0Kai Trump est passionn\u00e9e par ce sport et contribue \u00e0 le faire conna\u00eetre \u00e0 un public plus large\u00a0\u00bb, a appuy\u00e9 Justin Sheehan, directeur du golf et directeur de l&rsquo;exploitation du Pelican Golf Club, qui a d\u00e9livr\u00e9 l&rsquo;invitation.<\/p>\n<p><a href=\"https:\/\/www.tf1info.fr\/election-presidentielle-americaine\/video-etats-unis-dans-la-famille-de-donald-trump-voici-la-petite-fille-kai-trump-fille-de-donald-trump-jr-l-ado-golfeuse-entre-en-campagne-2309252.html\" rel=\"noopener\" class=\"jsx-3308031228 Link flex\" target=\"_blank\"><img decoding=\"async\" src=\"https:\/\/www.europesays.com\/fr\/wp-content\/uploads\/2025\/10\/kai-trump-donald-trump-2024-ddbd4c-0@1x.jpeg\" alt=\"Kai Trump, la petite-fille de Donald Trump, lors de la convention r\u00e9publicaine \u00e0 Milwaukee le 17 juillet 2024.\" loading=\"lazy\" importance=\"low\" fetchpriority=\"low\" class=\"\" aria-hidden=\"true\"\/><\/p>\n<p class=\"jsx-3657663356 ReadMoreArticle__Title\">Lire aussi<\/p>\n<p class=\"jsx-3657663356\">Dans la famille Trump, voici la petite-fille : Kai, l\u2019ado golfeuse, entre dans la campagne<\/p>\n<p><\/a><\/p>\n<p data-module=\"article-paragraph\" class=\"jsx-3046738180 Paragraph Paragraph__End\">Pour l&rsquo;instant, nul ne sait si Donald Trump sera au bord du green pour encourager Kai. On peut n\u00e9anmoins croire qu&rsquo;il fera tout pour assister aux premiers pas professionnels de sa petite-fille ador\u00e9e. Sans compter que cette derni\u00e8re pourra aussi recevoir les conseils du compagnon de sa m\u00e8re Vanessa, un certain\u2026 Tiger Woods.<\/p>\n<p>Yohan ROBLIN<\/p>\n<p><script async src=\"\/\/www.instagram.com\/embed.js\"><\/script><\/p>\n","protected":false},"excerpt":{"rendered":"Kai Trump, la petite-fille de Donald Trump, va participer au tournoi The Annika, comptant pour le LPGA Tour&hellip;\n","protected":false},"author":2,"featured_media":498567,"comment_status":"","ping_status":"","sticky":false,"template":"","format":"standard","meta":{"footnotes":""},"categories":[1418],"tags":[1111,11,1921,75,73,1011,27,1472,1922,2497,60,5078,133,4712],"class_list":{"0":"post-498566","1":"post","2":"type-post","3":"status-publish","4":"format-standard","5":"has-post-thumbnail","7":"category-golf","8":"tag-actu","9":"tag-actualites","10":"tag-article-video","11":"tag-donald-trump","12":"tag-etats-unis","13":"tag-fr","14":"tag-france","15":"tag-golf","16":"tag-info","17":"tag-le-second-mandat-de-donald-trump","18":"tag-sports","19":"tag-tiger-woods","20":"tag-video","21":"tag-video-sports"},"share_on_mastodon":{"url":"https:\/\/pubeurope.com\/@fr\/115459660469144566","error":""},"_links":{"self":[{"href":"https:\/\/www.europesays.com\/fr\/wp-json\/wp\/v2\/posts\/498566","targetHints":{"allow":["GET"]}}],"collection":[{"href":"https:\/\/www.europesays.com\/fr\/wp-json\/wp\/v2\/posts"}],"about":[{"href":"https:\/\/www.europesays.com\/fr\/wp-json\/wp\/v2\/types\/post"}],"author":[{"embeddable":true,"href":"https:\/\/www.europesays.com\/fr\/wp-json\/wp\/v2\/users\/2"}],"replies":[{"embeddable":true,"href":"https:\/\/www.europesays.com\/fr\/wp-json\/wp\/v2\/comments?post=498566"}],"version-history":[{"count":0,"href":"https:\/\/www.europesays.com\/fr\/wp-json\/wp\/v2\/posts\/498566\/revisions"}],"wp:featuredmedia":[{"embeddable":true,"href":"https:\/\/www.europesays.com\/fr\/wp-json\/wp\/v2\/media\/498567"}],"wp:attachment":[{"href":"https:\/\/www.europesays.com\/fr\/wp-json\/wp\/v2\/media?parent=498566"}],"wp:term":[{"taxonomy":"category","embeddable":true,"href":"https:\/\/www.europesays.com\/fr\/wp-json\/wp\/v2\/categories?post=498566"},{"taxonomy":"post_tag","embeddable":true,"href":"https:\/\/www.europesays.com\/fr\/wp-json\/wp\/v2\/tags?post=498566"}],"curies":[{"name":"wp","href":"https:\/\/api.w.org\/{rel}","templated":true}]}}