{"id":49857,"date":"2025-04-24T18:56:19","date_gmt":"2025-04-24T18:56:19","guid":{"rendered":"https:\/\/www.europesays.com\/fr\/49857\/"},"modified":"2025-04-24T18:56:19","modified_gmt":"2025-04-24T18:56:19","slug":"tes-rien-sans-la-terre-la-compagnie-qui-danse-pour-la-planete","status":"publish","type":"post","link":"https:\/\/www.europesays.com\/fr\/49857\/","title":{"rendered":"T\u2019es rien sans la Terre, la compagnie qui danse pour la plan\u00e8te"},"content":{"rendered":"<p>Apr\u00e8s avoir visionn\u00e9 The Cove  (2009), un documentaire sur le massacre des dauphins au Japon, faire passer un message \u00e0 travers son art semble, aux yeux d\u2019Aur\u00e9lie Dauphin, \u00eatre la seule issue pour exprimer sa r\u00e9volte. Il n\u2019est plus seulement question d\u2019esth\u00e9tisme, mais de sensibilisation\u00a0: \u00e0 l\u2019environnement, au sujet migratoire, \u00e0 la protection des animaux, \u00ab\u00a0mais de mani\u00e8re subtile\u00a0\u00bb, insiste-t-elle. Aucun militantisme politique affich\u00e9, c\u2019est tout simplement une ode \u00e0 la nature, \u00e0 la vie, \u00e0 l\u2019humanit\u00e9. L\u2019id\u00e9e est de v\u00e9hiculer un message sans tomber dans la moralisation.<\/p>\n<p>Depuis sa cr\u00e9ation en 2020, la compagnie circassienne T\u2019es rien sans la Terre a multipli\u00e9 les performances\u00a0: T\u2019es rien sans la Terre (2021), Edelweiss (2023), Petit Fr\u00e8re (2024). Les spectacles et actions militantes se multiplient alors dans les fermes, les festivals et les th\u00e9\u00e2tres, rassemblant des familles et soutenant les petits producteurs locaux. Son engagement la conduira \u00e0 participer \u00e0 l <a href=\"https:\/\/www.republicain-lorrain.fr\/culture-loisirs\/2025\/04\/13\/ici-on-agit-devient-un-evenement-les-25-et-26-avril-a-nancy\" target=\"_blank\" rel=\"noopener\">\u2019\u00e9v\u00e9nement Ici on Agit\u00a0!, port\u00e9 par les journaux du groupe Ebra, L\u2019Est R\u00e9publicain , Le R\u00e9publicain Lorrain , Vosges Matin , Les Derni\u00e8res Nouvelles d\u2019Alsace et l\u2019Alsace \u00a0; o\u00f9 elle se produira donc les 25 et 26\u00a0avril \u00e0 Nancy<\/a>.<\/p>\n<p>  Rencontre entre po\u00e9sie et cirque<\/p>\n<p>Une rencontre entre po\u00e9sie et cirque contemporain o\u00f9 chaque performance est une m\u00e9taphore et un lien avec le vivant\u00a0: des bruits de tracteurs et une branche suspendue pour \u00e9voquer les ravages de la d\u00e9forestation, en passant par des sangles a\u00e9riennes et des tissus symbolisant la mer et le monde marin en grand danger, tout est bon pour sensibiliser un public de tout \u00e2ge. Certains viennent assister au spectacle d\u00e9j\u00e0 convaincus, d\u2019autres pour le plaisir des yeux. Ce qui est s\u00fbr, c\u2019est que tous en ressortent sensibles et touch\u00e9s.<\/p>\n<p>Le spectacle aura lieu <a href=\"https:\/\/www.republicain-lorrain.fr\/culture-loisirs\/2025\/04\/13\/ici-on-agit-devient-un-evenement-les-25-et-26-avril-a-nancy\" target=\"_blank\" rel=\"noopener\">vendredi et samedi au Centre Prouv\u00e9 \u00e0 Nancy<\/a> , avec quatre artistes de la troupe\u00a0: Ang\u00e8le Pelletier, Solan Ricciardi, Marine Larat et Asia Garelli. Petits et grands sont convi\u00e9s afin de cr\u00e9er ensemble une synergie en faveur du vivant.<\/p>\n<p class=\"note\">Informations compl\u00e9mentaires\u00a0: <a href=\"https:\/\/www.tesriensanslaterre.com\/\" target=\"_blank\" rel=\"noopener\">tesriensanslaterre.com<\/a><\/p>\n","protected":false},"excerpt":{"rendered":"Apr\u00e8s avoir visionn\u00e9 The Cove (2009), un documentaire sur le massacre des dauphins au Japon, faire passer un&hellip;\n","protected":false},"author":2,"featured_media":49858,"comment_status":"","ping_status":"","sticky":false,"template":"","format":"standard","meta":{"footnotes":""},"categories":[9635],"tags":[1111,11,1687,1704,436,1777,674,1011,27,775,9588,1702,1703,12,3456,25,3140,133],"class_list":{"0":"post-49857","1":"post","2":"type-post","3":"status-publish","4":"format-standard","5":"has-post-thumbnail","7":"category-nancy","8":"tag-actu","9":"tag-actualites","10":"tag-culture-loisirs","11":"tag-edition-nancy-et-agglomeration","12":"tag-environnement","13":"tag-eu","14":"tag-europe","15":"tag-fr","16":"tag-france","17":"tag-grand-est","18":"tag-ici-on-agit","19":"tag-nancy","20":"tag-nancy-ville-54b","21":"tag-news","22":"tag-region-lorraine","23":"tag-republique-francaise","24":"tag-spectacle","25":"tag-video"},"share_on_mastodon":{"url":"https:\/\/pubeurope.com\/@fr\/114394469733590972","error":""},"_links":{"self":[{"href":"https:\/\/www.europesays.com\/fr\/wp-json\/wp\/v2\/posts\/49857","targetHints":{"allow":["GET"]}}],"collection":[{"href":"https:\/\/www.europesays.com\/fr\/wp-json\/wp\/v2\/posts"}],"about":[{"href":"https:\/\/www.europesays.com\/fr\/wp-json\/wp\/v2\/types\/post"}],"author":[{"embeddable":true,"href":"https:\/\/www.europesays.com\/fr\/wp-json\/wp\/v2\/users\/2"}],"replies":[{"embeddable":true,"href":"https:\/\/www.europesays.com\/fr\/wp-json\/wp\/v2\/comments?post=49857"}],"version-history":[{"count":0,"href":"https:\/\/www.europesays.com\/fr\/wp-json\/wp\/v2\/posts\/49857\/revisions"}],"wp:featuredmedia":[{"embeddable":true,"href":"https:\/\/www.europesays.com\/fr\/wp-json\/wp\/v2\/media\/49858"}],"wp:attachment":[{"href":"https:\/\/www.europesays.com\/fr\/wp-json\/wp\/v2\/media?parent=49857"}],"wp:term":[{"taxonomy":"category","embeddable":true,"href":"https:\/\/www.europesays.com\/fr\/wp-json\/wp\/v2\/categories?post=49857"},{"taxonomy":"post_tag","embeddable":true,"href":"https:\/\/www.europesays.com\/fr\/wp-json\/wp\/v2\/tags?post=49857"}],"curies":[{"name":"wp","href":"https:\/\/api.w.org\/{rel}","templated":true}]}}