{"id":498572,"date":"2025-10-29T21:55:10","date_gmt":"2025-10-29T21:55:10","guid":{"rendered":"https:\/\/www.europesays.com\/fr\/498572\/"},"modified":"2025-10-29T21:55:10","modified_gmt":"2025-10-29T21:55:10","slug":"oskar-louw-larsen-fixe-pour-2026-actualite","status":"publish","type":"post","link":"https:\/\/www.europesays.com\/fr\/498572\/","title":{"rendered":"Oskar Louw Larsen fix\u00e9 pour 2026 &#8211; Actualit\u00e9"},"content":{"rendered":"<p style=\"text-align: justify;\">Oskar Louw Larsen a trouv\u00e9 son \u00e9quipe pour 2026. Celui qui \u00e9tait Junior 2 cette ann\u00e9e, au sein d&rsquo;Uno-X-Carl Ras Roskilde, s&rsquo;est engag\u00e9 avec Airtox-Carl Ras, une Continentale de son pays.<\/p>\n<p><strong><a href=\"https:\/\/www.directvelo.com\/coureur\/60631\/oskar-louw-larsen\" target=\"_blank\" rel=\"noopener\">Oskar Louw Larsen<\/a><\/strong>, pas encore 18 ans, est le vainqueur du Tour du Pays de Vaud, manche de la Coupe des Nations, o\u00f9 il est entr\u00e9 dans le Top 10 d&rsquo;une \u00e9tape. Toujours \u00e0 ce niveau, il a termin\u00e9 4e d&rsquo;une \u00e9tape de la Course de la Paix.<\/p>\n<p>Le Danois a \u00e9galement pris une 10e place d&rsquo;\u00e9tape au GP R\u00fcebliland, avant de terminer 12e du g\u00e9n\u00e9ral, la 11e de son Championnat national sur la course en ligne, et la 12e au chrono, ou encore la 15e du\u00a0Troph\u00e9e Emilio Paganessi, en UCI.<\/p>\n<p>Retrouvez tous les transferts de Conti <strong><a href=\"https:\/\/www.directvelo.com\/mutations\/2026#pro-conti\" target=\"_blank\" rel=\"noopener\">en cliquant ici<\/a><\/strong>.<\/p>\n","protected":false},"excerpt":{"rendered":"Oskar Louw Larsen a trouv\u00e9 son \u00e9quipe pour 2026. Celui qui \u00e9tait Junior 2 cette ann\u00e9e, au sein&hellip;\n","protected":false},"author":2,"featured_media":498573,"comment_status":"","ping_status":"","sticky":false,"template":"","format":"standard","meta":{"footnotes":""},"categories":[1411],"tags":[834,828,836,829,837,827,83,826,824,823,1154,207,814,817,815,816,822,821,832,211,839,1011,27,820,818,819,835,831,830,833,838,60,212,208,825],"class_list":{"0":"post-498572","1":"post","2":"type-post","3":"status-publish","4":"format-standard","5":"has-post-thumbnail","7":"category-cyclisme","8":"tag-attaque","9":"tag-belgique","10":"tag-braquet","11":"tag-bretagne","12":"tag-chute","13":"tag-competition","14":"tag-coupe-de-france","15":"tag-coureur","16":"tag-course-cyclisme","17":"tag-course-cycliste","18":"tag-cycling","19":"tag-cyclisme","20":"tag-direct","21":"tag-direct-velo","22":"tag-directvelo","23":"tag-directvelo-com","24":"tag-epreuve","25":"tag-epreuve-cycliste","26":"tag-federation-francaise-de-cyclisme","27":"tag-ffc","28":"tag-flandres","29":"tag-fr","30":"tag-france","31":"tag-live","32":"tag-live-course","33":"tag-live-epreuve","34":"tag-peloton","35":"tag-radio-peloton","36":"tag-radio-tour","37":"tag-ravitaillement","38":"tag-relance","39":"tag-sports","40":"tag-uci","41":"tag-velo","42":"tag-velos"},"share_on_mastodon":{"url":"https:\/\/pubeurope.com\/@fr\/115459687898423984","error":""},"_links":{"self":[{"href":"https:\/\/www.europesays.com\/fr\/wp-json\/wp\/v2\/posts\/498572","targetHints":{"allow":["GET"]}}],"collection":[{"href":"https:\/\/www.europesays.com\/fr\/wp-json\/wp\/v2\/posts"}],"about":[{"href":"https:\/\/www.europesays.com\/fr\/wp-json\/wp\/v2\/types\/post"}],"author":[{"embeddable":true,"href":"https:\/\/www.europesays.com\/fr\/wp-json\/wp\/v2\/users\/2"}],"replies":[{"embeddable":true,"href":"https:\/\/www.europesays.com\/fr\/wp-json\/wp\/v2\/comments?post=498572"}],"version-history":[{"count":0,"href":"https:\/\/www.europesays.com\/fr\/wp-json\/wp\/v2\/posts\/498572\/revisions"}],"wp:featuredmedia":[{"embeddable":true,"href":"https:\/\/www.europesays.com\/fr\/wp-json\/wp\/v2\/media\/498573"}],"wp:attachment":[{"href":"https:\/\/www.europesays.com\/fr\/wp-json\/wp\/v2\/media?parent=498572"}],"wp:term":[{"taxonomy":"category","embeddable":true,"href":"https:\/\/www.europesays.com\/fr\/wp-json\/wp\/v2\/categories?post=498572"},{"taxonomy":"post_tag","embeddable":true,"href":"https:\/\/www.europesays.com\/fr\/wp-json\/wp\/v2\/tags?post=498572"}],"curies":[{"name":"wp","href":"https:\/\/api.w.org\/{rel}","templated":true}]}}