{"id":498574,"date":"2025-10-29T21:57:18","date_gmt":"2025-10-29T21:57:18","guid":{"rendered":"https:\/\/www.europesays.com\/fr\/498574\/"},"modified":"2025-10-29T21:57:18","modified_gmt":"2025-10-29T21:57:18","slug":"tout-beau-tout-neuf-honteux-aucun-respect-ecoeurant-elle-se-fait-tout-le-temps-humilier-arretez-de-la-maltraiter-la-toile-denonce-lattitude-de-cyril-hanouna-et-des-chroniqueurs-enve","status":"publish","type":"post","link":"https:\/\/www.europesays.com\/fr\/498574\/","title":{"rendered":"Tout beau tout neuf &#8211; \u00ab\u00a0Honteux, aucun respect\u00a0\u00bb, \u00ab\u00a0\u00c9coeurant\u00a0\u00bb, \u00ab\u00a0Elle se fait tout le temps humilier\u00a0\u00bb, \u00ab\u00a0Arr\u00eatez de la maltraiter !\u00a0\u00bb : la Toile d\u00e9nonce l&rsquo;attitude de Cyril Hanouna et des chroniqueurs envers Isabelle Morini-Bosc"},"content":{"rendered":"<p class=\"mb-4 text-lg md:leading-8 break-words\">En annon\u00e7ant l&rsquo;arriv\u00e9e de Cyril Hanouna avec<a data-i13n=\"cpos:1;pos:1\" href=\"https:\/\/fr.news.yahoo.com\/tout-beau-tout-neuf-je-la-veux-a-la-place-de-delormeau-recrute-la-cyril-elle-est-tellement-cash-la-meilleure-animatrice-christine-bravo-nouvelle-chroniqueuse-de-cyril-hanouna-les-internautes-valident-201627666.html\" data-ylk=\"slk:&quot;Tout beau tout neuf&quot;;cpos:1;pos:1;elm:context_link;itc:0;sec:content-canvas;outcm:mb_qualified_link;_E:mb_qualified_link;ct:story;\" class=\"link  yahoo-link\" target=\"_blank\" rel=\"noopener\"> \u00ab\u00a0Tout beau tout neuf\u00a0\u00bb<\/a>, les dirigeants de W9 l&rsquo;assuraient : ce nouveau talk ne sera pas tout \u00e0 fait comme feu <a data-i13n=\"cpos:2;pos:1\" href=\"https:\/\/fr.news.yahoo.com\/tout-beau-tout-neuf-terriblement-genant-hanouna-le-ringard-ultime-un-desastre-je-suis-trop-genee-par-ce-que-je-vois-le-retour-de-cyril-hanouna-sur-w9-provoque-le-malaise-general-sur-la-toile-170649216.html\" data-ylk=\"slk:&quot;Touche Pas \u00e0 Mon Poste&quot; sur C8.;cpos:2;pos:1;elm:context_link;itc:0;sec:content-canvas;outcm:mb_qualified_link;_E:mb_qualified_link;ct:story;\" class=\"link  yahoo-link\" target=\"_blank\" rel=\"noopener\">\u00ab\u00a0Touche Pas \u00e0 Mon Poste\u00a0\u00bb sur C8. <\/a>Mais force est de constater que depuis le d\u00e9but de la saison, les internautes n&rsquo;ont pas \u00e9t\u00e9 d\u00e9pays\u00e9s. En t\u00e9moignent leurs r\u00e9actions ulc\u00e9r\u00e9es ce mercredi 29 octobre&#8230;<\/p>\n<p class=\"mb-4 text-lg md:leading-8 break-words\"><strong>Vid\u00e9o. D\u00e9couvrez La Minute de Cyril Hanouna<\/strong><\/p>\n<p>Cyril Hanouna, le roi du clash<\/p>\n<p class=\"mb-4 text-lg md:leading-8 break-words\">On le sait : depuis ses d\u00e9buts aux commandes de son propre talk &#8211; d&rsquo;abord \u00ab\u00a0TPMP\u00a0\u00bb et aujourd&rsquo;hui \u00ab\u00a0Tout beau tout neuf\u00a0\u00bb &#8211; <a data-i13n=\"cpos:3;pos:1\" href=\"https:\/\/fr.news.yahoo.com\/tbt9-cest-une-blague-superbe-recrue-je-zappe-il-a-toute-sa-place-larrivee-dad-laurent-en-tant-que-chroniqueur-dans-le-talk-show-de-cyril-hanouna-fait-leffet-dune-bombe-aupres-des-internautes-204556815.html\" data-ylk=\"slk:Cyril Hanouna est pass\u00e9 ma\u00eetre en l&#039;art de la s\u00e9quence buzz;cpos:3;pos:1;elm:context_link;itc:0;sec:content-canvas;outcm:mb_qualified_link;_E:mb_qualified_link;ct:story;\" class=\"link  yahoo-link\" target=\"_blank\" rel=\"noopener\">Cyril Hanouna est pass\u00e9 ma\u00eetre en l&rsquo;art de la s\u00e9quence buzz<\/a>. Pour ce faire, l&rsquo;animateur a plusieurs cordes \u00e0 son arc. Lorsqu&rsquo;il ne tacle pas l&rsquo;un de ses nombreux ennemis de l&rsquo;univers t\u00e9l\u00e9visuel, ou qu&rsquo;il ne pousse pas un coup de gueule qui n&rsquo;a rien \u00e0 voir avec le petit \u00e9cran, c&rsquo;est \u00e0 certains de ses chroniqueurs que Cyril Hanouna aime s&rsquo;en prendre. Certains diront \u00ab\u00a0avec humour\u00a0\u00bb, d&rsquo;autres parleront d&rsquo;agressivit\u00e9. C&rsquo;est le cas des internautes qui ont suivi le num\u00e9ro in\u00e9dit de \u00ab\u00a0Tout beau tout neuf\u00a0\u00bb diffus\u00e9 ce mercredi 29 octobre sur W9.<\/p>\n<p>\u00ab\u00a0Nan mais sans rigoler, t&rsquo;as 150 ans !\u00a0\u00bb<\/p>\n<p class=\"mb-4 text-lg md:leading-8 break-words\">D\u00e8s les premi\u00e8res minutes de l&rsquo;\u00e9mission, et comme \u00e0 chaque d\u00e9but de num\u00e9ro, Cyril Hanouna a anim\u00e9 un jeu qui tournait cette fois autour de l&rsquo;univers d&rsquo;Ast\u00e9rix et Ob\u00e9lix. Chacun des chroniqueurs a ainsi \u00e9t\u00e9 pri\u00e9 de donner de sa personne en r\u00e9pondant \u00e0 des questions tout en buvant une \u00e9trange potion magique. Apr\u00e8s<a data-i13n=\"cpos:4;pos:1\" href=\"https:\/\/fr.news.yahoo.com\/tout-beau-tout-neuf-il-nous-prend-pour-des-jambons-hanouna-mensonge-magouille-et-compagnie-cest-la-preuve-quil-ne-reviendra-jamais-a-la-tele-ils-nont-aucune-confiance-w9-ne-veut-pas-de-proces-les-internautes-fustigent-la-sequence-enregistree-de-matthieu-delormeau-200742113.html\" data-ylk=\"slk:Matthieu Delormeau;cpos:4;pos:1;elm:context_link;itc:0;sec:content-canvas;outcm:mb_qualified_link;_E:mb_qualified_link;ct:story;\" class=\"link  yahoo-link\" target=\"_blank\" rel=\"noopener\"> Matthieu Delormeau<\/a> et Polska, ce fut au tour de Jordan De Luxe et Isabelle Morini-Bosc de se pr\u00e9senter autour de la fameuse potion. D\u00e8s qu&rsquo;elle s&rsquo;est lev\u00e9e, Isabelle Morini-Bosc en a pris pour son grade, charri\u00e9e par Cyril Hanouna sur sa tenue \u00ab\u00a0des ann\u00e9es 60\u00a0\u00bb. Et puis, l&rsquo;animateur a lev\u00e9 le ton sur sa chroniqueuse, coupable \u00e0 son sens de ne pas savoir se placer sur le plateau. \u00ab\u00a0Nan mais sans rigoler ! T&rsquo;as 150 ans, t&rsquo;as 80 ans de t\u00e9l\u00e9, tu vois pas que la cam\u00e9ra est l\u00e0 sans d\u00e9conner ?!\u00a0\u00bb a l\u00e2ch\u00e9 l&rsquo;animateur d&rsquo;un ton irascible.<\/p>\n<p>\u00ab\u00a0Cyril ton comportement vis-\u00e0-vis d&rsquo;Isabelle devient de plus en plus \u00e9coeurant\u00a0\u00bb<\/p>\n<p class=\"mb-4 text-lg md:leading-8 break-words\">Une boutade qui a fait bien rire le reste des chroniqueurs, et qui n&rsquo;\u00e9tait que la premi\u00e8re d&rsquo;une longue liste, comme toujours. Car depuis des ann\u00e9es, Cyril Hanouna et ses \u00e9quipes ont fait des vannes autour de l&rsquo;\u00e2ge d&rsquo;Isabelle Morini-Bosc une vraie marque de fabrique de l&rsquo;\u00e9mission. Matthieu Delormeau la surnomme d&rsquo;ailleurs \u00ab\u00a0Mamie\u00a0\u00bb, tandis que Gilles Verdez, assis \u00e0 c\u00f4t\u00e9 d&rsquo;elle sur le plateau, aime crier dans ses oreilles. Sauf que ce mercredi, pour les internautes, Isabelle Morini-Bosc en a un peu trop pris pour son grade. Sur X, ils ont \u00e9t\u00e9 nombreux \u00e0 s&rsquo;offusquer d&rsquo;ainsi voir la chroniqueuse \u00ab\u00a0humili\u00e9e\u00a0\u00bb et \u00ab\u00a0maltrait\u00e9e\u00a0\u00bb par Cyril Hanouna. Pour eux, la chroniqueuse n&rsquo;est pas assez prise au s\u00e9rieux et la situation n&rsquo;a que trop dur\u00e9&#8230;<\/p>\n","protected":false},"excerpt":{"rendered":"En annon\u00e7ant l&rsquo;arriv\u00e9e de Cyril Hanouna avec \u00ab\u00a0Tout beau tout neuf\u00a0\u00bb, les dirigeants de W9 l&rsquo;assuraient : ce&hellip;\n","protected":false},"author":2,"featured_media":498575,"comment_status":"","ping_status":"","sticky":false,"template":"","format":"standard","meta":{"footnotes":""},"categories":[1359],"tags":[1083,58,59,1011,27,55446,16182,7830,973],"class_list":{"0":"post-498574","1":"post","2":"type-post","3":"status-publish","4":"format-standard","5":"has-post-thumbnail","7":"category-people","8":"tag-cyril-hanouna","9":"tag-divertissement","10":"tag-entertainment","11":"tag-fr","12":"tag-france","13":"tag-isabelle","14":"tag-isabelle-morini-bosc","15":"tag-matthieu-delormeau","16":"tag-people"},"share_on_mastodon":{"url":"https:\/\/pubeurope.com\/@fr\/115459696009413078","error":""},"_links":{"self":[{"href":"https:\/\/www.europesays.com\/fr\/wp-json\/wp\/v2\/posts\/498574","targetHints":{"allow":["GET"]}}],"collection":[{"href":"https:\/\/www.europesays.com\/fr\/wp-json\/wp\/v2\/posts"}],"about":[{"href":"https:\/\/www.europesays.com\/fr\/wp-json\/wp\/v2\/types\/post"}],"author":[{"embeddable":true,"href":"https:\/\/www.europesays.com\/fr\/wp-json\/wp\/v2\/users\/2"}],"replies":[{"embeddable":true,"href":"https:\/\/www.europesays.com\/fr\/wp-json\/wp\/v2\/comments?post=498574"}],"version-history":[{"count":0,"href":"https:\/\/www.europesays.com\/fr\/wp-json\/wp\/v2\/posts\/498574\/revisions"}],"wp:featuredmedia":[{"embeddable":true,"href":"https:\/\/www.europesays.com\/fr\/wp-json\/wp\/v2\/media\/498575"}],"wp:attachment":[{"href":"https:\/\/www.europesays.com\/fr\/wp-json\/wp\/v2\/media?parent=498574"}],"wp:term":[{"taxonomy":"category","embeddable":true,"href":"https:\/\/www.europesays.com\/fr\/wp-json\/wp\/v2\/categories?post=498574"},{"taxonomy":"post_tag","embeddable":true,"href":"https:\/\/www.europesays.com\/fr\/wp-json\/wp\/v2\/tags?post=498574"}],"curies":[{"name":"wp","href":"https:\/\/api.w.org\/{rel}","templated":true}]}}