{"id":498578,"date":"2025-10-29T22:00:16","date_gmt":"2025-10-29T22:00:16","guid":{"rendered":"https:\/\/www.europesays.com\/fr\/498578\/"},"modified":"2025-10-29T22:00:16","modified_gmt":"2025-10-29T22:00:16","slug":"eve-inconsolable-depuis-la-mort-deliott-kira-victime-de-racisme-boris-perd-pied-le-resume-de-lepisode-1782-du-jeudi-30-octobre-2025","status":"publish","type":"post","link":"https:\/\/www.europesays.com\/fr\/498578\/","title":{"rendered":"Eve inconsolable depuis la mort d&rsquo;Eliott, Kira victime de racisme, Boris perd pied\u2026 Le r\u00e9sum\u00e9 de l&rsquo;\u00e9pisode 1782 du jeudi 30 octobre 2025"},"content":{"rendered":"<p><b>Jeudi 30 octobre 2025 dans l&rsquo;\u00e9pisode 1782 d&rsquo;<\/b><b>Un si grand soleil<\/b><b>, diffus\u00e9 \u00e0 partir de 20h45 sur France 3<\/b>, Eve peine \u00e0 surmonter <a href=\"https:\/\/www.programme-tv.net\/news\/series-tv\/390720-exclu-un-si-grand-soleil-j-etais-mort-donc-j-en-ai-profite-pour-l-etonnante-anecdote-de-stephane-monpetit-eliott-a-propos-de-la-scene-a-la-morgue\/\" data-api-deeplink=\"teleloisirs:\/\/news\/390720\" target=\"_blank\" rel=\"noopener\">la mort d&rsquo;Eliott<\/a> et trouve un peu de r\u00e9confort aupr\u00e8s de Muriel et de son petit-fils Toma. De son c\u00f4t\u00e9, Kira, <a href=\"https:\/\/www.programme-tv.net\/news\/series-tv\/389725-un-si-grand-soleil-en-avance-ludo-tue-dans-un-eboulement-provoque-par-laverne-kira-de-retour-thais-et-louis-en-couple-le-resume-de-l-episode-1771-du-mercredi-15-octobre-2025\/\" data-api-deeplink=\"teleloisirs:\/\/news\/389725\" target=\"_blank\" rel=\"noopener\">qui a r\u00e9cemment fait son retour dans la s\u00e9rie<\/a>, retrouve son ami Pascal venu de Paris et vit une exp\u00e9rience douloureuse lorsqu&rsquo;ils sont victimes de racisme dans un restaurant montpelli\u00e9rain. Quant \u00e0 Boris, il semble de plus en plus troubl\u00e9 depuis la disparition d&rsquo;Eliott. Alors qu&rsquo;il se trouve seul dans les locaux de L Cosm\u00e9tiques, le jeune homme croit voir le fant\u00f4me de celui avec qui il \u00e9tait en conflit. Un choc qui le d\u00e9stabilise compl\u00e8tement.<\/p>\n<p>Un si grand soleil en avance : Eve au plus mal depuis la mort d&rsquo;Eliott<\/p>\n<p>Toujours an\u00e9antie par la mort d&rsquo;Eliott, Eve passe ses journ\u00e9es \u00e0 regarder des photos de son fils lorsqu&rsquo;il \u00e9tait enfant. Manu tente de prendre de ses nouvelles et lui propose son aide pour pr\u00e9parer l&rsquo;enterrement, pr\u00e9vu le lendemain. Mais la professeure, \u00e0 bout de nerfs, le rejette s\u00e8chement. Plus tard, Eve se rend chez Muriel et la remercie de l&rsquo;avoir laiss\u00e9e s&rsquo;occuper de Toma. Muriel l&rsquo;encourage \u00e0 ne pas rester seule et lui rappelle qu&rsquo;elles forment une famille. Eve lui confie qu&rsquo;elle perd pied lorsqu&rsquo;elle reste chez elle, mais refuse malgr\u00e9 tout de s&rsquo;installer chez son ex-belle-fille car elle ne souhaite pas que son petit-fils la voie dans cet \u00e9tat de d\u00e9tresse.<\/p>\n<p>                        Un si grand soleil en avance : Kira et son ami Pascal victimes de racisme<\/p>\n<p>Avant le d\u00e9part de Tha\u00efs pour Marseille, Kira la contacte pour lui parler d&rsquo;un article qu&rsquo;elle r\u00e9dige sur les cryptomonnaies pour Le Midi Libre. Tha\u00efs en profite pour lui annoncer qu&rsquo;elle va vivre avec Louis, ce qui r\u00e9jouit sinc\u00e8rement Kira. Un peu plus tard, \u00e0 la gare de Montpellier, la jeune femme retrouve son ami Pascal, venu de Paris. Ensemble, ils d\u00e9cident de d\u00eener au restaurant, mais se font refouler sous pr\u00e9texte qu&rsquo;ils n&rsquo;ont pas r\u00e9serv\u00e9. Lorsqu&rsquo;ils constatent que d&rsquo;autres clients sans r\u00e9servation sont accept\u00e9s, Kira comprend qu&rsquo;ils viennent d&rsquo;\u00eatre victimes de racisme. En col\u00e8re, elle veut porter plainte, mais Pascal la d\u00e9courage en lui expliquant qu&rsquo;il a d\u00e9j\u00e0 tent\u00e9 cette d\u00e9marche dans le pass\u00e9, sans r\u00e9sultat.<\/p>\n<p>            Un si grand soleil en avance : Boris hant\u00e9 par le fant\u00f4me d&rsquo;Eliott<\/p>\n<p>Depuis la mort d&rsquo;Eliott, Boris semble compl\u00e8tement d\u00e9stabilis\u00e9. Il devait d\u00eener avec Laurine, mais a brusquement annul\u00e9. Inqui\u00e8te, la jeune femme confie \u00e0 leur m\u00e8re qu&rsquo;il agit \u00e9trangement et qu&rsquo;il aurait fait un malaise vagal le jour du drame, alors qu&rsquo;il n&rsquo;en avait jamais eu auparavant. Sa m\u00e8re la rabroue aussit\u00f4t, assurant qu&rsquo;Eliott \u00e9tait instable et qu&rsquo;il est impossible que Boris ait un lien avec sa mort.<br \/>Mais Laurine n&rsquo;en est pas convaincue. Selon elle, un accident peut vite arriver. <a href=\"https:\/\/www.programme-tv.net\/news\/series-tv\/390707-un-si-grand-soleil-en-avance-boris-est-il-implique-dans-le-meurtre-d-eliott-manu-enquete-et-decouvre-un-element-capital-le-resume-de-l-episode-1781-du-mercredi-29-octobre-2025\/\" data-api-deeplink=\"teleloisirs:\/\/news\/390707\" target=\"_blank\" rel=\"noopener\">D&rsquo;autant qu&rsquo;Alex soup\u00e7onne lui aussi Boris<\/a> d&rsquo;\u00eatre impliqu\u00e9 dans cette trag\u00e9die.<\/p>\n<p>De son c\u00f4t\u00e9, Boris, visiblement perturb\u00e9, croit voir le fant\u00f4me d&rsquo;Eliott alors qu&rsquo;il est au t\u00e9l\u00e9phone avec sa m\u00e8re, dans les locaux de L Cosm\u00e9tiques. Et si le compagnon de Muriel cachait quelque chose ?<\/p>\n","protected":false},"excerpt":{"rendered":"Jeudi 30 octobre 2025 dans l&rsquo;\u00e9pisode 1782 d&rsquo;Un si grand soleil, diffus\u00e9 \u00e0 partir de 20h45 sur France&hellip;\n","protected":false},"author":2,"featured_media":498579,"comment_status":"","ping_status":"","sticky":false,"template":"","format":"standard","meta":{"footnotes":""},"categories":[1356],"tags":[244,3934,58,59,1011,27,876,22198,252,5251,1364,9766,26118,26117],"class_list":{"0":"post-498578","1":"post","2":"type-post","3":"status-publish","4":"format-standard","5":"has-post-thumbnail","7":"category-television","8":"tag-commentaire","9":"tag-coulisses","10":"tag-divertissement","11":"tag-entertainment","12":"tag-fr","13":"tag-france","14":"tag-france-3","15":"tag-france-tv","16":"tag-television","17":"tag-tu00e9lu00e9-loisirs","18":"tag-tv","19":"tag-un-si-grand-soleil","20":"tag-un-si-grand-soleil-ru00e9sumu00e9","21":"tag-un-si-grand-soleil-ru00e9sumu00e9-en-avance"},"share_on_mastodon":{"url":"https:\/\/pubeurope.com\/@fr\/115459707903507666","error":""},"_links":{"self":[{"href":"https:\/\/www.europesays.com\/fr\/wp-json\/wp\/v2\/posts\/498578","targetHints":{"allow":["GET"]}}],"collection":[{"href":"https:\/\/www.europesays.com\/fr\/wp-json\/wp\/v2\/posts"}],"about":[{"href":"https:\/\/www.europesays.com\/fr\/wp-json\/wp\/v2\/types\/post"}],"author":[{"embeddable":true,"href":"https:\/\/www.europesays.com\/fr\/wp-json\/wp\/v2\/users\/2"}],"replies":[{"embeddable":true,"href":"https:\/\/www.europesays.com\/fr\/wp-json\/wp\/v2\/comments?post=498578"}],"version-history":[{"count":0,"href":"https:\/\/www.europesays.com\/fr\/wp-json\/wp\/v2\/posts\/498578\/revisions"}],"wp:featuredmedia":[{"embeddable":true,"href":"https:\/\/www.europesays.com\/fr\/wp-json\/wp\/v2\/media\/498579"}],"wp:attachment":[{"href":"https:\/\/www.europesays.com\/fr\/wp-json\/wp\/v2\/media?parent=498578"}],"wp:term":[{"taxonomy":"category","embeddable":true,"href":"https:\/\/www.europesays.com\/fr\/wp-json\/wp\/v2\/categories?post=498578"},{"taxonomy":"post_tag","embeddable":true,"href":"https:\/\/www.europesays.com\/fr\/wp-json\/wp\/v2\/tags?post=498578"}],"curies":[{"name":"wp","href":"https:\/\/api.w.org\/{rel}","templated":true}]}}