{"id":498584,"date":"2025-10-29T22:03:13","date_gmt":"2025-10-29T22:03:13","guid":{"rendered":"https:\/\/www.europesays.com\/fr\/498584\/"},"modified":"2025-10-29T22:03:13","modified_gmt":"2025-10-29T22:03:13","slug":"la-region-parisienne-touchee-par-lepidemie-de-bronchiolite-indique-lagence-de-sante-publique","status":"publish","type":"post","link":"https:\/\/www.europesays.com\/fr\/498584\/","title":{"rendered":"La r\u00e9gion parisienne touch\u00e9e par l&rsquo;\u00e9pid\u00e9mie de bronchiolite, indique l\u2019agence de sant\u00e9 publique"},"content":{"rendered":"<p>                             Par Le Figaro avec AFP<\/p>\n<p>                Le 29 octobre 2025 \u00e0 16h27<\/p>\n<p>    La maladie reste sans gravit\u00e9 mais est susceptible de provoquer des complications chez les nourrissons et de les conduire \u00e0 l\u2019h\u00f4pital. (Image d\u2019illustration)<br \/>\n                ADOBE STOCK<\/p>\n<p>\n    Maladie qui touche essentiellement les b\u00e9b\u00e9s, \u00ables indicateurs syndromiques li\u00e9s \u00e0 la bronchiolite augmentaient en ville et \u00e0 l\u2019h\u00f4pital\u00bb a annonc\u00e9 mercredi Sant\u00e9 publique France.<\/p>\n<p class=\"fig-paragraph\">Comme chaque ann\u00e9e,\u00a0<a href=\"http:\/\/sante.lefigaro.fr\/social\/sante-publique\/au-canada-une-epidemie-de-rougeole-bien-plus-grave-qu-aux-etats-unis-20251028\" target=\"_blank\" data-fig-type=\"NewsFlash\" rel=\"noopener\" data-gtm-custom-categorie=\"navigation\" data-gtm-custom-action=\"crossclick\" data-gtm-custom-label=\"Contextuel\" data-gtm-event=\"customEventSPE\" data-fig-domain=\"SANTE\">l&rsquo;\u00e9pid\u00e9mie<\/a>\u00a0de<a href=\"https:\/\/sante.lefigaro.fr\/sante\/maladie\/bronchiolites-chez-lenfant\/quest-ce-que-cest\" target=\"_blank\" data-fig-type=\"Keyword\" rel=\"noopener\" data-gtm-custom-categorie=\"navigation\" data-gtm-custom-action=\"crossclick\" data-gtm-custom-label=\"Contextuel\" data-gtm-event=\"customEventSPE\" data-fig-domain=\"SANTE\">\u00a0bronchiolite<\/a>, qui frappe notamment les b\u00e9b\u00e9s, a d\u00e9sormais commenc\u00e9\u00a0<a href=\"http:\/\/sante.lefigaro.fr\/social\/sante-publique\/l-accalmie-se-confirme-pour-le-chikungunya-en-metropole-20251029\" target=\"_blank\" data-fig-type=\"NewsFlash\" rel=\"noopener\" data-gtm-custom-categorie=\"navigation\" data-gtm-custom-action=\"crossclick\" data-gtm-custom-label=\"Contextuel\" data-gtm-event=\"customEventSPE\" data-fig-domain=\"SANTE\">en France<\/a>, la r\u00e9gion parisienne \u00e9tant la premi\u00e8re \u00e0 \u00eatre touch\u00e9e, a annonc\u00e9 mercredi l&rsquo;agence de sant\u00e9 publique. Lors de la semaine \u00e9coul\u00e9e au 26 octobre, \u00ables indicateurs syndromiques li\u00e9s \u00e0 la bronchiolite augmentaient en ville et \u00e0 l&rsquo;h\u00f4pital, \u00e0 des niveaux proches de la saison pr\u00e9c\u00e9dente \u00e0 la m\u00eame p\u00e9riode\u00bb, r\u00e9sume Sant\u00e9 publique France (SPF) dans un bilan hebdomadaire des principales maladies respiratoires de l&rsquo;automne-hiver. L&rsquo;\u00cele-de-France est d\u00e9sormais pass\u00e9e en phase \u00e9pid\u00e9mique pour cette maladie g\u00e9n\u00e9ralement sans gravit\u00e9 mais susceptible de provoquer des complications chez les nourrissons et de les conduire \u00e0 l&rsquo;h\u00f4pital.<\/p>\n<p class=\"fig-paragraph\">Comme chaque ann\u00e9e, les autres r\u00e9gions de m\u00e9tropole devraient \u00eatre gagn\u00e9es \u00e0 plus ou moins long terme par l&rsquo;\u00e9pid\u00e9mie, \u00e0 commencer par la Normandie qui reste pour l&rsquo;heure en phase \u00abpr\u00e9-\u00e9pid\u00e9mique\u00bb pour la troisi\u00e8me semaine cons\u00e9cutive. Chaque ann\u00e9e, au moment de l&rsquo;automne et de l&rsquo;hiver, la bronchiolite frappe de nombreux b\u00e9b\u00e9s en France, le plus souvent \u00e0 la suite d&rsquo;une infection au virus respiratoire syncytial (VRS) qui peut aussi menacer des personnes \u00e2g\u00e9es.<\/p>\n<p>                                    <a class=\"fig-a11y-skip a11y-hidden\" href=\"#fig-a11y-skip-main-inarticle\"><br \/>\n        Passer la publicit\u00e9<br \/>\n    <\/a><\/p>\n<p class=\"fig-paragraph\">Dor\u00e9navant, une campagne d&rsquo;immunisation contre le VRS est lanc\u00e9e chaque ann\u00e9e. Deux strat\u00e9gies sont possibles \u00e0 l&rsquo;aide de deux traitements distincts: la vaccination de la femme enceinte par l&rsquo;Abrysvo de Pfizer, ou l&rsquo;immunisation des nourrissons par le Beyfortus de Sanofi et AstraZeneca. Reste que \u00abd&rsquo;autres virus susceptibles d&rsquo;induire des bronchiolites circulent dans l&rsquo;Hexagone, notamment les rhinovirus\u00bb, pr\u00e9vient Sant\u00e9 publique France.<\/p>\n<p>Une campagne de communication<\/p>\n<p class=\"fig-paragraph\">L&rsquo;agence fait aussi le point sur le Covid et la grippe, pour lesquels une campagne de vaccination coupl\u00e9e a commenc\u00e9 mi-octobre aupr\u00e8s des plus \u00e0 risque, principalement les plus de 65 ans mais aussi les femmes enceintes et beaucoup de malades chroniques. C\u00f4t\u00e9 Covid, les indicateurs ont diminu\u00e9 en m\u00e9decine de ville et sont rest\u00e9s stables \u00e0 l&rsquo;h\u00f4pital. Quant \u00e0 la grippe, particuli\u00e8rement s\u00e9v\u00e8re la saison pr\u00e9c\u00e9dente, seuls quelques cas \u00absporadiques\u00bb sont enregistr\u00e9s.<\/p>\n<p class=\"fig-paragraph\">Sant\u00e9 publique France a lanc\u00e9 la semaine derni\u00e8re une campagne de communication &#8211; spots TV et radio, affichage&#8230; &#8211; pour inciter \u00e0 respecter les trois principaux gestes de protection contre l&rsquo;ensemble de ces maladies. Il s&rsquo;agit de mettre un masque \u00abd\u00e8s les premiers sympt\u00f4mes\u00bb, de se laver souvent et correctement les mains, et d&rsquo;a\u00e9rer r\u00e9guli\u00e8rement les pi\u00e8ces.<\/p>\n","protected":false},"excerpt":{"rendered":"Par Le Figaro avec AFP Le 29 octobre 2025 \u00e0 16h27 La maladie reste sans gravit\u00e9 mais est&hellip;\n","protected":false},"author":2,"featured_media":498585,"comment_status":"","ping_status":"","sticky":false,"template":"","format":"standard","meta":{"footnotes":""},"categories":[10],"tags":[8704,47,8699,58155,8707,8706,4988,1011,27,8705,72,8700,5362,226,224,8701,225,8702,298,71,8703,801,227],"class_list":{"0":"post-498584","1":"post","2":"type-post","3":"status-publish","4":"format-standard","5":"has-post-thumbnail","7":"category-sante","8":"tag-actu-sante","9":"tag-actualite","10":"tag-actualite-sante","11":"tag-bronchiolite","12":"tag-conseil-medical","13":"tag-conseils-medicaux","14":"tag-forme","15":"tag-fr","16":"tag-france","17":"tag-guide-des-medicaments","18":"tag-health","19":"tag-info-sante","20":"tag-magazine-sante","21":"tag-maladie","22":"tag-medecine","23":"tag-medical","24":"tag-medicament","25":"tag-nutrition-et-sante","26":"tag-psychologie","27":"tag-sante","28":"tag-sexualite","29":"tag-social","30":"tag-traitement"},"share_on_mastodon":{"url":"https:\/\/pubeurope.com\/@fr\/115459719392194956","error":""},"_links":{"self":[{"href":"https:\/\/www.europesays.com\/fr\/wp-json\/wp\/v2\/posts\/498584","targetHints":{"allow":["GET"]}}],"collection":[{"href":"https:\/\/www.europesays.com\/fr\/wp-json\/wp\/v2\/posts"}],"about":[{"href":"https:\/\/www.europesays.com\/fr\/wp-json\/wp\/v2\/types\/post"}],"author":[{"embeddable":true,"href":"https:\/\/www.europesays.com\/fr\/wp-json\/wp\/v2\/users\/2"}],"replies":[{"embeddable":true,"href":"https:\/\/www.europesays.com\/fr\/wp-json\/wp\/v2\/comments?post=498584"}],"version-history":[{"count":0,"href":"https:\/\/www.europesays.com\/fr\/wp-json\/wp\/v2\/posts\/498584\/revisions"}],"wp:featuredmedia":[{"embeddable":true,"href":"https:\/\/www.europesays.com\/fr\/wp-json\/wp\/v2\/media\/498585"}],"wp:attachment":[{"href":"https:\/\/www.europesays.com\/fr\/wp-json\/wp\/v2\/media?parent=498584"}],"wp:term":[{"taxonomy":"category","embeddable":true,"href":"https:\/\/www.europesays.com\/fr\/wp-json\/wp\/v2\/categories?post=498584"},{"taxonomy":"post_tag","embeddable":true,"href":"https:\/\/www.europesays.com\/fr\/wp-json\/wp\/v2\/tags?post=498584"}],"curies":[{"name":"wp","href":"https:\/\/api.w.org\/{rel}","templated":true}]}}