{"id":498588,"date":"2025-10-29T22:05:11","date_gmt":"2025-10-29T22:05:11","guid":{"rendered":"https:\/\/www.europesays.com\/fr\/498588\/"},"modified":"2025-10-29T22:05:11","modified_gmt":"2025-10-29T22:05:11","slug":"les-parties-genitales-michel-drucker-a-ete-sexuellement-agresse-par-une-fan-il-a-du-en-venir-aux-mains","status":"publish","type":"post","link":"https:\/\/www.europesays.com\/fr\/498588\/","title":{"rendered":"\u201cLes parties g\u00e9nitales\u201d, Michel Drucker a \u00e9t\u00e9 sexuellement agress\u00e9 par une fan, il a d\u00fb en venir aux mains"},"content":{"rendered":"<p><a href=\"https:\/\/www.closermag.fr\/people\/javais-17-ans-michel-drucker-se-livre-sur-son-amourette-avec-une-monitrice-de-colonie-de-vacances-3579348\" rel=\"nofollow noopener\" target=\"_blank\"><br \/>\nMichel Drucker a racont\u00e9 une exp\u00e9rience<\/a> traumatisante dans<br \/>\nl\u2019\u00e9mission <a href=\"https:\/\/www.youtube.com\/watch?v=VI6XBwRwanM\" rel=\"nofollow noopener\" target=\"_blank\">Legend,<\/a> anim\u00e9e<br \/>\npar Guillaume Pley sur YouTube. L\u2019animateur de 83 ans a r\u00e9v\u00e9l\u00e9<br \/>\navoir \u00e9t\u00e9 agress\u00e9 sexuellement par <a href=\"https:\/\/www.closermag.fr\/people\/assez-derangeant-guillaume-canet-menace-par-une-fan-erotomane-de-marion-cotillard-3507732\" rel=\"nofollow noopener\" target=\"_blank\"><br \/>\nune fan \u00e9rotomane<\/a>. Une sc\u00e8ne invraisemblable qui l\u2019a<br \/>\nprofond\u00e9ment marqu\u00e9.<\/p>\n<p>Dans ce t\u00e9moignage rare, Michel Drucker a d\u00e9crit la rencontre<br \/>\navec cette admiratrice d\u00e9s\u00e9quilibr\u00e9e. \u201cC\u2019\u00e9tait une femme qui<br \/>\n\u00e9tait \u00e9rotomane (\u2026) elle m\u2019avait \u00e9crit, j\u2019aurais d\u00fb lire la lettre<br \/>\njusqu\u2019au bout parce qu\u2019\u00e0 la fin de sa lettre elle me disait<br \/>\n\u2018Michel, \u00e7a y est, enfin on va \u00eatre r\u00e9unis ensemble,<br \/>\nj\u2019arrive.\u2019\u201d Quelques jours plus tard, la fan est apparue chez<br \/>\nlui, nue, \u201cen position de lotus avec une guitare\u201d.<\/p>\n<blockquote class=\"instagram-media\" style=\"background: #ffffff;border: 0;margin: 1px;width: 100%;padding: 0;max-width: 500px;\" data-instgrm-permalink=\"https:\/\/www.instagram.com\/reel\/DQZvGCwjZE8\/\" data-instgrm-version=\"14\"\/><p>\nUne agression inattendue<\/p>\n<p><a href=\"https:\/\/www.closermag.fr\/people\/javais-17-ans-michel-drucker-se-livre-sur-son-amourette-avec-une-monitrice-de-colonie-de-vacances-3579348\" rel=\"nofollow noopener\" target=\"_blank\"><br \/>\nL\u2019animateur de Vivement dimanche<\/a> pensait l\u2019histoire<br \/>\ntermin\u00e9e. Mais la femme est revenue, d\u00e9cid\u00e9e \u00e0 s\u2019introduire de<br \/>\nnouveau chez lui. \u201cUn jour, elle m\u2019a coinc\u00e9 dans le garage,<br \/>\nparce qu\u2019elle dormait dans mon garage (\u2026) \u00e0 c\u00f4t\u00e9 de ma<br \/>\nvoiture,\u201d a-t-il racont\u00e9. Puis, tout a d\u00e9rap\u00e9 : \u201cUn jour<br \/>\nelle m\u2019a saut\u00e9 dessus, elle m\u2019a serr\u00e9 tr\u00e8s fort les parties<br \/>\ng\u00e9nitales. J\u2019ai fait un geste brutal, je lui ai cass\u00e9 ses<br \/>\nlunettes.\u201d<\/p>\n<p>Cet \u00e9pisode violent, Michel Drucker l\u2019a v\u00e9cu seul, sans<br \/>\ncomprendre tout de suite la gravit\u00e9 de la situation. L\u2019animateur a<br \/>\nappris par la suite qu\u2019il s\u2019agissait d\u2019une crise d\u2019\u00e9rotomanie, un<br \/>\ntrouble psychiatrique dans lequel la personne croit qu\u2019une<br \/>\npersonne, g\u00e9n\u00e9ralement une c\u00e9l\u00e9brit\u00e9 ou une personne inaccessible<br \/>\nsocialement, est amoureuse de soi.<\/p>\n<p>\u201cC\u2019\u00e9tait un peu angoissant\u201d<\/p>\n<p>Un m\u00e9decin lui a expliqu\u00e9 que la fan souffrait de ce trouble.<br \/>\n\u201cC\u2019\u00e9tait un peu angoissant,\u201d a reconnu Michel Drucker,<br \/>\nconscient d\u2019avoir \u00e9chapp\u00e9 \u00e0 une situation encore plus grave. Malgr\u00e9<br \/>\n<a href=\"https:\/\/www.closermag.fr\/people\/cest-dangereux-la-fortune-de-michel-drucker-lui-a-fait-tourner-la-tete-3572573\" rel=\"nofollow noopener\" target=\"_blank\"><br \/>\nsa ma\u00eetrise et son calme habituels<\/a>, cette agression l\u2019a<br \/>\nprofond\u00e9ment marqu\u00e9e.<\/p>\n<p>Connu pour sa bienveillance et son humour, <a href=\"https:\/\/www.closermag.fr\/people\/michel-drucker-touche-coup-dur-pour-sa-femme-dany-saval-3566823\" rel=\"nofollow noopener\" target=\"_blank\"><br \/>\nle marie de Dany Saval<\/a> \u00e9voque rarement sa vie personnelle.<br \/>\nCette confession inattendue montre un autre visage du doyen du<br \/>\npetit \u00e9cran. Avec plus de soixante ans de carri\u00e8re, il reste une<br \/>\nfigure incontournable de la t\u00e9l\u00e9vision fran\u00e7aise.<\/p>\n<p><script async src=\"\/\/www.instagram.com\/embed.js\"><\/script><\/p>\n","protected":false},"excerpt":{"rendered":"Michel Drucker a racont\u00e9 une exp\u00e9rience traumatisante dans l\u2019\u00e9mission Legend, anim\u00e9e par Guillaume Pley sur YouTube. L\u2019animateur de&hellip;\n","protected":false},"author":2,"featured_media":498589,"comment_status":"","ping_status":"","sticky":false,"template":"","format":"standard","meta":{"footnotes":""},"categories":[8],"tags":[1267,58,59,1011,27,2173,877],"class_list":{"0":"post-498588","1":"post","2":"type-post","3":"status-publish","4":"format-standard","5":"has-post-thumbnail","7":"category-divertissement","8":"tag-agression-sexuelle","9":"tag-divertissement","10":"tag-entertainment","11":"tag-fr","12":"tag-france","13":"tag-interview","14":"tag-michel-drucker"},"share_on_mastodon":{"url":"https:\/\/pubeurope.com\/@fr\/115459727419532619","error":""},"_links":{"self":[{"href":"https:\/\/www.europesays.com\/fr\/wp-json\/wp\/v2\/posts\/498588","targetHints":{"allow":["GET"]}}],"collection":[{"href":"https:\/\/www.europesays.com\/fr\/wp-json\/wp\/v2\/posts"}],"about":[{"href":"https:\/\/www.europesays.com\/fr\/wp-json\/wp\/v2\/types\/post"}],"author":[{"embeddable":true,"href":"https:\/\/www.europesays.com\/fr\/wp-json\/wp\/v2\/users\/2"}],"replies":[{"embeddable":true,"href":"https:\/\/www.europesays.com\/fr\/wp-json\/wp\/v2\/comments?post=498588"}],"version-history":[{"count":0,"href":"https:\/\/www.europesays.com\/fr\/wp-json\/wp\/v2\/posts\/498588\/revisions"}],"wp:featuredmedia":[{"embeddable":true,"href":"https:\/\/www.europesays.com\/fr\/wp-json\/wp\/v2\/media\/498589"}],"wp:attachment":[{"href":"https:\/\/www.europesays.com\/fr\/wp-json\/wp\/v2\/media?parent=498588"}],"wp:term":[{"taxonomy":"category","embeddable":true,"href":"https:\/\/www.europesays.com\/fr\/wp-json\/wp\/v2\/categories?post=498588"},{"taxonomy":"post_tag","embeddable":true,"href":"https:\/\/www.europesays.com\/fr\/wp-json\/wp\/v2\/tags?post=498588"}],"curies":[{"name":"wp","href":"https:\/\/api.w.org\/{rel}","templated":true}]}}