{"id":49859,"date":"2025-04-24T18:57:28","date_gmt":"2025-04-24T18:57:28","guid":{"rendered":"https:\/\/www.europesays.com\/fr\/49859\/"},"modified":"2025-04-24T18:57:28","modified_gmt":"2025-04-24T18:57:28","slug":"la-nouvelle-marque-de-territoire-fait-debat","status":"publish","type":"post","link":"https:\/\/www.europesays.com\/fr\/49859\/","title":{"rendered":"la nouvelle marque de territoire fait d\u00e9bat"},"content":{"rendered":"<p class=\"insetTitle\">Pour<\/p>\n<p><strong>Fran\u00e7ois Werner<\/strong>, vice-pr\u00e9sident de la M\u00e9tropole du Grand Nancy en charge de l\u2019attractivit\u00e9, du d\u00e9veloppement \u00e9conomique, du tourisme et de Nancy Thermal, vice-pr\u00e9sident du conseil r\u00e9gional du Grand Est, et maire de Villers-l\u00e8s-Nancy.<\/p>\n<p>\u200a\u00ab\u00a0Le message correspond \u00e0 une r\u00e9alit\u00e9\u200a: la ville est vivante\u200a\u00bb<\/p>\n<p>\u00ab\u200aUne marque c\u2019est un cri de ralliement qui permet d\u2019identifier le territoire dans les actions des uns et des autres, de rassembler un \u00e9cosyst\u00e8me autour d\u2019une identit\u00e9.<br \/>Beaucoup de villes ou de r\u00e9gions en ont. Sa premi\u00e8re vertu\u200a? Que les gens, les universit\u00e9s, les clubs, les associations, les entreprises\u2026 se l\u2019approprient. Trouver un slogan est un exercice difficile. Il faut qu\u2019il soit parlant \u00e0 l\u2019ext\u00e9rieur. Et pas forc\u00e9ment consistant ou exigeant sur le\u00a0contenu\u2026<br \/>Par exemple, le bretzel rouge alsacien fait mouche. Tout comme le fameux Je vois la vie en Vosges\u2026 Intrins\u00e8quement, cela ne veut pas dire grand-chose, mais \u00e7a marche. De nombreux automobilistes arborent l\u2019autocollant sur leur voiture.<br \/>Nous, nous avons voulu insister sur la dimension vivante de la ville. C\u2019est souvent la premi\u00e8re remarque des visiteurs. \u00c0 Nancy, il y a du\u00a0monde, des \u00e9tudiants, \u00e7a bouge. Le message correspond \u00e0 une r\u00e9alit\u00e9\u200a: la ville est vivante.<br \/>Et puis, il est \u00e0 la fois adaptable \u00e0\u00a0toutes les situations et d\u00e9clinable. On va retravailler sur sa lisibilit\u00e9 et\u00a0son graphisme. 200\u00a0personnes ont particip\u00e9 \u00e0 des ateliers avec\u00a0nous pour trouver la nouvelle\u00a0marque\u2026<br \/>Au d\u00e9but, on \u00e9tait parti sur \u201cVotre place est ici\u201d. C\u2019est s\u00e9duisant, mais les \u00e9trangers \u00e0 la r\u00e9gion ne comprennent pas forc\u00e9ment la r\u00e9f\u00e9rence \u00e0 la place Stan\u2026 \u00c9videmment, je\u00a0le conc\u00e8de et tout le monde est \u00e0 peu pr\u00e8s d\u2019accord, le slogan \u201cI Love Nancy\u201d d\u2019il y a quelques ann\u00e9es \u00e9tait une super id\u00e9e, on aurait d\u00fb le d\u00e9poser \u00e0 l\u2019\u00e9poque. Mais c\u2019est trop tard. Le \u00ab\u200aI love\u200a\u00bb a \u00e9t\u00e9 trop galvaud\u00e9. Il\u00a0n\u2019est plus suffisamment diff\u00e9renci\u00e9 aujourd\u2019hui.\u200a\u00bb<\/p>\n<p class=\"insetSignature\">Propos recueillis par Val\u00e9rie Richard<\/p>\n","protected":false},"excerpt":{"rendered":"Pour Fran\u00e7ois Werner, vice-pr\u00e9sident de la M\u00e9tropole du Grand Nancy en charge de l\u2019attractivit\u00e9, du d\u00e9veloppement \u00e9conomique, du&hellip;\n","protected":false},"author":2,"featured_media":49860,"comment_status":"","ping_status":"","sticky":false,"template":"","format":"standard","meta":{"footnotes":""},"categories":[9635],"tags":[1111,11,33,1704,1777,674,1011,27,775,1702,1703,12,316,25],"class_list":{"0":"post-49859","1":"post","2":"type-post","3":"status-publish","4":"format-standard","5":"has-post-thumbnail","7":"category-nancy","8":"tag-actu","9":"tag-actualites","10":"tag-economie","11":"tag-edition-nancy-et-agglomeration","12":"tag-eu","13":"tag-europe","14":"tag-fr","15":"tag-france","16":"tag-grand-est","17":"tag-nancy","18":"tag-nancy-ville-54b","19":"tag-news","20":"tag-politique","21":"tag-republique-francaise"},"share_on_mastodon":{"url":"https:\/\/pubeurope.com\/@fr\/114394473689958415","error":""},"_links":{"self":[{"href":"https:\/\/www.europesays.com\/fr\/wp-json\/wp\/v2\/posts\/49859","targetHints":{"allow":["GET"]}}],"collection":[{"href":"https:\/\/www.europesays.com\/fr\/wp-json\/wp\/v2\/posts"}],"about":[{"href":"https:\/\/www.europesays.com\/fr\/wp-json\/wp\/v2\/types\/post"}],"author":[{"embeddable":true,"href":"https:\/\/www.europesays.com\/fr\/wp-json\/wp\/v2\/users\/2"}],"replies":[{"embeddable":true,"href":"https:\/\/www.europesays.com\/fr\/wp-json\/wp\/v2\/comments?post=49859"}],"version-history":[{"count":0,"href":"https:\/\/www.europesays.com\/fr\/wp-json\/wp\/v2\/posts\/49859\/revisions"}],"wp:featuredmedia":[{"embeddable":true,"href":"https:\/\/www.europesays.com\/fr\/wp-json\/wp\/v2\/media\/49860"}],"wp:attachment":[{"href":"https:\/\/www.europesays.com\/fr\/wp-json\/wp\/v2\/media?parent=49859"}],"wp:term":[{"taxonomy":"category","embeddable":true,"href":"https:\/\/www.europesays.com\/fr\/wp-json\/wp\/v2\/categories?post=49859"},{"taxonomy":"post_tag","embeddable":true,"href":"https:\/\/www.europesays.com\/fr\/wp-json\/wp\/v2\/tags?post=49859"}],"curies":[{"name":"wp","href":"https:\/\/api.w.org\/{rel}","templated":true}]}}