{"id":498590,"date":"2025-10-29T22:06:15","date_gmt":"2025-10-29T22:06:15","guid":{"rendered":"https:\/\/www.europesays.com\/fr\/498590\/"},"modified":"2025-10-29T22:06:15","modified_gmt":"2025-10-29T22:06:15","slug":"lun-deux-imagine-meme-un-vaisseau-spatial","status":"publish","type":"post","link":"https:\/\/www.europesays.com\/fr\/498590\/","title":{"rendered":"l&rsquo;un d&rsquo;eux imagine m\u00eame un vaisseau spatial"},"content":{"rendered":"<p>            Par<br \/>\n        <strong><br \/>\n            <a href=\"https:\/\/actu.fr\/auteur\/martin-leduc\" title=\"Consulter tous les articles de Martin Leduc\" target=\"_blank\" rel=\"noopener\">Martin Leduc<\/a><br \/>\n        <\/strong><\/p>\n<p>        Publi\u00e9 le<\/p>\n<p>            29 oct. 2025 \u00e0 21h18        <\/p>\n<p>Elle a \u00e9t\u00e9 d\u00e9couverte le 1er\u00a0juillet 2025 par des scientifiques gr\u00e2ce au t\u00e9lescope Atlas, qui lui a donc donn\u00e9 son nom. La <strong>com\u00e8te 3I Atlas<\/strong>, \u00e9galement nomm\u00e9e C\/2025 N1 (ATLAS), fait partie des objets <a href=\"https:\/\/actu.fr\/tag\/espace\" target=\"_blank\" rel=\"noopener\">spatiaux<\/a> qui fascinent, m\u00eame sans pouvoir \u00eatre vus \u00e0 l\u2019\u0153il nu.<br \/>Depuis l\u2019\u00e9t\u00e9, les sp\u00e9culations sur elle vont bon train. Elle pr\u00e9senterait une composition chimique atypique, on lui estime une provenance extr\u00eamement lointaine\u2026 Certains <a href=\"https:\/\/actu.fr\/sciences-technologie\" target=\"_blank\" rel=\"noopener\">scientifiques<\/a>, de mani\u00e8re minoritaire, sugg\u00e8rent carr\u00e9ment qu\u2019elle pourrait \u00eatre <strong>d\u2019origine artificielle<\/strong> (alors que d\u2019autres ne sont pas du tout d\u2019accord).<br \/>On fait le point sur ce que l\u2019on sait, \u00e0 l\u2019heure o\u00f9 ces lignes sont \u00e9crites, sur 3I Atlas, la (seulement) <strong>deuxi\u00e8me com\u00e8te d\u2019origine extrasolaire jamais observ\u00e9e<\/strong> par les \u00eatres humains.\u00a0<\/p>\n<p>Une premi\u00e8re com\u00e8te extrasolaire<\/p>\n<p>La premi\u00e8re com\u00e8te d\u2019origine extrasolaire, c&rsquo;\u00e9tait 2I\/Borisov en 2019. Un troisi\u00e8me objet extrasolaire a aussi \u00e9t\u00e9 observ\u00e9, 1I\/\u02bbOumuamua, en 2017, mais les scientifiques ne s&rsquo;accordent pas sur l&rsquo;appellation \u00ab\u00a0com\u00e8te\u00a0\u00bb.\u00a0<\/p>\n<p>Un \u00e9chantillon d\u2019un autre monde<\/p>\n<p class=\" wall-content\">Pour le moment, peu de choses sont s\u00fbres. \u00ab\u2009Le t\u00e9lescope Hubble nous permet de confirmer, depuis ao\u00fbt, que son diam\u00e8tre est <strong>inf\u00e9rieur \u00e0 5 km\u2009\u00bb<\/strong>, chiffre aupr\u00e8s d\u2019actu.fr Nicolas Biver, astrophysicien \u00e0 <a href=\"https:\/\/observatoiredeparis.psl.eu\/\" target=\"_blank\" rel=\"noopener\">l\u2019Observatoire de Paris<\/a> et pr\u00e9sident de la Commission des com\u00e8tes de la <a href=\"https:\/\/saf-astronomie.fr\/\" target=\"_blank\" rel=\"noopener\">Soci\u00e9t\u00e9 astronomique de France<\/a>.<\/p>\n<p class=\" wall-content\">On a aussi observ\u00e9 des \u00e9missions de <strong>nickel atomique<\/strong>\u00a0mais pas de fer, ce qui est particulier par rapport \u00e0 ce que l\u2019on conna\u00eet. D\u2019o\u00f9 la composition atypique \u00e9voqu\u00e9e plus haut. Pas de mat\u00e9riau nouveau, mais un ratio inhabituel par rapport \u00e0 ce qui est d\u00e9j\u00e0 connu.<\/p>\n<p class=\" wall-content\">Autre point \u00e9tabli de mani\u00e8re quasi certaine gr\u00e2ce \u00e0 son orbite\u2009: <strong>elle vient d\u2019ailleurs<\/strong>. Autrement dit, pas de notre syst\u00e8me solaire.<\/p>\n<blockquote class=\"ac-article-quote wall-content\">\n<p>Sa vitesse, relativement grande de 68 km par seconde [un peu plus de deux fois plus rapide que ce que l&rsquo;on conna\u00eet habituellement, NDLR.] laisse penser qu\u2019elle pourrait venir de l\u2019autre bout de la galaxie. D\u2019autres disent qu\u2019elle peut s\u2019\u00eatre form\u00e9e dans le disque \u00e9pais de la galaxie il y a 7 \u00e0 8 milliards d\u2019ann\u00e9es. Elle serait donc plus vieille que notre syst\u00e8me solaire en lui-m\u00eame : notre Soleil a un peu plus de 4 milliards d&rsquo;ann\u00e9es.<\/p>\n<p>    <strong>Nicolas Biver<\/strong><br \/>\n        Astrophysicien \u00e0 l\u2019Observatoire de Paris, pr\u00e9sident de la Commission des com\u00e8tes de la Soci\u00e9t\u00e9 astronomique de France.     <\/p><\/blockquote>\n<p>Votre r\u00e9gion, votre actu !<\/p>\n<p>Recevez chaque jour les infos qui comptent pour vous.<\/p>\n<p>\t<a href=\"https:\/\/actu.fr\/newsletter\" class=\"ac-btn ac-btn--corner ac-btn--medium ac-btn--blue800\" target=\"_blank\" rel=\"noopener\">S&rsquo;incrire<\/a><br \/>\n\u00ab\u00a0Une autre brique \u00e0 l\u2019\u00e9tude de la cr\u00e9ation hors de chez nous\u00a0\u00bb<\/p>\n<p class=\" wall-content\">Attention\u2009: \u00ab\u2009ce ne sont que des mod\u00e8les\u2009\u00bb, veut temp\u00e9rer le sp\u00e9cialiste, pour qui \u00ab\u00a0tout cela demande encore \u00e0 \u00eatre v\u00e9rifi\u00e9. On en saura plus en observant les rapports isotopiques.\u2009\u00bb<\/p>\n<p>    <img decoding=\"async\" loading=\"lazy\" src=\"https:\/\/www.europesays.com\/fr\/wp-content\/uploads\/2025\/10\/3i-atlas-in-nasa-eyes-demo.gif\" alt=\"La trajectoire de 3I Atlas.\" width=\"768\" height=\"432\"\/><br \/>\n    La trajectoire de 3I Atlas. (\u00a9NASA\/JPL)<\/p>\n<p class=\" wall-content\">Quoi qu\u2019il arrive, <strong>on sait qu\u2019elle vient d\u2019ailleurs<\/strong>, ce qui donne un \u00e9chantillon d\u2019un autre monde. Un petit exemplaire \u00e0 observer pour les scientifiques, qui \u00ab\u2009permettra peut-\u00eatre de rajouter une autre brique \u00e0 l\u2019\u00e9tude de la cr\u00e9ation hors de chez nous\u2009\u00bb, se prend \u00e0 r\u00eaver Nicolas Biver.<\/p>\n<p>Des sp\u00e9cificit\u00e9s\u2026 Jusqu\u2019\u00e0 croire que c\u2019est un vaisseau spatial ?\u00a0<\/p>\n<p class=\" wall-content\">R\u00e9cemment, la Nasa l\u2019a plac\u00e9e dans la liste du r\u00e9seau international d\u2019alerte aux ast\u00e9ro\u00efdes (IAWN). Mais comme <a href=\"https:\/\/iawn.net\/obscamp\/3I_ATLAS\/\" target=\"_blank\" rel=\"noopener\">l\u2019explique l\u2019institution elle-m\u00eame<\/a>, \u00ab\u00a0elle ne pose pas de probl\u00e8me\u00a0\u00bb.<\/p>\n<p class=\" wall-content\">\u00ab\u00a0Elle sera au plus pr\u00e8s de la Terre, <strong>\u00e0 1,8 fois la distance Terre-Soleil<\/strong> (UA), soit presque 270 millions de kilom\u00e8tres. <a href=\"https:\/\/actu.fr\/sciences-technologie\/la-comete-c-2025-r2-et-son-immense-queue-devrait-bientot-etre-visible-en-france-voici-quand-l-observer_63238713.html\" target=\"_blank\" rel=\"noopener\">Swan<\/a>, tr\u00e8s difficilement visible \u00e0 l\u2019\u0153il nu est pass\u00e9 \u00e0 0,26 UA\u00a0\u00bb, chiffre Nicolas Biver.<\/p>\n<blockquote class=\"ac-article-quote wall-content\">\n<p>Sa pr\u00e9sence est simplement une tr\u00e8s bonne occasion pour l&rsquo;observer.<\/p>\n<p>    <strong>Nasa<\/strong>\n            <\/p><\/blockquote>\n<p>    <a href=\"https:\/\/eyes.nasa.gov\/apps\/solar-system\/#\/c_2025_n1\" title=\"Ouvrie le lien\" target=\"_blank\" rel=\"noopener\">Cliquez ici pour visualiser le contenu<\/a><\/p>\n<p class=\" wall-content\">Si l\u2019infographie de la Nasa ne s\u2019affiche pas, <a href=\"https:\/\/eyes.nasa.gov\/apps\/solar-system\/#\/c_2025_n1\" target=\"_blank\" rel=\"noopener\">cliquez ici<\/a>.\u00a0<\/p>\n<p class=\" wall-content\">Non, ce qui a suscit\u00e9 l\u2019attention ces derniers temps, c\u2019est <a href=\"https:\/\/lweb.cfa.harvard.edu\/~loeb\/HCL25.pdf\" target=\"_blank\" rel=\"noopener\">cet essai sp\u00e9culatif et p\u00e9dagogique d\u2019Avi Loeb<\/a>, un physicien qui a travaill\u00e9 sur les hypoth\u00e8ses d\u2019origine <a href=\"https:\/\/actu.fr\/tag\/high-tech\" target=\"_blank\" rel=\"noopener\">technologique<\/a> appliqu\u00e9es \u00e0 certains objets interstellaires. Dans cette publication dat\u00e9e du 16 juillet 2025 (soit deux semaines apr\u00e8s la d\u00e9couverte de la com\u00e8te), il explique qu\u2019un faisceau d\u2019\u00e9l\u00e9ments le laisse penser que 3I Atlas pourrait \u00eatre \u00ab<strong>\u2009d\u2019origine technologique\u2009\u00bb.<\/strong><\/p>\n<p class=\" wall-content\">En clair, Avi Loeb exprime l\u2019hypoth\u00e8se que cette com\u00e8te n\u2019en soit pas une. Il explique que pour lui, 3I Atlas pourrait bien \u00eatre un vaisseau spatial.<\/p>\n<p class=\" wall-content\">Parmi les d\u00e9tails not\u00e9s par le physicien\u2009: la vitesse, la trajectoire et d\u2019autres (plus sp\u00e9culatifs) comme le fait qu\u2019\u00e0 son p\u00e9rih\u00e9lie (la distance la plus proche du Soleil), elle serait compl\u00e8tement \u00ab\u2009dissimul\u00e9e par notre \u00e9toile, vue depuis la Terre\u2009\u00bb. Une position qui, estime Avi Loeb, pourrait lui laisser toute latitude pour effectuer des \u00ab\u2009man\u0153uvres secr\u00e8tes\u2009\u00bb.<\/p>\n<p>Probablement des \u00e9l\u00e9ments de r\u00e9ponse d\u2019ici quelques jours<\/p>\n<p class=\" wall-content\">Avi Loeb \u00ab\u00a0est coutumier de ce genre d\u2019hypoth\u00e8ses\u00a0\u00bb, veut pour sa part nuancer Nicolas Biver. Ce physicien avait \u00e9mis le m\u00eame genre de suggestions en 2017 avec <a href=\"https:\/\/www.futura-sciences.com\/sciences\/actualites\/objet-interstellaire-mysterieux-objet-interstellaire-oumuamua-ne-serait-pas-vaisseau-extraterrestre-finalement-78536\/\" target=\"_blank\" rel=\"noopener\">1I\/\u02bbOumuamua<\/a>.<\/p>\n<blockquote class=\"ac-article-quote wall-content\">\n<p>Nous, ce que l\u2019on voit, c\u2019est que 3I Atlas ressemble bien \u00e0 une com\u00e8te. Il y a une chevelure, du gaz, deux tonnes de vapeur d\u2019eau qui s\u2019\u00e9chappent chaque seconde\u2026 Il y a des sp\u00e9cificit\u00e9s comme la vitesse et certaines mol\u00e9cules qui s\u2019en \u00e9chappent, mais on n\u2019est pas non plus sur de l\u2019extraordinaire.<\/p>\n<p>    <strong>Nicolas Biver<\/strong><br \/>\n        Astrophysicien \u00e0 l\u2019Observatoire de Paris, pr\u00e9sident de la Commission des com\u00e8tes de la Soci\u00e9t\u00e9 astronomique de France.     <\/p><\/blockquote>\n<p class=\" wall-content\">Un propos qui, au bout du compte, est partag\u00e9 par Avi Loeb. Celui-ci conclut son essai en expliquant que le sc\u00e9nario le plus probable est que 3I Atlas soit <strong>\u00ab\u2009une com\u00e8te compl\u00e8tement naturelle\u2009\u00bb<\/strong>. Il attend juste d\u2019avoir les donn\u00e9es consolid\u00e9es pour le certifier.<\/p>\n<p class=\" wall-content\">En tout cas, le p\u00e9rih\u00e9lie de 3I Atlas est pr\u00e9vu ce mercredi 29 octobre 2025. On en saura donc peut-\u00eatre plus dans les prochains jours.\u00a0<\/p>\n<p class=\" wall-content\">Personnalisez votre actualit\u00e9 en ajoutant vos villes et m\u00e9dias en favori avec <a href=\"https:\/\/moncompte.actu.fr\" title=\"D\u00e9couvez Mon Actu\" rel=\"nofollow noopener\" data-trk=\"{&quot;cta&quot;:{&quot;action&quot;:&quot;https:\\\/\\\/moncompte.actu.fr&quot;,&quot;category&quot;:&quot;mon compte&quot;,&quot;from&quot;:&quot;article footer&quot;,&quot;name&quot;:&quot;Mon actu&quot;,&quot;type&quot;:&quot;cta&quot;}}\" target=\"_blank\">Mon Actu<\/a>.<\/p>\n","protected":false},"excerpt":{"rendered":"Par Martin Leduc Publi\u00e9 le 29 oct. 2025 \u00e0 21h18 Elle a \u00e9t\u00e9 d\u00e9couverte le 1er\u00a0juillet 2025 par&hellip;\n","protected":false},"author":2,"featured_media":498591,"comment_status":"","ping_status":"","sticky":false,"template":"","format":"standard","meta":{"footnotes":""},"categories":[7],"tags":[386,1011,27,333,43,40,41,39,2631,42,44],"class_list":{"0":"post-498590","1":"post","2":"type-post","3":"status-publish","4":"format-standard","5":"has-post-thumbnail","7":"category-sciences-et-technologies","8":"tag-espace","9":"tag-fr","10":"tag-france","11":"tag-nasa","12":"tag-science","13":"tag-science-and-technology","14":"tag-sciences","15":"tag-sciences-et-technologies","16":"tag-sciences-technologie","17":"tag-technologies","18":"tag-technology"},"share_on_mastodon":{"url":"https:\/\/pubeurope.com\/@fr\/115459732099142398","error":""},"_links":{"self":[{"href":"https:\/\/www.europesays.com\/fr\/wp-json\/wp\/v2\/posts\/498590","targetHints":{"allow":["GET"]}}],"collection":[{"href":"https:\/\/www.europesays.com\/fr\/wp-json\/wp\/v2\/posts"}],"about":[{"href":"https:\/\/www.europesays.com\/fr\/wp-json\/wp\/v2\/types\/post"}],"author":[{"embeddable":true,"href":"https:\/\/www.europesays.com\/fr\/wp-json\/wp\/v2\/users\/2"}],"replies":[{"embeddable":true,"href":"https:\/\/www.europesays.com\/fr\/wp-json\/wp\/v2\/comments?post=498590"}],"version-history":[{"count":0,"href":"https:\/\/www.europesays.com\/fr\/wp-json\/wp\/v2\/posts\/498590\/revisions"}],"wp:featuredmedia":[{"embeddable":true,"href":"https:\/\/www.europesays.com\/fr\/wp-json\/wp\/v2\/media\/498591"}],"wp:attachment":[{"href":"https:\/\/www.europesays.com\/fr\/wp-json\/wp\/v2\/media?parent=498590"}],"wp:term":[{"taxonomy":"category","embeddable":true,"href":"https:\/\/www.europesays.com\/fr\/wp-json\/wp\/v2\/categories?post=498590"},{"taxonomy":"post_tag","embeddable":true,"href":"https:\/\/www.europesays.com\/fr\/wp-json\/wp\/v2\/tags?post=498590"}],"curies":[{"name":"wp","href":"https:\/\/api.w.org\/{rel}","templated":true}]}}