{"id":498600,"date":"2025-10-29T22:11:10","date_gmt":"2025-10-29T22:11:10","guid":{"rendered":"https:\/\/www.europesays.com\/fr\/498600\/"},"modified":"2025-10-29T22:11:10","modified_gmt":"2025-10-29T22:11:10","slug":"de-plus-en-plus-de-personnes-optent-pour-lincineration","status":"publish","type":"post","link":"https:\/\/www.europesays.com\/fr\/498600\/","title":{"rendered":"\u00ab\u00a0De plus en plus de personnes optent pour l\u2019incin\u00e9ration\u00a0\u00bb"},"content":{"rendered":"<blockquote class=\"question\"><p>Comment \u00e9voluent les demandes de concessions fun\u00e9raires\u00a0?<\/p><\/blockquote>\n<p>\u00ab\u00a0De plus en plus de personnes optent pour l\u2019incin\u00e9ration. Nous devons r\u00e9pondre \u00e0 cette tendance en offrant cavurnes et columbariums en nombre suffisant. Nous faisons \u00e9voluer nos espaces en fonction des souhaits des familles.<\/p>\n<p>Dans le cimeti\u00e8re de Saint-Chamond, nous avons utilis\u00e9 une grande parcelle vacante pour r\u00e9aliser de nombreux emplacements. Plusieurs sont d\u00e9j\u00e0 occup\u00e9s depuis qu\u2019ils ont \u00e9t\u00e9 ouverts \u00e0 la vente en avril de cette ann\u00e9e.<\/p>\n<p>\u00c0 Saint-Martin, les deux columbariums sont maintenant pleins et nous devons envisager une extension. La situation est la m\u00eame \u00e0&#8230;<\/p>\n","protected":false},"excerpt":{"rendered":"Comment \u00e9voluent les demandes de concessions fun\u00e9raires\u00a0? \u00ab\u00a0De plus en plus de personnes optent pour l\u2019incin\u00e9ration. Nous devons&hellip;\n","protected":false},"author":2,"featured_media":498601,"comment_status":"","ping_status":"","sticky":false,"template":"","format":"standard","meta":{"footnotes":""},"categories":[9653],"tags":[1111,11,2430,7539,1777,674,1011,27,12,25,9669,9670,4001,104],"class_list":{"0":"post-498600","1":"post","2":"type-post","3":"status-publish","4":"format-standard","5":"has-post-thumbnail","7":"category-saint-etienne","8":"tag-actu","9":"tag-actualites","10":"tag-auvergne-rhone-alpes","11":"tag-edition-loire-sud","12":"tag-eu","13":"tag-europe","14":"tag-fr","15":"tag-france","16":"tag-news","17":"tag-republique-francaise","18":"tag-saint-chamond","19":"tag-saint-chamond-ville","20":"tag-saint-etienne","21":"tag-societe"},"share_on_mastodon":{"url":"https:\/\/pubeurope.com\/@fr\/115459750954194920","error":""},"_links":{"self":[{"href":"https:\/\/www.europesays.com\/fr\/wp-json\/wp\/v2\/posts\/498600","targetHints":{"allow":["GET"]}}],"collection":[{"href":"https:\/\/www.europesays.com\/fr\/wp-json\/wp\/v2\/posts"}],"about":[{"href":"https:\/\/www.europesays.com\/fr\/wp-json\/wp\/v2\/types\/post"}],"author":[{"embeddable":true,"href":"https:\/\/www.europesays.com\/fr\/wp-json\/wp\/v2\/users\/2"}],"replies":[{"embeddable":true,"href":"https:\/\/www.europesays.com\/fr\/wp-json\/wp\/v2\/comments?post=498600"}],"version-history":[{"count":0,"href":"https:\/\/www.europesays.com\/fr\/wp-json\/wp\/v2\/posts\/498600\/revisions"}],"wp:featuredmedia":[{"embeddable":true,"href":"https:\/\/www.europesays.com\/fr\/wp-json\/wp\/v2\/media\/498601"}],"wp:attachment":[{"href":"https:\/\/www.europesays.com\/fr\/wp-json\/wp\/v2\/media?parent=498600"}],"wp:term":[{"taxonomy":"category","embeddable":true,"href":"https:\/\/www.europesays.com\/fr\/wp-json\/wp\/v2\/categories?post=498600"},{"taxonomy":"post_tag","embeddable":true,"href":"https:\/\/www.europesays.com\/fr\/wp-json\/wp\/v2\/tags?post=498600"}],"curies":[{"name":"wp","href":"https:\/\/api.w.org\/{rel}","templated":true}]}}