{"id":498606,"date":"2025-10-29T22:15:14","date_gmt":"2025-10-29T22:15:14","guid":{"rendered":"https:\/\/www.europesays.com\/fr\/498606\/"},"modified":"2025-10-29T22:15:14","modified_gmt":"2025-10-29T22:15:14","slug":"le-reve-se-realise-pour-tomblaine-qui-rencontrera-las-nancy-lorraine-au-7e-tour","status":"publish","type":"post","link":"https:\/\/www.europesays.com\/fr\/498606\/","title":{"rendered":"le r\u00eave se r\u00e9alise pour Tomblaine qui rencontrera l&rsquo;AS Nancy Lorraine au 7e tour !"},"content":{"rendered":"<p class=\"insetTitle\">Combien de clubs lorrains encore qualifi\u00e9s ?<\/p>\n<p>On compte encore 23 \u00e9quipes du Grand Est engag\u00e9es dans l\u2019\u00e9preuve dont les trois \u00e9quipes de Ligue 2 de la r\u00e9gion (ASNL, ESTAC et Stade de Reims) qui font leur entr\u00e9e en lice \u00e0 l\u2019occasion de ce 7e\u00a0tour.<\/p>\n<p>La Lorraine comptera huit repr\u00e9sentants : l\u2019AS Nancy Lorraine (L2),\u00a0l\u2019US Thionville Lusitanos (N2), l\u2019US Forbach (R1),\u00a0l\u2019APM Metz\u00a0(R1), l\u2019US Raon-l\u2019Etape (R1), le Sarreguemines FC (R1), le FC Freyming (R2) et la GSA Tomblaine (R3).<\/p>\n","protected":false},"excerpt":{"rendered":"Combien de clubs lorrains encore qualifi\u00e9s ? On compte encore 23 \u00e9quipes du Grand Est engag\u00e9es dans l\u2019\u00e9preuve&hellip;\n","protected":false},"author":2,"featured_media":498607,"comment_status":"","ping_status":"","sticky":false,"template":"","format":"standard","meta":{"footnotes":""},"categories":[9635],"tags":[1111,11,15922,3545,3602,1707,1704,1706,1705,10174,1777,674,107,1701,63,1011,27,775,1702,12,25,517,1700],"class_list":{"0":"post-498606","1":"post","2":"type-post","3":"status-publish","4":"format-standard","5":"has-post-thumbnail","7":"category-nancy","8":"tag-actu","9":"tag-actualites","10":"tag-coupe-de-france-de-football","11":"tag-direct-sport","12":"tag-edition-bar-le-duc","13":"tag-edition-luneville","14":"tag-edition-nancy-et-agglomeration","15":"tag-edition-pont-a-mousson","16":"tag-edition-toul","17":"tag-edition-verdun","18":"tag-eu","19":"tag-europe","20":"tag-fil-info","21":"tag-fil-info-sport","22":"tag-football","23":"tag-fr","24":"tag-france","25":"tag-grand-est","26":"tag-nancy","27":"tag-news","28":"tag-republique-francaise","29":"tag-sport","30":"tag-sport-lorrain"},"share_on_mastodon":{"url":"https:\/\/pubeurope.com\/@fr\/115459766580762940","error":""},"_links":{"self":[{"href":"https:\/\/www.europesays.com\/fr\/wp-json\/wp\/v2\/posts\/498606","targetHints":{"allow":["GET"]}}],"collection":[{"href":"https:\/\/www.europesays.com\/fr\/wp-json\/wp\/v2\/posts"}],"about":[{"href":"https:\/\/www.europesays.com\/fr\/wp-json\/wp\/v2\/types\/post"}],"author":[{"embeddable":true,"href":"https:\/\/www.europesays.com\/fr\/wp-json\/wp\/v2\/users\/2"}],"replies":[{"embeddable":true,"href":"https:\/\/www.europesays.com\/fr\/wp-json\/wp\/v2\/comments?post=498606"}],"version-history":[{"count":0,"href":"https:\/\/www.europesays.com\/fr\/wp-json\/wp\/v2\/posts\/498606\/revisions"}],"wp:featuredmedia":[{"embeddable":true,"href":"https:\/\/www.europesays.com\/fr\/wp-json\/wp\/v2\/media\/498607"}],"wp:attachment":[{"href":"https:\/\/www.europesays.com\/fr\/wp-json\/wp\/v2\/media?parent=498606"}],"wp:term":[{"taxonomy":"category","embeddable":true,"href":"https:\/\/www.europesays.com\/fr\/wp-json\/wp\/v2\/categories?post=498606"},{"taxonomy":"post_tag","embeddable":true,"href":"https:\/\/www.europesays.com\/fr\/wp-json\/wp\/v2\/tags?post=498606"}],"curies":[{"name":"wp","href":"https:\/\/api.w.org\/{rel}","templated":true}]}}