{"id":49861,"date":"2025-04-24T18:58:09","date_gmt":"2025-04-24T18:58:09","guid":{"rendered":"https:\/\/www.europesays.com\/fr\/49861\/"},"modified":"2025-04-24T18:58:09","modified_gmt":"2025-04-24T18:58:09","slug":"il-accueillera-les-dechets-de-640-000-varois-la-premiere-pierre-du-futur-centre-de-tri-du-sittomat-posee-a-la-farlede","status":"publish","type":"post","link":"https:\/\/www.europesays.com\/fr\/49861\/","title":{"rendered":"Il accueillera les d\u00e9chets de 640.000 Varois: la premi\u00e8re pierre du futur centre de tri du Sittomat pos\u00e9e \u00e0 La Farl\u00e8de"},"content":{"rendered":"<p>Un grand terrain en graviers presque plat. Quelques tas de gravats par-ci par-l\u00e0. Difficile d\u2019imaginer qu\u2019\u00e0 l\u2019\u00e9t\u00e9 2026 se dressera sur ce m\u00eame terrain le futur centre de tri des collectes s\u00e9lectives du Sittomat (1).<\/p>\n<p>Un centre ultramoderne, \u00ab\u00a0r\u00e9f\u00e9rence nationale par sa modernit\u00e9, son innovation, et son ambition\u00a0\u00bb, dixit Christine Leuthy, directrice r\u00e9gionale de Cit\u00e9o et Antoine Bousseau, directeur g\u00e9n\u00e9ral des services aux collectivit\u00e9s pour l\u2019activit\u00e9 recyclage et valorisation de Suez, qui permettra \u00e0 pr\u00e8s de 640.000 habitants du d\u00e9partement de trier plus et mieux.<\/p>\n<p>C\u2019est donc en grande pompe, en pr\u00e9sence de nombreux \u00e9lus du territoire, du pr\u00e9fet Philippe Mah\u00e9, du pr\u00e9sident du d\u00e9partement Jean-Louis Masson, du pr\u00e9sident du Sittomat Gilles Vincent, que la pose symbolique de la premi\u00e8re pierre, s\u2019est d\u00e9roul\u00e9e jeudi matin sur site. Un moment symbolique pour \u00ab\u00a0ce projet novateur, structurant, important pour le territoire\u00a0\u00bb, a soulign\u00e9 le maire de la Farl\u00e8de Yves Palmieri, \u00ab\u00a0heureux de son installation\u00a0\u00bb sur sa commune apr\u00e8s six ann\u00e9es de recherche d\u2019un terrain capable de l\u2019accueillir.<\/p>\n<p>\u00ab\u00a0Il n\u2019est pas plus beau et plus salutaire geste que celui du tri, a rappel\u00e9 Antoine Bousseau dont l\u2019entreprise sera mandataire et exploitant du site. La pose de la premi\u00e8re pierre pour un projet est fondamentale. Ce futur centre de tri aura une importance particuli\u00e8re pour les habitants du Var et va permettre aux d\u00e9chets varois d\u2019\u00eatre trait\u00e9s dans le d\u00e9partement, avec des emplois locaux \u00e0 la cl\u00e9, de l\u2019inclusion, de l\u2019insertion.\u00a0\u00bb<\/p>\n<p>\u00ab\u00a0Un projet important pour le Sittomat et le territoire. Ce centre vient compl\u00e9ter celui de La Seyne et r\u00e9pondre aux besoins croissants\u00a0\u00bb, a-t-il soulign\u00e9 Jean-Louis Masson avant que Gilles Vincent ne \u00ab\u00a0salue les efforts r\u00e9alis\u00e9s depuis 25 ans\u00a0\u00bb cette future \u00ab\u00a0vitrine de notre capacit\u00e9 a nous engager.\u00a0\u00bb<\/p>\n<p>Le centre en chiffres<\/p>\n<p>              <img ci-src=\"https:\/\/www.varmatin.com\/vie-locale\/protec\/DATA_ART_15401359-eZ7hfRQY.png?vh=465115&amp;ci_seal=ddcbd23f03\" alt=\"\"\/><br \/>\n         <strong>Photo C. L..<\/strong> <\/p>\n<p>Le co\u00fbt du projet du futur centre de tri du Reganas (c\u2019est le nom qui lui a \u00e9t\u00e9 attribu\u00e9) est <strong>d\u2019un peu plus de 34 millions d\u2019euros<\/strong>. Les travaux pr\u00e9paratoires entam\u00e9s au printemps dernier ont permis de d\u00e9samianter et d\u00e9construire trois b\u00e2timents existants. <strong>Le chantier de construction du centre devrait s\u2019\u00e9tendre jusqu\u2019\u00e0 l\u2019\u00e9t\u00e9 2026<\/strong> et sera suivi par une phase de v\u00e9rification des performances d\u2019une dur\u00e9e maximum de 6 mois et d\u2019une phase d\u2019exploitation de 7 ans.<\/p>\n<p><strong>Il permettra de traiter l\u2019ensemble des collectes s\u00e9lectives (emballages m\u00e9nagers, plastiques, m\u00e9tal, papiers et cartons) avec une capacit\u00e9 de 35.000 tonnes par an, extensible \u00e0 42.000 tonnes.<\/strong> Il sera \u00e9quip\u00e9 d\u2019un robot de tri double bras qui, avec l\u2019Intelligence artificielle, <strong>sera capable de d\u00e9tecter et extraire automatiquement les d\u00e9chets plastiques<\/strong>. Treize machines de tri optique derni\u00e8re g\u00e9n\u00e9ration compl\u00e9teront le process. Il sera enti\u00e8rement <strong>couvert pour limiter les nuisances sonores, odeurs et envols<\/strong><\/p>\n<p>Les murs du centre seront en b\u00e9ton matric\u00e9s et dot\u00e9s d\u2019un bardage vert. Il n\u00e9cessitera 6.210 tonnes de b\u00e9ton coul\u00e9 pour sa construction, 150 tonnes d\u2019acier, et 7.000m3 de terre boug\u00e9e. 2.800m2 de panneaux photovolta\u00efques d\u00e9veloppant une puissance de 577KWc seront install\u00e9s sur son toit, et permettront d\u2019assurer 20% de la consommation de l\u2019usine. Il assurera \u00e9galement une mission p\u00e9dagogique avec un parcours de visite pour sensibiliser le plus grand nombre..<\/p>\n<p>1. Syndicat mixte intercommunal de transport et de traitement des ordures m\u00e9nag\u00e8res de l\u2019aire toulonnaise.<\/p>\n","protected":false},"excerpt":{"rendered":"Un grand terrain en graviers presque plat. Quelques tas de gravats par-ci par-l\u00e0. Difficile d\u2019imaginer qu\u2019\u00e0 l\u2019\u00e9t\u00e9 2026&hellip;\n","protected":false},"author":2,"featured_media":49862,"comment_status":"","ping_status":"","sticky":false,"template":"","format":"standard","meta":{"footnotes":""},"categories":[9619],"tags":[1111,11,436,1777,674,1011,27,12,882,25,2310,3366],"class_list":{"0":"post-49861","1":"post","2":"type-post","3":"status-publish","4":"format-standard","5":"has-post-thumbnail","7":"category-toulon","8":"tag-actu","9":"tag-actualites","10":"tag-environnement","11":"tag-eu","12":"tag-europe","13":"tag-fr","14":"tag-france","15":"tag-news","16":"tag-provence-alpes-cote-dazur","17":"tag-republique-francaise","18":"tag-toulon","19":"tag-vie-locale"},"share_on_mastodon":{"url":"https:\/\/pubeurope.com\/@fr\/114394477729590964","error":""},"_links":{"self":[{"href":"https:\/\/www.europesays.com\/fr\/wp-json\/wp\/v2\/posts\/49861","targetHints":{"allow":["GET"]}}],"collection":[{"href":"https:\/\/www.europesays.com\/fr\/wp-json\/wp\/v2\/posts"}],"about":[{"href":"https:\/\/www.europesays.com\/fr\/wp-json\/wp\/v2\/types\/post"}],"author":[{"embeddable":true,"href":"https:\/\/www.europesays.com\/fr\/wp-json\/wp\/v2\/users\/2"}],"replies":[{"embeddable":true,"href":"https:\/\/www.europesays.com\/fr\/wp-json\/wp\/v2\/comments?post=49861"}],"version-history":[{"count":0,"href":"https:\/\/www.europesays.com\/fr\/wp-json\/wp\/v2\/posts\/49861\/revisions"}],"wp:featuredmedia":[{"embeddable":true,"href":"https:\/\/www.europesays.com\/fr\/wp-json\/wp\/v2\/media\/49862"}],"wp:attachment":[{"href":"https:\/\/www.europesays.com\/fr\/wp-json\/wp\/v2\/media?parent=49861"}],"wp:term":[{"taxonomy":"category","embeddable":true,"href":"https:\/\/www.europesays.com\/fr\/wp-json\/wp\/v2\/categories?post=49861"},{"taxonomy":"post_tag","embeddable":true,"href":"https:\/\/www.europesays.com\/fr\/wp-json\/wp\/v2\/tags?post=49861"}],"curies":[{"name":"wp","href":"https:\/\/api.w.org\/{rel}","templated":true}]}}