{"id":498610,"date":"2025-10-29T22:17:24","date_gmt":"2025-10-29T22:17:24","guid":{"rendered":"https:\/\/www.europesays.com\/fr\/498610\/"},"modified":"2025-10-29T22:17:24","modified_gmt":"2025-10-29T22:17:24","slug":"telepherique-a-toulon-une-defaillance-immobilise-deux-cabines-19-occupants-secourus-linfo-re","status":"publish","type":"post","link":"https:\/\/www.europesays.com\/fr\/498610\/","title":{"rendered":"T\u00e9l\u00e9ph\u00e9rique \u00e0 Toulon : une d\u00e9faillance immobilise deux cabines, 19 occupants secourus &#8211; LINFO.re"},"content":{"rendered":"<p>Dans la soir\u00e9e du mardi 28 octobre, le t\u00e9l\u00e9ph\u00e9rique toulonnais s\u2019est arr\u00eat\u00e9 net, suspendu au-dessus de la ville. Dix-neuf voyageurs ont d\u00fb patienter dans les airs avant l\u2019intervention des secours.<\/p>\n<p>\t\t\t\t\t\t<strong>Une panne soudaine sur les hauteurs de Toulon<\/strong><\/p>\n<p>Mardi soir, vers 19h00 (heure fran\u00e7aise), le <strong>t\u00e9l\u00e9ph\u00e9rique<\/strong> reliant <a href=\"https:\/\/www.linfo.re\/tags\/toulon\" target=\"_blank\" rel=\"noopener\"><strong>Toulon<\/strong><\/a> au mont Faron s\u2019est brusquement arr\u00eat\u00e9, bloquant dix-neuf passagers dans deux cabines suspendues. Les secours ont \u00e9t\u00e9 d\u00e9p\u00each\u00e9s rapidement sur place. Quatorze pompiers, dont une unit\u00e9 sp\u00e9cialis\u00e9e dans les interventions en altitude, ont particip\u00e9 \u00e0 l\u2019op\u00e9ration de sauvetage men\u00e9e sur les hauteurs de la ville.<\/p>\n<p>&gt; \u00c0 lire aussi\u00a0:<strong> <a href=\"https:\/\/www.linfo.re\/france\/faits-divers\/toulon-un-choc-frontal-sur-la-route-emporte-la-vie-d-un-enfant-de-7-ans\" target=\"_blank\" rel=\"noopener\">Toulon\u00a0: un choc frontal sur la route emporte la vie d\u2019un enfant de 7 ans<\/a><\/strong><\/p>\n<p><strong>Une \u00e9vacuation sans bless\u00e9<\/strong><\/p>\n<p>Les occupants, rest\u00e9s calmes malgr\u00e9 la situation, ont \u00e9t\u00e9 \u00e9vacu\u00e9s progressivement. Un bus a ensuite transport\u00e9 les passagers vers la station inf\u00e9rieure, o\u00f9 les attendaient leurs proches. Aucun bless\u00e9 n\u2019a \u00e9t\u00e9 signal\u00e9. Selon les premiers constats, une d\u00e9faillance \u00e9lectrique serait \u00e0 l\u2019origine de la panne. Une enqu\u00eate a \u00e9t\u00e9 ouverte pour d\u00e9terminer les causes exactes de l\u2019incident.<\/p>\n<p>&gt; Toute l\u2019<a href=\"https:\/\/www.linfo.re\/france\" target=\"_blank\" rel=\"noopener\"><strong>actualit\u00e9 en France sur LINFO.re<\/strong><\/a><\/p>\n<p>Sources\u00a0: Le Figaro, Nice Matin<\/p>\n","protected":false},"excerpt":{"rendered":"Dans la soir\u00e9e du mardi 28 octobre, le t\u00e9l\u00e9ph\u00e9rique toulonnais s\u2019est arr\u00eat\u00e9 net, suspendu au-dessus de la ville.&hellip;\n","protected":false},"author":2,"featured_media":498611,"comment_status":"","ping_status":"","sticky":false,"template":"","format":"standard","meta":{"footnotes":""},"categories":[9619],"tags":[1111,47,11,1777,674,118,1011,27,1922,12,882,25,20940,2310],"class_list":{"0":"post-498610","1":"post","2":"type-post","3":"status-publish","4":"format-standard","5":"has-post-thumbnail","7":"category-toulon","8":"tag-actu","9":"tag-actualite","10":"tag-actualites","11":"tag-eu","12":"tag-europe","13":"tag-faits-divers","14":"tag-fr","15":"tag-france","16":"tag-info","17":"tag-news","18":"tag-provence-alpes-cote-dazur","19":"tag-republique-francaise","20":"tag-telepherique","21":"tag-toulon"},"share_on_mastodon":{"url":"https:\/\/pubeurope.com\/@fr\/115459774451773203","error":""},"_links":{"self":[{"href":"https:\/\/www.europesays.com\/fr\/wp-json\/wp\/v2\/posts\/498610","targetHints":{"allow":["GET"]}}],"collection":[{"href":"https:\/\/www.europesays.com\/fr\/wp-json\/wp\/v2\/posts"}],"about":[{"href":"https:\/\/www.europesays.com\/fr\/wp-json\/wp\/v2\/types\/post"}],"author":[{"embeddable":true,"href":"https:\/\/www.europesays.com\/fr\/wp-json\/wp\/v2\/users\/2"}],"replies":[{"embeddable":true,"href":"https:\/\/www.europesays.com\/fr\/wp-json\/wp\/v2\/comments?post=498610"}],"version-history":[{"count":0,"href":"https:\/\/www.europesays.com\/fr\/wp-json\/wp\/v2\/posts\/498610\/revisions"}],"wp:featuredmedia":[{"embeddable":true,"href":"https:\/\/www.europesays.com\/fr\/wp-json\/wp\/v2\/media\/498611"}],"wp:attachment":[{"href":"https:\/\/www.europesays.com\/fr\/wp-json\/wp\/v2\/media?parent=498610"}],"wp:term":[{"taxonomy":"category","embeddable":true,"href":"https:\/\/www.europesays.com\/fr\/wp-json\/wp\/v2\/categories?post=498610"},{"taxonomy":"post_tag","embeddable":true,"href":"https:\/\/www.europesays.com\/fr\/wp-json\/wp\/v2\/tags?post=498610"}],"curies":[{"name":"wp","href":"https:\/\/api.w.org\/{rel}","templated":true}]}}