{"id":498616,"date":"2025-10-29T22:20:14","date_gmt":"2025-10-29T22:20:14","guid":{"rendered":"https:\/\/www.europesays.com\/fr\/498616\/"},"modified":"2025-10-29T22:20:14","modified_gmt":"2025-10-29T22:20:14","slug":"loisirs-un-rouennais-sort-un-livre-de-mots-fleches-sur-la-normandie-jai-teste-quelques-grilles","status":"publish","type":"post","link":"https:\/\/www.europesays.com\/fr\/498616\/","title":{"rendered":"Loisirs. Un Rouennais sort un livre de mots fl\u00e9ch\u00e9s sur la Normandie,\u00a0j&rsquo;ai test\u00e9 quelques grilles"},"content":{"rendered":"<p melodystyle=\"texte\">Qui a dit que les mots\u00a0fl\u00e9ch\u00e9s \u00e9taient r\u00e9serv\u00e9s aux seniors\u00a0? Pas lui en tout cas. Raoul Denis, 41 ans, habitant de Rouen depuis toujours, vient de sortir un livre\u00a0compos\u00e9 de 50 grilles en lien avec la Normandie, le tout en auto\u00e9dition. Son pari\u00a0: faire d\u00e9couvrir sa r\u00e9gion avec les mots crois\u00e9s. Histoire, gastronomie, culture, sport, patrimoine\u2026 Le livre est compos\u00e9 de\u00a0dix grandes th\u00e9matiques, chaque grille ayant son propre angle comme on dit chez les journalistes. \u00ab\u00a0J&rsquo;ai d\u00e9couvert \u00e7a adolescent, aujourd&rsquo;hui c&rsquo;est plus un passe-temps en regardant la t\u00e9l\u00e9, je pique de temps en temps les magazines f\u00e9minins de ma m\u00e8re et je m&rsquo;amuse \u00e0 remplir la page centrale\u00a0\u00bb, lance avec sourire le Rouennais qui est loin d&rsquo;\u00eatre un verbicruciste professionnel. \u00ab\u00a0Je travaille aux finances publiques, \u00e7a n&rsquo;a rien \u00e0 voir mais c&rsquo;est un peu de l\u00e0 que c&rsquo;est parti.\u00a0\u00bb\u00a0En effet, le Rouennais avait imagin\u00e9 une grille pour les stagiaires et alternants de son service\u00a0afin de leur faire d\u00e9couvrir les m\u00e9tiers de la finance publique.\u00a0\u00ab\u00a0C&rsquo;\u00e9tait un lexique un peu compliqu\u00e9 donc elle a surtout \u00e9t\u00e9 diffus\u00e9e sur l&rsquo;intranet de la direction pour les agents\u00a0!\u00a0\u00bb\u00a0se rappelle Raoul Denis qui, parti de cette premi\u00e8re cr\u00e9ation, a voulu aller plus loin.\u00a0\u00ab\u00a0C&rsquo;est un livre accessible \u00e0 tous\u00a0\u00bb, rassure Raoul Denis, m\u00eame\u00a0si les Normands partent avec un certain avantage. Il s&rsquo;agit surtout \u00ab\u00a0de faire d\u00e9couvrir la r\u00e9gion\u00a0\u00bb. Novice en mots fl\u00e9ch\u00e9s mais plut\u00f4t friand de musique, je me lance sur la derni\u00e8re grille \u00ab\u00a0bonus\u00a0\u00bb consacr\u00e9e \u00e0 \u00ab\u00a0la nouvelle sc\u00e8ne\u00a0\u00bb normande.<\/p>\n<p>Intuitif et amusant<\/p>\n<p melodystyle=\"texte\">Un petit texte introductif met en avant quelques noms d&rsquo;artistes en gras pour faciliter le d\u00e9but du jeu. Crayon en main, je rep\u00e8re et note rapidement quelques artistes. Attention spoiler.\u00a0\u00ab\u00a0Rappe en anglais\u00a0\u00bb pour <a href=\"https:\/\/www.tendanceouest.com\/actualite-430762-photos-festival-art-sonic-clara-luciani-riles-les-plus-belles-images-de-la-journee-de-samedi\" target=\"_blank\" rel=\"nofollow noopener\">Ril\u00e8s<\/a>, \u00ab\u00a0Petit mais (maintenant) costaud\u00a0\u00bb pour <a href=\"https:\/\/www.tendanceouest.com\/actualite-421765-people-24h-enferme-dans-une-cabane-pour-creer-un-morceau-le-challenge-fou-lance-au-normand-petit-biscuit\" target=\"_blank\" rel=\"nofollow noopener\">Petit Biscuit<\/a>, \u00ab\u00a0A irradi\u00e9 la sc\u00e8ne reggae\u00a0\u00bb pour Na\u00e2man, \u00ab\u00a0Ville Sainte ou Rappeur\u00a0\u00bb pour M\u00e9dine, les clins d&rsquo;\u0153il sont amusants et assez intuitifs m\u00eame si je ne parviens pas \u00e0 remplir\u00a0l&rsquo;int\u00e9gralit\u00e9 de la grille. Je poursuis avec les sportifs normands, grille tout aussi abordable, puis avec les films des ann\u00e9es 70 \u00e0 nos jours, un peu plus technique. Reste plus que 47 grilles \u00e0 aborder\u00a0! Je demanderai aux coll\u00e8gues de la r\u00e9daction de m&rsquo;aider \u00e0 finir. Du patrimoine au paysage, en passant par les fromages ou les expressions, le livre offre une mine d&rsquo;informations sur toute la Normandie.\u00a0A tel point que son auteur est parvenu \u00e0\u00a0approcher\u00a0les offices de tourisme de Caen et de Ouistreham, qui vont bient\u00f4t distribuer son livre. Il devrait \u00eatre bient\u00f4t disponible \u00e9galement \u00e0 la librairie l&rsquo;Armiti\u00e8re \u00e0 Rouen.\u00a0<\/p>\n","protected":false},"excerpt":{"rendered":"Qui a dit que les mots\u00a0fl\u00e9ch\u00e9s \u00e9taient r\u00e9serv\u00e9s aux seniors\u00a0? Pas lui en tout cas. Raoul Denis, 41&hellip;\n","protected":false},"author":2,"featured_media":498617,"comment_status":"","ping_status":"","sticky":false,"template":"","format":"standard","meta":{"footnotes":""},"categories":[9587],"tags":[1111,11,1777,674,1011,27,12,5161,25,9590],"class_list":{"0":"post-498616","1":"post","2":"type-post","3":"status-publish","4":"format-standard","5":"has-post-thumbnail","7":"category-rouen","8":"tag-actu","9":"tag-actualites","10":"tag-eu","11":"tag-europe","12":"tag-fr","13":"tag-france","14":"tag-news","15":"tag-normandie","16":"tag-republique-francaise","17":"tag-rouen"},"share_on_mastodon":{"url":"https:\/\/pubeurope.com\/@fr\/115459786257425703","error":""},"_links":{"self":[{"href":"https:\/\/www.europesays.com\/fr\/wp-json\/wp\/v2\/posts\/498616","targetHints":{"allow":["GET"]}}],"collection":[{"href":"https:\/\/www.europesays.com\/fr\/wp-json\/wp\/v2\/posts"}],"about":[{"href":"https:\/\/www.europesays.com\/fr\/wp-json\/wp\/v2\/types\/post"}],"author":[{"embeddable":true,"href":"https:\/\/www.europesays.com\/fr\/wp-json\/wp\/v2\/users\/2"}],"replies":[{"embeddable":true,"href":"https:\/\/www.europesays.com\/fr\/wp-json\/wp\/v2\/comments?post=498616"}],"version-history":[{"count":0,"href":"https:\/\/www.europesays.com\/fr\/wp-json\/wp\/v2\/posts\/498616\/revisions"}],"wp:featuredmedia":[{"embeddable":true,"href":"https:\/\/www.europesays.com\/fr\/wp-json\/wp\/v2\/media\/498617"}],"wp:attachment":[{"href":"https:\/\/www.europesays.com\/fr\/wp-json\/wp\/v2\/media?parent=498616"}],"wp:term":[{"taxonomy":"category","embeddable":true,"href":"https:\/\/www.europesays.com\/fr\/wp-json\/wp\/v2\/categories?post=498616"},{"taxonomy":"post_tag","embeddable":true,"href":"https:\/\/www.europesays.com\/fr\/wp-json\/wp\/v2\/tags?post=498616"}],"curies":[{"name":"wp","href":"https:\/\/api.w.org\/{rel}","templated":true}]}}