{"id":498618,"date":"2025-10-29T22:21:36","date_gmt":"2025-10-29T22:21:36","guid":{"rendered":"https:\/\/www.europesays.com\/fr\/498618\/"},"modified":"2025-10-29T22:21:36","modified_gmt":"2025-10-29T22:21:36","slug":"coupe-de-france-un-derby-de-la-region-rouennaise-pour-ce-7eme-tour","status":"publish","type":"post","link":"https:\/\/www.europesays.com\/fr\/498618\/","title":{"rendered":"Coupe de France &#8211; Un derby de la r\u00e9gion rouennaise pour ce 7\u00e8me tour !"},"content":{"rendered":"<p><strong>Tout \u00e0 l\u2019heure \u00e0 11h, QRM tomb\u00e9 dans le groupe de tirage C, a \u00e9t\u00e9 d\u00e9sign\u00e9 pour affronter le CMS Oissel. Le club de la r\u00e9gion rouennaise \u00e9voluant en N3 r\u00e9ceptionnera la rencontre pr\u00e9vue pour le 15 ou 16 novembre prochain. <\/strong><\/p>\n<p>Apr\u00e8s s\u2019\u00eatre d\u00e9plac\u00e9s en Basse-Normandie par deux fois pour d\u00e9buter cette \u00e9dition 2026 de la Coupe de France, les Rouge &amp; Jaune cette fois n\u2019auront que quelques kilom\u00e8tres \u00e0 faire pour aller affronter Oissel. <\/p>\n<p>Un club de la r\u00e9gion que QRM conna\u00eet bien avec par exemple une \u00e9limination pr\u00e9matur\u00e9e au 6\u00e8me tour en 2018 sur le score de 1-0. <\/p>\n<p>Ces deux derni\u00e8res ann\u00e9es n\u00e9anmoins, les Osseliens n\u2019ont pas r\u00e9ussi \u00e0 r\u00e9it\u00e9rer de performances de ce type dans le cadre de la doyenne des coupes. Une \u00e9limination au 3\u00e8me tour l\u2019ann\u00e9e pass\u00e9e par l\u2019US Alen\u00e7on et malgr\u00e9 tout un joli 6\u00e8me tour il y a 2 ans perdu contre le FC Flers. <\/p>\n<p>Cette fois vainqueurs de l\u2019US Alen\u00e7on, les joueurs du CMS Oissel auront \u00e0 coeur de continuer leur beau parcours et de faire tomber les L\u00e9opards lors d\u2019un derby qui s\u2019annonce d\u00e9j\u00e0 \u00e9pique !<\/p>\n<p><a class=\"\" href=\"https:\/\/qrm.fr\/wp-content\/uploads\/2025\/10\/Post_Game-day-cdf-oissel.png\" target=\"\" rel=\"noopener nofollow\"><img decoding=\"async\"   src=\"https:\/\/www.europesays.com\/fr\/wp-content\/uploads\/2025\/10\/Post_Game-day-cdf-oissel-819x1024.png\" alt=\"\" class=\"uag-image-45532\" width=\"819\" height=\"1024\" title=\"\" loading=\"lazy\"\/><\/a><\/p>\n<p>Jordan Leborgne et ses co\u00e9quipiers se sont impos\u00e9s 1-0 face \u00e0 La Maladrerie lors du tour pr\u00e9c\u00e9dent, leur offrant leur billet pour le 7\u00e8me tour.<\/p>\n<p class=\"has-text-align-left\"><strong>Alors rendez-vous <\/strong>l<strong>e week-end du 15 et 16 novembre au stade Marcel Billard \u00e0 Oissel pour ce derby de la r\u00e9gion rouennaise qui risque de faire des \u00e9tincelles !<\/strong><\/p>\n","protected":false},"excerpt":{"rendered":"Tout \u00e0 l\u2019heure \u00e0 11h, QRM tomb\u00e9 dans le groupe de tirage C, a \u00e9t\u00e9 d\u00e9sign\u00e9 pour affronter&hellip;\n","protected":false},"author":2,"featured_media":498619,"comment_status":"","ping_status":"","sticky":false,"template":"","format":"standard","meta":{"footnotes":""},"categories":[9587],"tags":[1111,11,1777,674,1011,27,12,5161,25,9590],"class_list":{"0":"post-498618","1":"post","2":"type-post","3":"status-publish","4":"format-standard","5":"has-post-thumbnail","7":"category-rouen","8":"tag-actu","9":"tag-actualites","10":"tag-eu","11":"tag-europe","12":"tag-fr","13":"tag-france","14":"tag-news","15":"tag-normandie","16":"tag-republique-francaise","17":"tag-rouen"},"share_on_mastodon":{"url":"https:\/\/pubeurope.com\/@fr\/115459790810012440","error":""},"_links":{"self":[{"href":"https:\/\/www.europesays.com\/fr\/wp-json\/wp\/v2\/posts\/498618","targetHints":{"allow":["GET"]}}],"collection":[{"href":"https:\/\/www.europesays.com\/fr\/wp-json\/wp\/v2\/posts"}],"about":[{"href":"https:\/\/www.europesays.com\/fr\/wp-json\/wp\/v2\/types\/post"}],"author":[{"embeddable":true,"href":"https:\/\/www.europesays.com\/fr\/wp-json\/wp\/v2\/users\/2"}],"replies":[{"embeddable":true,"href":"https:\/\/www.europesays.com\/fr\/wp-json\/wp\/v2\/comments?post=498618"}],"version-history":[{"count":0,"href":"https:\/\/www.europesays.com\/fr\/wp-json\/wp\/v2\/posts\/498618\/revisions"}],"wp:featuredmedia":[{"embeddable":true,"href":"https:\/\/www.europesays.com\/fr\/wp-json\/wp\/v2\/media\/498619"}],"wp:attachment":[{"href":"https:\/\/www.europesays.com\/fr\/wp-json\/wp\/v2\/media?parent=498618"}],"wp:term":[{"taxonomy":"category","embeddable":true,"href":"https:\/\/www.europesays.com\/fr\/wp-json\/wp\/v2\/categories?post=498618"},{"taxonomy":"post_tag","embeddable":true,"href":"https:\/\/www.europesays.com\/fr\/wp-json\/wp\/v2\/tags?post=498618"}],"curies":[{"name":"wp","href":"https:\/\/api.w.org\/{rel}","templated":true}]}}