{"id":498620,"date":"2025-10-29T22:23:53","date_gmt":"2025-10-29T22:23:53","guid":{"rendered":"https:\/\/www.europesays.com\/fr\/498620\/"},"modified":"2025-10-29T22:23:53","modified_gmt":"2025-10-29T22:23:53","slug":"il-brave-son-interdiction-de-paraitre-a-larlequin-pour-imprimer-des-documents-pole-emploi","status":"publish","type":"post","link":"https:\/\/www.europesays.com\/fr\/498620\/","title":{"rendered":"il brave son interdiction de para\u00eetre \u00e0 l&rsquo;Arlequin pour imprimer des documents P\u00f4le Emploi\u00a0"},"content":{"rendered":"<p itemprop=\"description\"><strong>Interdit de s\u00e9jour \u00e0 Grenoble et dans le quartier de La Villeneuve, un jeune homme de 23 ans a \u00e9t\u00e9 arr\u00eat\u00e9 samedi \u00e0 la galerie de l\u2019Arlequin.<\/strong><\/p>\n<p>Il a expliqu\u00e9 \u00eatre venu simplement pour effectuer une d\u00e9marche administrative.<\/p>\n<p>Devant le tribunal, le pr\u00e9venu a affirm\u00e9 qu\u2019il souhaitait imprimer un document pour P\u00f4le emploi dans un taxiphone du quartier.<\/p>\n<p>Une version qui n\u2019a pas convaincu le minist\u00e8re public, rappelant que le jeune homme avait d\u00e9j\u00e0 \u00e9t\u00e9 condamn\u00e9 \u00e0 deux reprises l\u2019an dernier pour des faits li\u00e9s au trafic de stup\u00e9fiants dans cette m\u00eame zone.<\/p>\n<p>Les policiers l\u2019ont en effet interpell\u00e9 alors qu\u2019il se trouvait au milieu d\u2019un groupe de guetteurs, ce qui a \u00e9veill\u00e9 les soup\u00e7ons des forces de l\u2019ordre.<\/p>\n<p>Malgr\u00e9 sa d\u00e9fense, le tribunal a suivi les r\u00e9quisitions du procureur et l\u2019a condamn\u00e9 \u00e0 deux mois de prison ferme, assortis de la r\u00e9vocation d\u2019un pr\u00e9c\u00e9dent sursis, une peine qui reste am\u00e9nageable.<\/p>\n","protected":false},"excerpt":{"rendered":"Interdit de s\u00e9jour \u00e0 Grenoble et dans le quartier de La Villeneuve, un jeune homme de 23 ans&hellip;\n","protected":false},"author":2,"featured_media":498621,"comment_status":"","ping_status":"","sticky":false,"template":"","format":"standard","meta":{"footnotes":""},"categories":[9566],"tags":[1111,11,7733,8279,2430,7736,650,7734,2889,2263,1777,674,1011,27,2731,8280,6417,1114,108,4662,12,3725,1825,25,7737],"class_list":{"0":"post-498620","1":"post","2":"type-post","3":"status-publish","4":"format-standard","5":"has-post-thumbnail","7":"category-grenoble","8":"tag-actu","9":"tag-actualites","10":"tag-alpes","11":"tag-alpes1","12":"tag-auvergne-rhone-alpes","13":"tag-cds","14":"tag-cinema","15":"tag-ecoute","16":"tag-emission","17":"tag-equipe","18":"tag-eu","19":"tag-europe","20":"tag-fr","21":"tag-france","22":"tag-grenoble","23":"tag-haute","24":"tag-information","25":"tag-infos","26":"tag-isere","27":"tag-journal","28":"tag-news","29":"tag-podcast","30":"tag-radio","31":"tag-republique-francaise","32":"tag-winamp"},"share_on_mastodon":{"url":"https:\/\/pubeurope.com\/@fr\/115459801908636545","error":""},"_links":{"self":[{"href":"https:\/\/www.europesays.com\/fr\/wp-json\/wp\/v2\/posts\/498620","targetHints":{"allow":["GET"]}}],"collection":[{"href":"https:\/\/www.europesays.com\/fr\/wp-json\/wp\/v2\/posts"}],"about":[{"href":"https:\/\/www.europesays.com\/fr\/wp-json\/wp\/v2\/types\/post"}],"author":[{"embeddable":true,"href":"https:\/\/www.europesays.com\/fr\/wp-json\/wp\/v2\/users\/2"}],"replies":[{"embeddable":true,"href":"https:\/\/www.europesays.com\/fr\/wp-json\/wp\/v2\/comments?post=498620"}],"version-history":[{"count":0,"href":"https:\/\/www.europesays.com\/fr\/wp-json\/wp\/v2\/posts\/498620\/revisions"}],"wp:featuredmedia":[{"embeddable":true,"href":"https:\/\/www.europesays.com\/fr\/wp-json\/wp\/v2\/media\/498621"}],"wp:attachment":[{"href":"https:\/\/www.europesays.com\/fr\/wp-json\/wp\/v2\/media?parent=498620"}],"wp:term":[{"taxonomy":"category","embeddable":true,"href":"https:\/\/www.europesays.com\/fr\/wp-json\/wp\/v2\/categories?post=498620"},{"taxonomy":"post_tag","embeddable":true,"href":"https:\/\/www.europesays.com\/fr\/wp-json\/wp\/v2\/tags?post=498620"}],"curies":[{"name":"wp","href":"https:\/\/api.w.org\/{rel}","templated":true}]}}