{"id":498630,"date":"2025-10-29T22:29:21","date_gmt":"2025-10-29T22:29:21","guid":{"rendered":"https:\/\/www.europesays.com\/fr\/498630\/"},"modified":"2025-10-29T22:29:21","modified_gmt":"2025-10-29T22:29:21","slug":"lol-et-rennes-remontes-par-toulouse-et-le-paris-fc-strasbourg-facile-contre-auxerre-ligue-1-j10","status":"publish","type":"post","link":"https:\/\/www.europesays.com\/fr\/498630\/","title":{"rendered":"L&rsquo;OL et Rennes remont\u00e9s par Toulouse et le Paris FC, Strasbourg facile contre Auxerre &#8211; Ligue 1 &#8211; J10"},"content":{"rendered":"<p>Pour l\u2019amour de la Ligue 1.<\/p>\n<p>Apr\u00e8s un d\u00e9but de soir\u00e9e calme en buts, le championnat de France s\u2019est agit\u00e9 en prime-time. <a target=\"_blank\" href=\"https:\/\/www.sofoot.com\/articles\/ligue-1-monaco-triomphe-a-nantes-dans-un-match-spectaculaire\" rel=\"nofollow noopener\">Comme la Beaujoire<\/a>, le public de Jean Bouin en a eu pour son argent en assistant \u00e0 la remont\u00e9e inattendue et inesp\u00e9r\u00e9e du Paris FC contre l\u2019OL (3-3). Les Gones pensaient franchement avoir fait le plus dur en marquant trois fois en une heure : un premier but rapide sign\u00e9 Corentin Tolisso, sur un service de Dominik Greif, et un doubl\u00e9 de Pavel Sulc apr\u00e8s la pause\u2026 jusqu\u2019\u00e0 l\u2019expulsion d\u2019Abner Vinicius pour un mauvais tacle sur Ilan Kebbal.<\/p>\n<p>Mauvaise id\u00e9e : Adama Camara s\u2019est senti pousser des ailes en relan\u00e7ant la partie d\u2019une jolie reprise. L\u2019expulsion de Thibault De Smet pour un deuxi\u00e8me jaune dans la foul\u00e9e n\u2019a pas emp\u00each\u00e9 les Parisiens de continuer leur remont\u00e9e. Kebbal a remis \u00e7a, d\u2019un enroul\u00e9 subtil, pour donner de l\u2019int\u00e9r\u00eat \u00e0 une fin de match o\u00f9 l\u2019ancien R\u00e9mois a encore fait son num\u00e9ro pour permettre \u00e0 Vincent Marchetti d\u2019\u00e9galiser avec de la r\u00e9ussite. Du baume au coeur des Parisiens et une cinqui\u00e8me place pour les Gones.<\/p>\n<p>Le 2-2 de trop pour Habib Beye ?<\/p>\n<p>Dans leur malheur, les Lyonnais ont vu Strasbourg leur passer devant au classement \u00e0 la diff\u00e9rence de buts. Trois jours apr\u00e8s sa d\u00e9faite cruelle chez les Rhodaniens, le Racing n\u2019a pas trop r\u00e9fl\u00e9chi pour se d\u00e9barrasser d\u2019Auxerre (3-0). Les Alsaciens auraient pourtant pu cogiter apr\u00e8s avoir boucl\u00e9 la premi\u00e8re p\u00e9riode sans marquer, mais la lumi\u00e8re s\u2019est allum\u00e9e quelques secondes apr\u00e8s la pause. Devinez qui s\u2019en est occup\u00e9 ? Joaquin Panichelli, bien s\u00fbr. Le meilleur artilleur du championnat s\u2019est rattrap\u00e9 de ses occasions manqu\u00e9es en coupant un centre de Diego Moreira. De quoi d\u00e9complexer les Strasbourgeois, qui ont d\u00e9finitivement plomb\u00e9 l\u2019AJA gr\u00e2ce \u00e0 Sebastian Nanasi et Valentin Barco. Sans piti\u00e9 pour les Bourguignons, toujours rel\u00e9gables et devan\u00e7ant seulement Metz.<\/p>\n<p>Le meilleur ou le plus tendu pour la fin : <a target=\"_blank\" href=\"https:\/\/www.sofoot.com\/articles\/ligue-1-au-stade-rennais-lenfer-du-decor-depuis-deux-ans-et-dans-un-contexte-tendu-pour-habib-beye\" rel=\"nofollow noopener\">Habib Beye a s\u00fbrement manqu\u00e9 de sauver sa t\u00eate \u00e0 Toulouse<\/a>, o\u00f9 son Stade rennais a fait ce qu\u2019il fait faire de mieux, c\u2019est-\u00e0-dire se faire remonter apr\u00e8s avoir men\u00e9 de deux buts (2-2). Oui, oui, comme face au Havre ou \u00e0 Nantes, quelques semaines plus t\u00f4t. La barre de Yann Gboho a forc\u00e9 d\u2019attendre le retour des citrons pour voir les Bretons calmer les Violets. Un cadeau de la d\u00e9fense toulousaine a permis \u00e0 Esteban Lepaul d\u2019ajuster Guillaume Restes, coupable quatre minutes plus tard d\u2019une b\u00e9vue sur un tir puissant de Mousa Al-Tamari. Une \u00e9quipe menant 2-0 pourrait \u00eatre tranquille, mais pas Rennes cette saison. Alors, Cresswell s\u2019est transform\u00e9 en attaquant pour tromper Brice Samba, puis Cl\u00e9ment Turpin a cette fois valid\u00e9 un penalty apr\u00e8s en avoir annul\u00e9 un en d\u00e9but de partie, pour laisser Aron D\u00f8nnum remettre les deux \u00e9quipes \u00e0 \u00e9galit\u00e9.<\/p>\n<p>Le cr\u00e9dit Beye est \u00e9puis\u00e9.<\/p>\n<p><img decoding=\"async\" loading=\"lazy\" class=\"blason blason-petit\" src=\"https:\/\/www.europesays.com\/fr\/wp-content\/uploads\/2025\/04\/1744621099_337_grande.jpg\"\/> Paris FC 3-3 Lyon <img decoding=\"async\" loading=\"lazy\" class=\"blason blason-petit\" src=\"https:\/\/www.europesays.com\/fr\/wp-content\/uploads\/2025\/04\/grande.jpg\"\/><\/p>\n<p>Buts : Camara (65e), Kebbal (77e) et Marchetti (84e) pour le PFC \/\/ Tolisso (5e) et \u0160ulc (51e, 58e) pour l\u2019OL<\/p>\n<p>Expulsions : De Smet (67e) c\u00f4t\u00e9 Paris \/\/ Abner Vinicius (61e) c\u00f4t\u00e9 Gones<\/p>\n<p><img decoding=\"async\" loading=\"lazy\" class=\"blason blason-petit\" src=\"https:\/\/www.europesays.com\/fr\/wp-content\/uploads\/2025\/04\/1744595860_962_grande.jpg\"\/> Strasbourg 3-0 Auxerre <img decoding=\"async\" loading=\"lazy\" class=\"blason blason-petit\" src=\"https:\/\/www.europesays.com\/fr\/wp-content\/uploads\/2025\/10\/1760920353_648_grande.jpg\"\/><\/p>\n<p>Buts : Panichelli (46e), Nanasi (55e) et Barco (60e) pour le Racing<\/p>\n<p><img decoding=\"async\" loading=\"lazy\" class=\"blason blason-petit\" src=\"https:\/\/www.europesays.com\/fr\/wp-content\/uploads\/2025\/04\/1744060359_272_grande.jpg\"\/> Toulouse 2-2 Rennes <img decoding=\"async\" loading=\"lazy\" class=\"blason blason-petit\" src=\"https:\/\/www.europesays.com\/fr\/wp-content\/uploads\/2025\/04\/1744694119_584_grande.jpg\"\/><\/p>\n<p>Buts : Cresswell (58e) et D\u00f6nnum SP (84e) pour les Violets \/\/ Lepaul (49e) et Al-Tamari (54e) pour les Rouge et Noir<\/p>\n<p>\t\t\t\t\t\t\t\t\t\t<a class=\"lien-connexe\" href=\"https:\/\/www.sofoot.com\/articles\/en-direct-la-seconde-partie-du-multiplex-de-la-10e-journee-de-ligue-1-om-angers-paris-fc-lyon-nantes-monaco-strasbourg-auxerre-et-toulouse-rennes\" rel=\"nofollow noopener\" target=\"_blank\">Revivez le multiplex de Ligue 1 (partie 2)<\/a>\t\t\t\t\t<\/p>\n","protected":false},"excerpt":{"rendered":"Pour l\u2019amour de la Ligue 1. Apr\u00e8s un d\u00e9but de soir\u00e9e calme en buts, le championnat de France&hellip;\n","protected":false},"author":2,"featured_media":498631,"comment_status":"","ping_status":"","sticky":false,"template":"","format":"standard","meta":{"footnotes":""},"categories":[2820],"tags":[1111,47,11,61,69,65,64,1777,674,63,1011,27,775,68,66,12,62,70,25,67,640],"class_list":{"0":"post-498630","1":"post","2":"type-post","3":"status-publish","4":"format-standard","5":"has-post-thumbnail","7":"category-strasbourg","8":"tag-actu","9":"tag-actualite","10":"tag-actualites","11":"tag-actus-football","12":"tag-bundesliga","13":"tag-championnats-europeens","14":"tag-equipe-de-france","15":"tag-eu","16":"tag-europe","17":"tag-football","18":"tag-fr","19":"tag-france","20":"tag-grand-est","21":"tag-ligua","22":"tag-ligue-1","23":"tag-news","24":"tag-news-foot","25":"tag-premier-league","26":"tag-republique-francaise","27":"tag-serie-a","28":"tag-strasbourg"},"share_on_mastodon":{"url":"https:\/\/pubeurope.com\/@fr\/115459822024604206","error":""},"_links":{"self":[{"href":"https:\/\/www.europesays.com\/fr\/wp-json\/wp\/v2\/posts\/498630","targetHints":{"allow":["GET"]}}],"collection":[{"href":"https:\/\/www.europesays.com\/fr\/wp-json\/wp\/v2\/posts"}],"about":[{"href":"https:\/\/www.europesays.com\/fr\/wp-json\/wp\/v2\/types\/post"}],"author":[{"embeddable":true,"href":"https:\/\/www.europesays.com\/fr\/wp-json\/wp\/v2\/users\/2"}],"replies":[{"embeddable":true,"href":"https:\/\/www.europesays.com\/fr\/wp-json\/wp\/v2\/comments?post=498630"}],"version-history":[{"count":0,"href":"https:\/\/www.europesays.com\/fr\/wp-json\/wp\/v2\/posts\/498630\/revisions"}],"wp:featuredmedia":[{"embeddable":true,"href":"https:\/\/www.europesays.com\/fr\/wp-json\/wp\/v2\/media\/498631"}],"wp:attachment":[{"href":"https:\/\/www.europesays.com\/fr\/wp-json\/wp\/v2\/media?parent=498630"}],"wp:term":[{"taxonomy":"category","embeddable":true,"href":"https:\/\/www.europesays.com\/fr\/wp-json\/wp\/v2\/categories?post=498630"},{"taxonomy":"post_tag","embeddable":true,"href":"https:\/\/www.europesays.com\/fr\/wp-json\/wp\/v2\/tags?post=498630"}],"curies":[{"name":"wp","href":"https:\/\/api.w.org\/{rel}","templated":true}]}}