{"id":498634,"date":"2025-10-29T22:31:16","date_gmt":"2025-10-29T22:31:16","guid":{"rendered":"https:\/\/www.europesays.com\/fr\/498634\/"},"modified":"2025-10-29T22:31:16","modified_gmt":"2025-10-29T22:31:16","slug":"a-lopera-de-nice-de-loin-en-loin","status":"publish","type":"post","link":"https:\/\/www.europesays.com\/fr\/498634\/","title":{"rendered":"\u00c0 l\u2019Op\u00e9ra de Nice, \u00ab\u00a0De loin en loin\u00a0\u00bb"},"content":{"rendered":"<p><strong>Pour le programme d\u2019ouverture de sa premi\u00e8re saison en tant que directeur du Ballet de l\u2019Op\u00e9ra Nice-C\u00f4te d\u2019Azur, Pontus Lidberg a choisi de r\u00e9unir deux pi\u00e8ces plac\u00e9es sous le signe de la rencontre : celle des \u00e9nergies f\u00e9minine et masculine pour Nocturne de Juliano Nunes, celle des cultures pour Loin de Sidi Larbi Cherkaoui.<\/strong><\/p>\n<p>Interpr\u00e8te notamment pour les Ballets de Leipzig et des Flandres, Juliano Nunes s\u2019inscrit dans la danse anglo-saxonne qui ne renie pas ses racines acad\u00e9miques mais se les r\u00e9approprie pour d\u00e9velopper son propre langage. Apr\u00e8s des pi\u00e8ces pour le Ballet de Zurich, le Nederlands Dans Theater, le Royal Ballet de Londres et prochainement l\u2019American Ballet Theatre, Nocturne est sa derni\u00e8re cr\u00e9ation et sa premi\u00e8re collaboration avec une compagnie fran\u00e7aise. Le chor\u00e9graphe br\u00e9silien a souhait\u00e9 explorer ici la rencontre des \u00e9nergies masculine et f\u00e9minine, pla\u00e7ant la premi\u00e8re sous le signe du Soleil et la seconde, sous celui de la Lune.<\/p>\n<p><img loading=\"lazy\" decoding=\"async\" aria-describedby=\"caption-attachment-373339\" class=\"wp-image-373339 \" src=\"https:\/\/www.europesays.com\/fr\/wp-content\/uploads\/2025\/10\/Nocturne-de-J-nunes-photo-G-Batardon-2-vf-scaled.jpg\" alt=\"\" width=\"550\" height=\"367\"  \/><\/p>\n<p id=\"caption-attachment-373339\" class=\"wp-caption-text\">Nocturne de Juliano Nunes \u00a9 Gregory Batardon<\/p>\n<p>Le ballet d\u00e9bute avec l\u2019ensemble des danseurs qui entrent en sc\u00e8ne comme des com\u00e8tes, enchainant avec v\u00e9locit\u00e9 de courts solos et duos. Apr\u00e8s cette introduction, deux tableaux vont se succ\u00e9der, l\u2019un avec les hommes, tout en \u00e9nergie fougueuse, l\u2019autre avec les femmes qui vont, sur pointes, exprimer un autre volet de la force : apais\u00e9 certes mais tranchant et tout aussi puissant. Le final sera plac\u00e9 sous le signe de la fusion avec des ensembles et une s\u00e9rie de pas de deux. La chor\u00e9graphie de Juliano Nunes se nourrit de la richesse du vocabulaire classique, avec notamment des sauts et surtout des tours \u2013 fouett\u00e9s, \u00e0 la seconde, en l\u2019air\u2026- comme un clin d\u2019\u0153il \u00e0 la rotation des plan\u00e8tes. Les costumes \u2013 des justaucorps rouges pour les hommes, bleus pour les femmes \u2013 et la sc\u00e9nographie semblent inscrire, de prime abord, la pi\u00e8ce dans une esth\u00e9tique des ann\u00e9es 70 mais ils lui donnent finalement, une dimension graphique et intemporelle. Plus qu\u2019un travail sur le f\u00e9minin \/ masculin, il ressort, de Nocturne, un feu d\u2019artifice technique et un univers singulier et po\u00e9tique, port\u00e9 par la m\u00e9taphore des plan\u00e8tes.<\/p>\n<p><img loading=\"lazy\" decoding=\"async\" aria-describedby=\"caption-attachment-373340\" class=\"wp-image-373340\" src=\"https:\/\/www.europesays.com\/fr\/wp-content\/uploads\/2025\/10\/Nocturne-de-J-nunes-photo-G-Batardon-1-vf-scaled.jpg\" alt=\"\" width=\"550\" height=\"367\"  \/><\/p>\n<p id=\"caption-attachment-373340\" class=\"wp-caption-text\">Nocturne de Juliano Nunes \u00a9 Gregory Batardon<\/p>\n<p>Sidi Larbi Cherkaoui interroge depuis longtemps, dans ses pi\u00e8ces, la notion de m\u00e9tissage. Cr\u00e9\u00e9 en 2005 pour le Ballet du Grand Th\u00e9\u00e2tre de Gen\u00e8ve, Loin traite de la rencontre. Celle-ci est abord\u00e9e, en premier lieu, par la chor\u00e9graphie comme dans le prologue o\u00f9 les danseurs s\u2019appr\u00e9hendent avec un travail sur le mouvement des mains et des bras puis tout au long de la pi\u00e8ce, lorsqu\u2019ils s\u2019\u00e9lancent puis s\u2019enlacent, signifiant la rencontre entre individus. Les mouvements sont amples, les nombreux duos et trios, tout en fluidit\u00e9, les corps marquent des cercles, tournoient et s\u2019enroulent, dessinant dans l\u2019air des calligraphies. La gestuelle de Sidi Larbi Cherkaoui emprunte \u00e0 la danse contemporaine mais aussi aux arts martiaux.<\/p>\n<p><img loading=\"lazy\" decoding=\"async\" aria-describedby=\"caption-attachment-373342\" class=\"wp-image-373342\" src=\"https:\/\/www.europesays.com\/fr\/wp-content\/uploads\/2025\/10\/Loin-de-SL-Cherkaoui-photo-G-Batardon-1-e-scaled.jpg\" alt=\"\" width=\"550\" height=\"367\"  \/><\/p>\n<p id=\"caption-attachment-373342\" class=\"wp-caption-text\">Loin de Sidi Larbi Cherkaoui \u00a9 Gregory Batardon<\/p>\n<p>Pour Loin, Sidi Larbi Cherkaoui a souhait\u00e9 explorer le m\u00e9tissage des esth\u00e9tiques et des disciplines : les costumes reprennent les codes des kimonos \u2013 ceinture, drap\u00e9 -, les cimaises s\u2019ornent de motifs mauresques et les sonates d\u2019Heinrich Biber, caract\u00e9ristiques du baroque europ\u00e9en, font le lien. Les tableaux dans\u00e9s sont entrecoup\u00e9s de moments th\u00e9\u00e2traux ou chant\u00e9s. Ainsi, rassembl\u00e9s en ligne, face au public, les danseurs vont \u00e9voquer, d\u2019une m\u00eame voix, des anecdotes d\u2019une tourn\u00e9e en Chine, comme autant de parenth\u00e8ses surr\u00e9alistes. Dans Loin, Sidi Larbi Cherkaoui a pris le risque de m\u00e9langer les arts et les cultures, qu\u2019ils viennent de l\u2019Occident, de l\u2019Orient ou de l\u2019Asie. \u00a0La gestuelle tr\u00e8s construite et coh\u00e9rente fait le lien \u2013 le liant \u2013 pour offrir une \u0153uvre riche et particuli\u00e8rement forte, une vraie pi\u00e8ce de r\u00e9pertoire.<\/p>\n<p><img loading=\"lazy\" decoding=\"async\" aria-describedby=\"caption-attachment-373341\" class=\"wp-image-373341\" src=\"https:\/\/www.europesays.com\/fr\/wp-content\/uploads\/2025\/10\/Loin-de-SL-Cherkaoui-photo-G-Batardon-2-vf-scaled.jpg\" alt=\"\" width=\"550\" height=\"367\"  \/><\/p>\n<p id=\"caption-attachment-373341\" class=\"wp-caption-text\">Sidi Larbi Cherkaoui \u00a9 Gregory Batardon<\/p>\n<p>Avec ce programme, Pontus Lidberg a choisi de faire appel \u00e0 deux auteurs contemporains aux univers tr\u00e8s diff\u00e9rents, l\u2019un ancr\u00e9 dans l\u2019h\u00e9ritage classique, l\u2019autre, nourri de m\u00e9tissage artistique. Une \u00e9criture rigoureuse et une grande exigence dans l\u2019interpr\u00e9tation les rassemblent et donnent une vraie coh\u00e9rence \u00e0 la soir\u00e9e, servie avec panache par les danseuses et les danseurs de la compagnie. Le Ballet de Nice-C\u00f4te d\u2019Azur apparait en grande forme et pr\u00eat \u00e0 relever de nouveaux d\u00e9fis artistiques.<\/p>\n<p><strong>St\u00e9phanie N\u00e8gre<\/strong><\/p>\n","protected":false},"excerpt":{"rendered":"Pour le programme d\u2019ouverture de sa premi\u00e8re saison en tant que directeur du Ballet de l\u2019Op\u00e9ra Nice-C\u00f4te d\u2019Azur,&hellip;\n","protected":false},"author":2,"featured_media":498635,"comment_status":"","ping_status":"","sticky":false,"template":"","format":"standard","meta":{"footnotes":""},"categories":[2819],"tags":[1111,11,7257,5972,1777,674,1011,27,12,2401,882,25],"class_list":{"0":"post-498634","1":"post","2":"type-post","3":"status-publish","4":"format-standard","5":"has-post-thumbnail","7":"category-nice","8":"tag-actu","9":"tag-actualites","10":"tag-critique","11":"tag-danse","12":"tag-eu","13":"tag-europe","14":"tag-fr","15":"tag-france","16":"tag-news","17":"tag-nice","18":"tag-provence-alpes-cote-dazur","19":"tag-republique-francaise"},"share_on_mastodon":{"url":"https:\/\/pubeurope.com\/@fr\/115459830481121853","error":""},"_links":{"self":[{"href":"https:\/\/www.europesays.com\/fr\/wp-json\/wp\/v2\/posts\/498634","targetHints":{"allow":["GET"]}}],"collection":[{"href":"https:\/\/www.europesays.com\/fr\/wp-json\/wp\/v2\/posts"}],"about":[{"href":"https:\/\/www.europesays.com\/fr\/wp-json\/wp\/v2\/types\/post"}],"author":[{"embeddable":true,"href":"https:\/\/www.europesays.com\/fr\/wp-json\/wp\/v2\/users\/2"}],"replies":[{"embeddable":true,"href":"https:\/\/www.europesays.com\/fr\/wp-json\/wp\/v2\/comments?post=498634"}],"version-history":[{"count":0,"href":"https:\/\/www.europesays.com\/fr\/wp-json\/wp\/v2\/posts\/498634\/revisions"}],"wp:featuredmedia":[{"embeddable":true,"href":"https:\/\/www.europesays.com\/fr\/wp-json\/wp\/v2\/media\/498635"}],"wp:attachment":[{"href":"https:\/\/www.europesays.com\/fr\/wp-json\/wp\/v2\/media?parent=498634"}],"wp:term":[{"taxonomy":"category","embeddable":true,"href":"https:\/\/www.europesays.com\/fr\/wp-json\/wp\/v2\/categories?post=498634"},{"taxonomy":"post_tag","embeddable":true,"href":"https:\/\/www.europesays.com\/fr\/wp-json\/wp\/v2\/tags?post=498634"}],"curies":[{"name":"wp","href":"https:\/\/api.w.org\/{rel}","templated":true}]}}