{"id":498636,"date":"2025-10-29T22:32:18","date_gmt":"2025-10-29T22:32:18","guid":{"rendered":"https:\/\/www.europesays.com\/fr\/498636\/"},"modified":"2025-10-29T22:32:18","modified_gmt":"2025-10-29T22:32:18","slug":"offre-limitee-profitez-de-3-mois-dabonnement-a-presse-ocean-pour-seulement-3-e","status":"publish","type":"post","link":"https:\/\/www.europesays.com\/fr\/498636\/","title":{"rendered":"Offre limit\u00e9e\u00a0: profitez de 3\u00a0mois d\u2019abonnement \u00e0 Presse Oc\u00e9an pour seulement 3 \u20ac"},"content":{"rendered":"<p>Dans un monde en constante \u00e9volution, l\u2019acc\u00e8s \u00e0 une information fiable et v\u00e9rifi\u00e9e doit rester \u00e0 la port\u00e9e de tous.  <a href=\"https:\/\/www.ouest-france.fr\/presse-ocean\/\" target=\"_self\" rel=\"nofollow noopener\">Presse Oc\u00e9an<\/a>  s\u2019engage en ce sens en vous proposant aujourd\u2019hui d\u2019acc\u00e9der \u00e0 l\u2019ensemble de ses contenus num\u00e9riques pendant 3\u00a0mois pour 3\u00a0\u20ac seulement (au lieu de 56,97\u00a0\u20ac).<\/p>\n<p>D\u00e9couvrez toute la richesse de nos contenus num\u00e9riques<\/p>\n<p>Notre \u00e9quipe de journalistes vous accompagne tout au long de l\u2019ann\u00e9e et se mobilise pour vous d\u00e9livrer toute l\u2019actualit\u00e9, de votre commune au monde. Gr\u00e2ce au Pack num\u00e9rique, profitez d\u2019un acc\u00e8s illimit\u00e9 via le site ou l\u2019application, \u00e0 tous ces contenus\u00a0: articles, journal num\u00e9rique, enqu\u00eates de la r\u00e9daction, dossiers sp\u00e9ciaux, vid\u00e9os\u2026<\/p>\n<p>Rejoignez la communaut\u00e9 d\u2019abonn\u00e9s Presse Oc\u00e9an<\/p>\n<p>En tant qu\u2019abonn\u00e9(e) Presse Oc\u00e9an, vous b\u00e9n\u00e9ficierez \u00e9galement d\u2019un acc\u00e8s exclusif \u00e0 La Place\u00a0: notre espace r\u00e9serv\u00e9 aux abonn\u00e9s. Chaque semaine, tentez votre chance pour remporter des cadeaux et vivre des exp\u00e9riences exceptionnelles\u00a0: spectacles, concerts, \u00e9v\u00e9nements sportifs, rencontres avec des personnalit\u00e9s, visites priv\u00e9es\u2026 Offre valable jusqu\u2019au 2\u00a0novembre 2025 uniquement.<\/p>\n<p>? <a href=\"https:\/\/abonnement.ouest-france.fr\/presse-ocean\/tunnel\/pack-numerique-campagne-dl\/122103113102?at_medium=print&amp;at_campaign=po-abo_vf1025&amp;at_content=article-redac-web#error=login_required&amp;state=3e78520a-2149-47ed-947b-0b20b927a1fa&amp;iss=https%3A%2F%2Fauth.ouest-france.fr%2Fauth%2Frealms%2Fsipa\" target=\"_self\" rel=\"nofollow noopener\">Cliquez ici pour en profiter.<\/a><\/p>\n<p>Retrouvez nos enqu\u00eates, reportages, t\u00e9moignages et tous nos articles<\/p>\n<p>S\u2019abonner \u00e0 Presse Oc\u00e9an, c\u2019est recevoir au quotidien des informations pratiques, mais aussi d\u00e9couvrir des t\u00e9moignages, des enqu\u00eates ou des reportages en Loire-Atlantique. En voici quelques exemples.<\/p>\n<p>? \u00ab\u00a0On m\u2019a vol\u00e9 le bonheur d\u2019avoir le bac\u00a0\u00bb\u00a0: Gabriel, re\u00e7u aux \u00e9preuves apr\u00e8s une incroyable bourde<\/p>\n<p>Une note de 8\/20 au lieu d\u2019un 12 \u00e0 une \u00e9preuve et un bac qui passe \u00e0 la trappe\u00a0: en juin\u00a02025, Gabriel a \u00e9t\u00e9 victime d\u2019une monumentale erreur commise par un examinateur qui a report\u00e9 une mauvaise note dans son dossier. Quatre mois plus tard, et un \u00e9t\u00e9 pourri par son \u00e9chec suppos\u00e9 au bac, le voici propuls\u00e9 en fac avec cinq semaines de cours \u00e0 rattraper. Sans grand mot d\u2019excuse du rectorat.<a href=\"https:\/\/nantes.maville.com\/actu\/actudet_--on-m-a-vole-le-bonheur-d-avoir-le-bac-gabriel-recu-aux-epreuves-apres-une-incroyable-bourde-_54028-7023403_actu.Htm\" target=\"_self\" rel=\"nofollow noopener\"> <br \/>Un t\u00e9moignage \u00e0 lire par ici.<\/a><\/p>\n<p>? Pourquoi l\u2019immobilier de bureau est-il toujours en panne \u00e0 Nantes\u00a0?<\/p>\n<p>Le march\u00e9 de l\u2019immobilier tertiaire a rebondi de 18\u00a0%, au premier semestre 2025, dans la m\u00e9tropole nantaise. Mais trois grosses op\u00e9rations expliquent en grande partie cette reprise en trompe-l\u2019\u0153il.<a href=\"https:\/\/nantes.maville.com\/actu\/actudet_--il-ne-se-passe-plus-rien-pourquoi-l-immobilier-de-bureau-est-il-toujours-en-panne-a-nantes-_52716-7019476_actu.Htm\" target=\"_self\" rel=\"nofollow noopener\"> <br \/>La r\u00e9ponse se lit en cliquant ici.<\/a><\/p>\n<p>? \u00ab\u00a0Elle vivait sa petite vie tranquille\u00a0\u00bb\u00a0: qui \u00e9tait Soizick Jarno, retrouv\u00e9e morte chez elle\u00a0?<\/p>\n<p>La sexag\u00e9naire a \u00e9t\u00e9 retrouv\u00e9e morte \u00e0 son domicile incendi\u00e9 de La Turballe, lundi 8\u00a0septembre 2025, la t\u00eate recouverte d\u2019un sac plastique et le corps de traces suspectes. Une mort qui contraste avec la femme discr\u00e8te et sans histoire d\u00e9peinte par ses voisins.<a href=\"https:\/\/labaule.maville.com\/actu\/actudet_--elle-vivait-sa-petite-vie-tranquille-qui-etait-soizick-jarno-retrouvee-morte-chez-elle-_8-6967917_actu.Htm\" target=\"_self\" rel=\"nofollow noopener\"> <br \/>Un portrait \u00e0 d\u00e9couvrir par ici.<\/a><\/p>\n<p>? R\u00e9forme des retraites suspendue\u00a0: \u00e2ge et trimestres fig\u00e9s, on vous dit l\u2019essentiel<\/p>\n<p>Oubliez temporairement les r\u00e8gles habituelles de d\u00e9part \u00e0 la retraite. S\u00e9bastien Lecornu a propos\u00e9 une suspension de la r\u00e9forme de 2023 jusqu\u2019\u00e0 la pr\u00e9sidentielle 2027. \u00c2ge l\u00e9gal et dur\u00e9e de cotisation seraient gel\u00e9s\u00a0: aucun rel\u00e8vement d\u2019\u00e2ge ni de trimestres jusqu\u2019en janvier\u00a02028.<a href=\"https:\/\/nantes.maville.com\/actu\/actudet_-reforme-des-retraites-suspendue-age-et-trimestres-figes-on-vous-dit-l-essentiel-_8-7027324_actu.Htm\" target=\"_self\" rel=\"nofollow noopener\"> <br \/>L\u2019essentiel \u00e0 lire ici.<\/a><\/p>\n<p>? ENQU\u00caTE. La plus puissante avocate de France, Anne Bouillon, vis\u00e9e par une enqu\u00eate d\u00e9ontologique<\/p>\n<p>Management \u00a0toxique\u00a0, conditions de travail \u00e9prouvantes\u2026 Une enqu\u00eate d\u00e9ontologique portant sur le cabinet nantais d\u2019Anne Bouillon a conduit \u00e0 la saisine du Conseil r\u00e9gional de discipline. Quatre anciennes collaboratrices ont accept\u00e9 de t\u00e9moigner aupr\u00e8s de Presse Oc\u00e9an et du Courrier de l\u2019Ouest. Toutes d\u00e9crivent un d\u00e9calage entre l\u2019image publique de l\u2019avocate f\u00e9ministe et la r\u00e9alit\u00e9 v\u00e9cue dans son cabinet.<a href=\"https:\/\/nantes.maville.com\/actu\/actudet_-enquete.-la-plus-puissante-avocate-de-france-anne-bouillon-visee-par-une-enquete-deontologique-_8-6956465_actu.Htm\" target=\"_self\" rel=\"nofollow noopener\"> <br \/>Une enqu\u00eate \u00e0 retrouver par ici<\/a>.<\/p>\n<p>\u00a0<\/p>\n","protected":false},"excerpt":{"rendered":"Dans un monde en constante \u00e9volution, l\u2019acc\u00e8s \u00e0 une information fiable et v\u00e9rifi\u00e9e doit rester \u00e0 la port\u00e9e&hellip;\n","protected":false},"author":2,"featured_media":498637,"comment_status":"","ping_status":"","sticky":false,"template":"","format":"standard","meta":{"footnotes":""},"categories":[2818],"tags":[19020,10720,1111,11,1777,674,1011,27,62093,2561,766,12,12517,5235,2636,4048,62096,25,43032],"class_list":{"0":"post-498636","1":"post","2":"type-post","3":"status-publish","4":"format-standard","5":"has-post-thumbnail","7":"category-nantes","8":"tag-19020","9":"tag-abonnement","10":"tag-actu","11":"tag-actualites","12":"tag-eu","13":"tag-europe","14":"tag-fr","15":"tag-france","16":"tag-limitee","17":"tag-mois","18":"tag-nantes","19":"tag-news","20":"tag-ocean","21":"tag-offre","22":"tag-pays-de-la-loire","23":"tag-presse","24":"tag-profitez","25":"tag-republique-francaise","26":"tag-seulement"},"share_on_mastodon":{"url":"https:\/\/pubeurope.com\/@fr\/115459833452451227","error":""},"_links":{"self":[{"href":"https:\/\/www.europesays.com\/fr\/wp-json\/wp\/v2\/posts\/498636","targetHints":{"allow":["GET"]}}],"collection":[{"href":"https:\/\/www.europesays.com\/fr\/wp-json\/wp\/v2\/posts"}],"about":[{"href":"https:\/\/www.europesays.com\/fr\/wp-json\/wp\/v2\/types\/post"}],"author":[{"embeddable":true,"href":"https:\/\/www.europesays.com\/fr\/wp-json\/wp\/v2\/users\/2"}],"replies":[{"embeddable":true,"href":"https:\/\/www.europesays.com\/fr\/wp-json\/wp\/v2\/comments?post=498636"}],"version-history":[{"count":0,"href":"https:\/\/www.europesays.com\/fr\/wp-json\/wp\/v2\/posts\/498636\/revisions"}],"wp:featuredmedia":[{"embeddable":true,"href":"https:\/\/www.europesays.com\/fr\/wp-json\/wp\/v2\/media\/498637"}],"wp:attachment":[{"href":"https:\/\/www.europesays.com\/fr\/wp-json\/wp\/v2\/media?parent=498636"}],"wp:term":[{"taxonomy":"category","embeddable":true,"href":"https:\/\/www.europesays.com\/fr\/wp-json\/wp\/v2\/categories?post=498636"},{"taxonomy":"post_tag","embeddable":true,"href":"https:\/\/www.europesays.com\/fr\/wp-json\/wp\/v2\/tags?post=498636"}],"curies":[{"name":"wp","href":"https:\/\/api.w.org\/{rel}","templated":true}]}}