{"id":498650,"date":"2025-10-29T22:40:11","date_gmt":"2025-10-29T22:40:11","guid":{"rendered":"https:\/\/www.europesays.com\/fr\/498650\/"},"modified":"2025-10-29T22:40:11","modified_gmt":"2025-10-29T22:40:11","slug":"marseille-benoit-payan-et-ces-autres-maires-frappent-fort-sur-laeroport-cest-inacceptable","status":"publish","type":"post","link":"https:\/\/www.europesays.com\/fr\/498650\/","title":{"rendered":"Marseille. Beno\u00eet Payan et ces autres maires frappent fort sur l&rsquo;a\u00e9roport : \u00ab\u00a0C&rsquo;est inacceptable\u00a0\u00bb"},"content":{"rendered":"<p>            Par<br \/>\n        <strong><br \/>\n            <a href=\"https:\/\/actu.fr\/auteur\/fabien-binacchi\" title=\"Consulter tous les articles de Fabien Binacchi\" target=\"_blank\" rel=\"noopener\">Fabien Binacchi<\/a><br \/>\n        <\/strong><\/p>\n<p>        Publi\u00e9 le<\/p>\n<p>            29 oct. 2025 \u00e0 16h16        <\/p>\n<p>Neuf maires du d\u00e9partement des <a href=\"https:\/\/actu.fr\/provence-alpes-cote-d-azur\/bouches-du-rhone_13\" target=\"_blank\" rel=\"noopener\">Bouches-du-Rh\u00f4ne,<\/a> dont celui de <a href=\"https:\/\/actu.fr\/marseille\/\" target=\"_blank\" rel=\"noopener\">Marseille,<\/a> ont d\u00e9cid\u00e9 de frapper fort contre <a href=\"https:\/\/actu.fr\/tag\/aeroport-de-marseille-provence\" target=\"_blank\" rel=\"noopener\">l\u2019a\u00e9roport de Marignane.<\/a> Dans une lettre commune, ils r\u00e9clament la mise en place d\u2019<strong>un couvre-feu \u00ab\u2009total\u2009\u00bb pour la plateforme.<\/strong><\/p>\n<p class=\" wall-content\">Et, ce, pour limiter les nuisances de leurs administr\u00e9s.<\/p>\n<p>Un arr\u00eat total du trafic de 23h \u00e0 6h<\/p>\n<p class=\" wall-content\">Ils font front commun. Les maires de <strong>Marseille, Les Pennes-Mirabeau, Sept\u00e8mes-les-Vallons, Le Rove, Berre-l\u2019\u00c9tang, Saint-Victoret, Vitrolles, Cabri\u00e8s<\/strong> et m\u00eame celui de <strong>Marignane,<\/strong> o\u00f9 l\u2019a\u00e9roport est install\u00e9, r\u00e9clament qu\u2019il se mette totalement \u00e0 l\u2019arr\u00eat de 23h \u00e0 6h du matin. Soit plus aucun atterrissage, ni d\u00e9collage pendant sept heures.<\/p>\n<p>    <a href=\"https:\/\/www.facebook.com\/plugins\/post.php?href=https%3A%2F%2Fwww.facebook.com%2Fphoto.php%3Ffbid%3D1240039801497807%26set%3Da.474866718015123%26type%3D3&amp;show_text=true&amp;width=350\" title=\"Ouvrie le lien\" target=\"_blank\" rel=\"noopener\">Cliquez ici pour visualiser le contenu<\/a><\/p>\n<p class=\" wall-content\">Selon ces \u00e9diles de tous bords politiques, le bruit g\u00e9n\u00e9r\u00e9 par le trafic cause <strong>\u00ab\u2009des atteintes \u00e0 la sant\u00e9 d\u00e9sormais inacceptables\u2009\u00bb<\/strong> parmi les \u00ab\u2009populations riveraines\u2009\u00bb.<\/p>\n<blockquote class=\"ac-article-quote wall-content\">\n<p>Vous n&rsquo;ignorez pas que les nuisances sonores g\u00e9n\u00e9r\u00e9es par le trafic a\u00e9rien nocturne constituent aujourd&rsquo;hui un probl\u00e8me majeur de sant\u00e9 publique. En tant que maires des communes riveraines, nous sommes garants des mesures prises &#8211; et \u00e0 prendre &#8211; pour les limiter, voire les \u00e9liminer. Le sommeil interrompu, les troubles physiologiques et psychologiques li\u00e9s au bruit, ainsi que la d\u00e9gradation durable de la qualit\u00e9 de vie de nos administr\u00e9s, ne peuvent plus \u00eatre tol\u00e9r\u00e9s.<\/p>\n<p>    <strong>Les maires signataires, au pr\u00e9fet<\/strong>\n            <\/p><\/blockquote>\n<p>Une \u00ab\u2009r\u00e9forme courageuse\u2009\u00bb<\/p>\n<p class=\" wall-content\">\u00ab\u2009Il est urgent d\u2019aller au-del\u00e0 des simples ajustements techniques, tels que la r\u00e9duction du bruit \u00e0 la source ou l\u2019am\u00e9lioration des proc\u00e9dures op\u00e9rationnelles. <strong>Ces mesures, bien que n\u00e9cessaires, restent insuffisantes<\/strong>\u2009\u00bb, avancent-ils encore dans un courrier adress\u00e9 au pr\u00e9fet des Bouches-du-Rh\u00f4ne, \u00e0 qui ils demandent \u00ab\u2009une r\u00e9forme courageuse\u2009\u00bb.<\/p>\n<p>Votre r\u00e9gion, votre actu !<\/p>\n<p>Recevez chaque jour les infos qui comptent pour vous.<\/p>\n<p>\t<a href=\"https:\/\/actu.fr\/newsletter\" class=\"ac-btn ac-btn--corner ac-btn--medium ac-btn--blue800\" target=\"_blank\" rel=\"noopener\">S&rsquo;incrire<\/a><\/p>\n<p class=\" wall-content\">\u00ab\u2009La seule v\u00e9ritable solution est l\u2019instauration [de ce] couvre-feu total\u2009\u00bb qu\u2019il faudrait \u00ab\u2009assortir <strong>de sanctions r\u00e9ellement dissuasives<\/strong> en cas d\u2019infraction\u2009\u00bb, appuient les \u00e9lus.<\/p>\n<p>Les \u00ab\u2009efforts non n\u00e9gligeables\u2009\u00bb de l\u2019a\u00e9roport<\/p>\n<p class=\" wall-content\">Interrog\u00e9e par <a href=\"https:\/\/france3-regions.franceinfo.fr\/provence-alpes-cote-d-azur\/bouches-du-rhone\/marseille\/nous-esperons-une-solution-equilibree-l-aeroport-marseille-provence-reagit-a-la-demande-d-un-couvre-feu-entre-23h-et-6h-3240379.html\" target=\"_blank\" rel=\"noopener\">France 3,<\/a> la direction de l\u2019a\u00e9roport assure de son c\u00f4t\u00e9 avoir r\u00e9alis\u00e9 des \u00ab\u2009efforts non n\u00e9gligeables\u2009\u00bb en r\u00e9duisant \u00ab\u2009drastiquement les vols entre minuit et 6h\u2009\u00bb. Le nombre de vols nocturnes aurait ainsi \u00e9t\u00e9 divis\u00e9 presque par dix en une ann\u00e9e, selon une source interrog\u00e9e par nos confr\u00e8res, <strong>passant de 500 en 2024 \u00e0 50 cette ann\u00e9e.<\/strong><\/p>\n<p class=\" wall-content\">\u00ab\u2009Nous esp\u00e9rons <strong>une solution \u00e9quilibr\u00e9e<\/strong>\u2009\u00bb et \u00ab\u2009\u00e9chapper aux sc\u00e9narios extr\u00e9mistes\u2009\u00bb, avance encore le m\u00eame porte-parole, craignant qu\u2019une d\u00e9cision trop dure n\u2019impacte l\u2019activit\u00e9 de l\u2019a\u00e9roport. \u00ab\u2009Le transport a\u00e9rien de passagers est un march\u00e9 extr\u00eamement concurrentiel\u2009\u00bb, explique-t-il \u00e0 France 3. L\u2019arbitrage est entre les mains du pr\u00e9fet.<\/p>\n<p class=\" wall-content\">Personnalisez votre actualit\u00e9 en ajoutant vos villes et m\u00e9dias en favori avec <a href=\"https:\/\/moncompte.actu.fr\" title=\"D\u00e9couvez Mon Actu\" rel=\"nofollow noopener\" data-trk=\"{&quot;cta&quot;:{&quot;action&quot;:&quot;https:\\\/\\\/moncompte.actu.fr&quot;,&quot;category&quot;:&quot;mon compte&quot;,&quot;from&quot;:&quot;article footer&quot;,&quot;name&quot;:&quot;Mon actu&quot;,&quot;type&quot;:&quot;cta&quot;}}\" target=\"_blank\">Mon Actu<\/a>.<\/p>\n","protected":false},"excerpt":{"rendered":"Par Fabien Binacchi Publi\u00e9 le 29 oct. 2025 \u00e0 16h16 Neuf maires du d\u00e9partement des Bouches-du-Rh\u00f4ne, dont celui&hellip;\n","protected":false},"author":2,"featured_media":151887,"comment_status":"","ping_status":"","sticky":false,"template":"","format":"standard","meta":{"footnotes":""},"categories":[2814],"tags":[1111,11,9404,6469,1777,674,1011,27,884,12,882,25,104],"class_list":{"0":"post-498650","1":"post","2":"type-post","3":"status-publish","4":"format-standard","5":"has-post-thumbnail","7":"category-marseille","8":"tag-actu","9":"tag-actualites","10":"tag-aeroport-de-marseille-provence","11":"tag-benoit-payan","12":"tag-eu","13":"tag-europe","14":"tag-fr","15":"tag-france","16":"tag-marseille","17":"tag-news","18":"tag-provence-alpes-cote-dazur","19":"tag-republique-francaise","20":"tag-societe"},"share_on_mastodon":{"url":"https:\/\/pubeurope.com\/@fr\/115459864925224205","error":""},"_links":{"self":[{"href":"https:\/\/www.europesays.com\/fr\/wp-json\/wp\/v2\/posts\/498650","targetHints":{"allow":["GET"]}}],"collection":[{"href":"https:\/\/www.europesays.com\/fr\/wp-json\/wp\/v2\/posts"}],"about":[{"href":"https:\/\/www.europesays.com\/fr\/wp-json\/wp\/v2\/types\/post"}],"author":[{"embeddable":true,"href":"https:\/\/www.europesays.com\/fr\/wp-json\/wp\/v2\/users\/2"}],"replies":[{"embeddable":true,"href":"https:\/\/www.europesays.com\/fr\/wp-json\/wp\/v2\/comments?post=498650"}],"version-history":[{"count":0,"href":"https:\/\/www.europesays.com\/fr\/wp-json\/wp\/v2\/posts\/498650\/revisions"}],"wp:featuredmedia":[{"embeddable":true,"href":"https:\/\/www.europesays.com\/fr\/wp-json\/wp\/v2\/media\/151887"}],"wp:attachment":[{"href":"https:\/\/www.europesays.com\/fr\/wp-json\/wp\/v2\/media?parent=498650"}],"wp:term":[{"taxonomy":"category","embeddable":true,"href":"https:\/\/www.europesays.com\/fr\/wp-json\/wp\/v2\/categories?post=498650"},{"taxonomy":"post_tag","embeddable":true,"href":"https:\/\/www.europesays.com\/fr\/wp-json\/wp\/v2\/tags?post=498650"}],"curies":[{"name":"wp","href":"https:\/\/api.w.org\/{rel}","templated":true}]}}