{"id":498655,"date":"2025-10-29T22:43:11","date_gmt":"2025-10-29T22:43:11","guid":{"rendered":"https:\/\/www.europesays.com\/fr\/498655\/"},"modified":"2025-10-29T22:43:11","modified_gmt":"2025-10-29T22:43:11","slug":"paris-fc-lyon-3-3-les-notes-des-joueurs-parisiens-avec-kebbal-toujours-incisif-et-mbow-febrile","status":"publish","type":"post","link":"https:\/\/www.europesays.com\/fr\/498655\/","title":{"rendered":"Paris FC-Lyon (3-3)\u00a0: les notes des joueurs parisiens avec Kebbal toujours incisif et Mbow f\u00e9brile"},"content":{"rendered":"<p class=\"paragraph text_align_left lp-f-body-02\">Soir\u00e9e spectaculaire au stade Jean-Bouin. Apr\u00e8s deux d\u00e9faites \u00e0 Lens (2-1) puis face \u00e0<a href=\"https:\/\/www.leparisien.fr\/sports\/football\/ligue-1\/paris-fc-nantes-1-2-les-notes-des-joueurs-parisiens-avec-simon-encore-decevant-et-kebbal-en-manque-de-reussite-24-10-2025-PRCNPRFB4VCLDEQJIDI3IQY44U.php\" target=\"_blank\" rel=\"noreferrer noopener\"> Nantes (1-2) <\/a>vendredi dernier, l\u2019entra\u00eeneur St\u00e9phane Gilli avait proc\u00e9d\u00e9 \u00e0 quatre changements dans son onze de d\u00e9part avec les retours d\u2019Otavio, de Camara et Geubbels ainsi que la premi\u00e8re titularisation d\u2019<a href=\"https:\/\/www.leparisien.fr\/sports\/football\/ligue-1\/jai-envie-de-reussir-quelque-chose-de-grand-jonathan-ikone-revient-a-paris-apres-un-echec-en-italie-12-09-2025-D5DUDNR2TBFAFLBKOXE72IXHWY.php\" target=\"_blank\" rel=\"noreferrer noopener\">Ikone <\/a>pour ce rendez-vous face \u00e0 l\u2019Olympique Lyonnais. <\/p>\n<p class=\"paragraph text_align_left lp-f-body-02\">Face \u00e0 un bloc tr\u00e8s compact, le Paris FC a perdu la bataille de la possession et a donc souffert pour se montrer dangereux. Apr\u00e8s avoir pris l\u2019eau d\u00e9fensivement en conc\u00e9dant trois buts, il a montr\u00e9 du c\u0153ur pour s\u2019offrir une belle remontada et arracher finalement le nul en fin de rencontre.<\/p>\n","protected":false},"excerpt":{"rendered":"Soir\u00e9e spectaculaire au stade Jean-Bouin. Apr\u00e8s deux d\u00e9faites \u00e0 Lens (2-1) puis face \u00e0 Nantes (1-2) vendredi dernier,&hellip;\n","protected":false},"author":2,"featured_media":498656,"comment_status":"","ping_status":"","sticky":false,"template":"","format":"standard","meta":{"footnotes":""},"categories":[1889],"tags":[1111,11,2430,1777,674,63,1011,27,2428,12,445,25,60],"class_list":{"0":"post-498655","1":"post","2":"type-post","3":"status-publish","4":"format-standard","5":"has-post-thumbnail","7":"category-lyon","8":"tag-actu","9":"tag-actualites","10":"tag-auvergne-rhone-alpes","11":"tag-eu","12":"tag-europe","13":"tag-football","14":"tag-fr","15":"tag-france","16":"tag-lyon","17":"tag-news","18":"tag-paris-fc","19":"tag-republique-francaise","20":"tag-sports"},"share_on_mastodon":{"url":"https:\/\/pubeurope.com\/@fr\/115459876668848925","error":""},"_links":{"self":[{"href":"https:\/\/www.europesays.com\/fr\/wp-json\/wp\/v2\/posts\/498655","targetHints":{"allow":["GET"]}}],"collection":[{"href":"https:\/\/www.europesays.com\/fr\/wp-json\/wp\/v2\/posts"}],"about":[{"href":"https:\/\/www.europesays.com\/fr\/wp-json\/wp\/v2\/types\/post"}],"author":[{"embeddable":true,"href":"https:\/\/www.europesays.com\/fr\/wp-json\/wp\/v2\/users\/2"}],"replies":[{"embeddable":true,"href":"https:\/\/www.europesays.com\/fr\/wp-json\/wp\/v2\/comments?post=498655"}],"version-history":[{"count":0,"href":"https:\/\/www.europesays.com\/fr\/wp-json\/wp\/v2\/posts\/498655\/revisions"}],"wp:featuredmedia":[{"embeddable":true,"href":"https:\/\/www.europesays.com\/fr\/wp-json\/wp\/v2\/media\/498656"}],"wp:attachment":[{"href":"https:\/\/www.europesays.com\/fr\/wp-json\/wp\/v2\/media?parent=498655"}],"wp:term":[{"taxonomy":"category","embeddable":true,"href":"https:\/\/www.europesays.com\/fr\/wp-json\/wp\/v2\/categories?post=498655"},{"taxonomy":"post_tag","embeddable":true,"href":"https:\/\/www.europesays.com\/fr\/wp-json\/wp\/v2\/tags?post=498655"}],"curies":[{"name":"wp","href":"https:\/\/api.w.org\/{rel}","templated":true}]}}