{"id":498665,"date":"2025-10-29T22:49:14","date_gmt":"2025-10-29T22:49:14","guid":{"rendered":"https:\/\/www.europesays.com\/fr\/498665\/"},"modified":"2025-10-29T22:49:14","modified_gmt":"2025-10-29T22:49:14","slug":"paris-fc-lyon-3-3-revivez-la-remontada-folle-des-parisiens-qui-renversent-lol-en-une-demi-heure","status":"publish","type":"post","link":"https:\/\/www.europesays.com\/fr\/498665\/","title":{"rendered":"Paris FC &#8211; Lyon (3-3) : revivez la remontada folle des Parisiens qui renversent l&rsquo;OL en une demi-heure"},"content":{"rendered":"<p>23:24<\/p>\n<p>Merci \u00e0 toutes et \u00e0 tous d&rsquo;avoir suivi ces lives<\/p>\n<p>Le PSG repart de Bretagne avec un point suite au match nul (<a href=\"https:\/\/www.leparisien.fr\/sports\/football\/psg\/lorient-psg-1-1-un-coup-de-mou-et-un-coup-dur-pour-paris-chez-les-merlus-29-10-2025-UC5NXZ2Z4BAATDK553ZI3LQSYA.php\" target=\"_blank\" rel=\"noopener\">1-1<\/a>) \u00e0 Lorient. Le Paris FC, lui, a v\u00e9ritablement gagn\u00e9 un point en renversant l&rsquo;OL <a href=\"https:\/\/www.leparisien.fr\/sports\/football\/ligue-1\/paris-fc-lyon-3-3-incroyable-remontada-des-parisiens-et-folie-douce-a-jean-bouin-29-10-2025-EGV7EBK5L5HONGXN5UXM4AIW5A.php\" target=\"_blank\" rel=\"noopener\">(3-3<\/a>).<\/p>\n<p>Rendez-vous ce samedi sur <a href=\"https:\/\/www.leparisien.fr\/sports\/football\/ligue-1\/\" target=\"_blank\" rel=\"noopener\">leparisien.fr<\/a> pour les prochains lives de PSG &#8211; Nice \u00e0 17 heures et Monaco &#8211; Paris FC \u00e0 19 heures.<\/p>\n<p>23:21<\/p>\n<p>Les Parisiens ont du c\u0153ur<\/p>\n<p>Quand Abner a \u00e9cop\u00e9 du carton rouge direct, le stade s&rsquo;et dit que le match n&rsquo;\u00e9tait pas termin\u00e9. Men\u00e9s 3-0 \u00e0 une demi-heure de la fin, les Parisiens tiraient pourtant la langue. Et le rouge de De Smet en rajoutait une couche \u00e0 cette mauvaise passe des hommes de Gilli. Mais c&rsquo;\u00e9tait sans compter l&rsquo;\u00e9nergie folle de Parisiens surmotiv\u00e9s en fin de partie. Camara, avec de la r\u00e9ussite, trompait Greif (65e). Puis Kebbal (77e) d&rsquo;un but splendide et enfin Marchetti (84e) permettaient aux Parisiens d&rsquo;\u00e9galiser magistralement<a href=\"https:\/\/www.leparisien.fr\/sports\/football\/ligue-1\/paris-fc-lyon-3-3-incroyable-remontada-des-parisiens-et-folie-douce-a-jean-bouin-29-10-2025-EGV7EBK5L5HONGXN5UXM4AIW5A.php\" target=\"_blank\" rel=\"noopener\"> (3-3)<\/a>.<\/p>\n<p>Les Lyonnais g\u00e2chent l&rsquo;occasion de se rapprocher du PSG et de s&rsquo;accrocher \u00e0 la deuxi\u00e8me place. Surtout, les Parisiens passent d&rsquo;une troisi\u00e8me d\u00e9faite cons\u00e9cutive \u00e0 un match nul aux allures de victoire. Lyon est donc 5e avec 19 points au soir de cette 10e Journ\u00e9e de Ligue 1. Le Paris FC est 12e avec 11 points.<\/p>\n<p>23:17<\/p>\n<p>Quelques statistiques hallucinantes ce soir<\/p>\n<p>Les gardiens ont effectu\u00e9\u2026 1 arr\u00eat ce soir. Celui de Nkambadio dans les arr\u00eats de jeu. Sinon, ils ont chacun subi trois tirs cadr\u00e9s et ont encaiss\u00e9 trois buts. Match frustrant pour eux.<\/p>\n<p>Vincent Marchetti a marqu\u00e9 sur son\u2026 premier ballon.<\/p>\n<p>L&rsquo;homme du match est Ilan Kebbal. 14 duels jou\u00e9s, 0 dribble r\u00e9ussi, 1 frappe splendide et un but exceptionnel.<\/p>\n<p>23:08<\/p>\n<p>\u00ab On va se satisfaire de ce point \u00bb<\/p>\n<p>Vincent Marchetti, le h\u00e9ros \u00e9galisateur, au micro de Ligue 1 + : \u00ab C&rsquo;est pas tous les jours qu&rsquo;on arrive \u00e0 remonter un score de cette ampleur donc oui on va se satisfaire de ce point. Aujourd&rsquo;hui je met ce but et \u00e7a r\u00e9compense tout le monde donc \u00e7a fait vraiment plaisir ! \u00bb<\/p>\n<p>23:06<\/p>\n<p>\u00ab Je suis \u00e9nerv\u00e9 \u00bb<\/p>\n<p>Dominik Greif \u00e9tait \u00e9nerv\u00e9 au micro de Ligue 1 + : \u00ab J&rsquo;ai pas touch\u00e9 un ballon, j&rsquo;ai pris 3 buts. Qu&rsquo;est-ce que que vous voulez que je vous dise ? Je suis \u00e9nerv\u00e9, il faut qu&rsquo;on change \u00e7a et vite ! \u00bb<\/p>\n<p>C&rsquo;est termin\u00e9 \u00e0 Jean Bouin ! (3-3)<\/p>\n<p>Une remontada folle en trente minutes, le Paris FC gagne un point pr\u00e9cieux et frustre l&rsquo;OL.<\/p>\n<p>90e + 7. Derni\u00e8re occasion pour Lyon<\/p>\n<p>Satriano obtient un coup-franc \u00e0 \u00e0 peine 30 m\u00e8tres en face du but de Nkambadio.<\/p>\n<p>90e + 4. Nkambadio solide !<\/p>\n<p>Le corner tir\u00e9 par Morton trouve Tagliafico, \u00e9trangement seul au second poteau. La t\u00eate de l&rsquo;Argentin est bonne mais Nkambadio veille.<\/p>\n<p>90e + 2.Ouh le coup de chaud devant la surface parisienne\u2026<\/p>\n<p>La course de Tagliafico \u00e9tait bonne. Il est d\u00e9s\u00e9quilibr\u00e9 de mani\u00e8re involontaire par Chergui qui n&rsquo;est pas pass\u00e9 loin d&rsquo;un nouveau carton&#8230;<\/p>\n<p>90e. Temps additionnel<\/p>\n<p>7 minutes en plus pour cette partie compl\u00e8tement folle !<\/p>\n<p>89e. S\u00e9quence plus calme ?<\/p>\n<p>Les Lyonnais posent le pied sur le ballon et tentent de construire mais \u00e7a ne prend pas.<\/p>\n<p>86e. Satriano entre<\/p>\n<p>Le double-buteur Sulc c\u00e8de sa place.<\/p>\n<p>84e. Et Marchetti marque !!! (3-3)<\/p>\n<p>Servi par Kebbal en retrait, la frappe de l&rsquo;entrant est puissante et contr\u00e9e par un d\u00e9fenseur lyonnais. La trajectoire trompe Greif et les Parisiens \u00e9galisent !!! Mais c&rsquo;est quoi cette fin de match ?!<\/p>\n<p>83e. Marchetti entre !<\/p>\n<p>Pierre Lees-Melou est sorti.<\/p>\n<p>82e. Belle d\u00e9fense de Mata<\/p>\n<p>Krasso \u00e9tait proche de r\u00e9cup\u00e9rer le ballon dans la surface mais Clinton Mata \u00e9tait pr\u00e9sent.<\/p>\n<p>79e. Les Lyonnais doivent y retourner<\/p>\n<p>Les hommes de Paulo Fonseca reposent le pied sur le ballon mais sont d\u00e9sormais menac\u00e9s d&rsquo;un retour improbable du Paris FC. Cette fin de match va \u00eatre folle !<\/p>\n<p>77e. Ce match n&rsquo;est pas termin\u00e9 (2-3)<\/p>\n<p>La sp\u00e9ciale Ilan Kebbal ! La frappe envelopp\u00e9e vers le petit filet oppos\u00e9 de Greif. Un but de gaucher, un exploit individuel qui enflamme tout un stade. Ce match est loin d&rsquo;\u00eatre termin\u00e9 !<\/p>\n<p>73e. Nouveaux changements<\/p>\n<p>Hateboer entre pour la premi\u00e8re fois avec le maillot lyonnais \u00e0 la place de Moreira.<\/p>\n<p>Ollila remplace le buteur Camara pour les Parisiens.\u00a0<\/p>\n<p>71e. Changement parisien<\/p>\n<p>Jean-Philippe Krasso remplace Willem Geubbels.<\/p>\n<p>69e. Changements lyonnais<\/p>\n<p>Tessmann et Tagliafico remplacent Karabec et Tolisso.<\/p>\n<p>67e. La mauvaise blague de De Smet, expuls\u00e9 \u00e0 son tour<\/p>\n<p>La feinte de corps du lat\u00e9ral est manqu\u00e9e. Sulc r\u00e9cup\u00e8re le ballon et semble filer vers la moiti\u00e9 de terrain parisienne. De Smet intervient alors annihilant toute contre-attaque. Il \u00e9cope logiquement d&rsquo;un deuxi\u00e8me carton jaune et est exclu \u00e0 son tour.<\/p>\n<p>65e. Adama Camara r\u00e9duit l&rsquo;\u00e9cart ! (1-3)<\/p>\n<p>La reprise de vol\u00e9e acrobatique de Camara sur un bon centre de De Smet redonne espoir \u00e0 tout un club, emmen\u00e9 par tout un stade.<\/p>\n<p>64e. Les Parisiens sont r\u00e9veill\u00e9s !<\/p>\n<p>Ils poussent tr\u00e8s fort les hommes de St\u00e9phane Gilli. Ils multiplient les centres et les tirs.<\/p>\n<p>63e. Le coup-franc ne donne rien<\/p>\n<p>Ilan Kebbal centre vers le second poteau mais Greif s&rsquo;ntrpose sans difficult\u00e9.<\/p>\n<p>61e. Oh le carton rouge pour Abner Vinicius<\/p>\n<p>Tacle en retard et dans le dos d&rsquo;Illan Kebbal d&rsquo;Abner. M. Stinat sort le rouge imm\u00e9diatement.<\/p>\n<p>58e. Quel doubl\u00e9 pour Sulc !!! (0-3)<\/p>\n<p>D&rsquo;une louche \u00e0 pleine vitesse, le Tch\u00e8que trompe un Nkambadio d\u00e9pass\u00e9. Le contre est magnifique, en vitesse Sulc se d\u00e9fait d&rsquo;Otavio et r\u00e9gale ses partenaires. L&rsquo;OL est en grande forme. Trois tirs cadr\u00e9s, trois buts.<\/p>\n<p>56e. Ne pas baisser les bras<\/p>\n<p>Les Parisiens punis alors que le retour du vestiaire \u00e9tait bon\u2026 Il va falloir se remettre la t\u00eate \u00e0 l&rsquo;endroit et continuer \u00e0 y croire. Les Parisiens n&rsquo;ont pas encore totalement abdiqu\u00e9.<\/p>\n<p>51e. Sulc creuse l&rsquo;\u00e9cart (0-2)<\/p>\n<p>Afonso Moreira est exceptionnel ! Buteur ce week-end contre Strasbourg, il r\u00e9cup\u00e8re le ballon, gagne 40 m\u00e8tres avant de servir Sulc entre le gardien et le d\u00e9fenseur. Le Tch\u00e8que n&rsquo;a plus qu&rsquo;\u00e0 pousser le ballon. L&rsquo;OL fait le break.<\/p>\n<p>48e. La t\u00eate de Geubbels passe \u00e0 c\u00f4t\u00e9<\/p>\n<p>Le coup-franc de Kebbal depuis le c\u00f4t\u00e9 droit file vers le premier poteau. Geubbels surgit et manque de peu d&rsquo;\u00e9galiser de la t\u00eate.<\/p>\n<p>48e. Les Parisiens sont mieux !<\/p>\n<p>Tr\u00e8s belle s\u00e9quence de conservation des hommes de Gilli qui font courir les Lyonnais.<\/p>\n<p>46e. De retour \u00e0 Jean Bouin<\/p>\n<p>Apr\u00e8s une premi\u00e8re p\u00e9riode bien en-de\u00e7\u00e0 des esp\u00e9rances, les Parisiens doivent changer beaucoup de choses pour esp\u00e9rer marquer.<\/p>\n<p>45e + 4. C&rsquo;est la mi-temps \u00e0 Jean Bouin<\/p>\n<p>Tolisso buteur \u00e0 la 5e minute et l&rsquo;OL m\u00e8ne. Depuis ? Plus rien. Les Parisiens ont 45 minutes pour revenir.<\/p>\n<p>45e + 1. Jaune pour Karabec<\/p>\n<p>Quatri\u00e8me carton du match, le premier pour les Lyonnais. Karabec est coupable d&rsquo;une faute sur Otavio.<\/p>\n<p>45e + 1. Kebbal commence \u00e0 \u00eatre trouv\u00e9<\/p>\n<p>C&rsquo;est sans doute un peu tard dans cette premi\u00e8re p\u00e9riode mais Kebbal touche de plus en plus de ballons.<\/p>\n<p>45e. Temps additionnel<\/p>\n<p>Quatre minutes de plus dans cette premi\u00e8re p\u00e9riode.<\/p>\n<p>44e. C&rsquo;est mou<\/p>\n<p>Les Lyonnais conservent le ballon et emp\u00eachent les Parisiens de jouer.<\/p>\n<p>38e. Encore deux joueurs au sol<\/p>\n<p>De Carvalho et Camara restent au sol apr\u00e8s un gros choc dans un duel en l&rsquo;air. Les deux joueurs se sont relev\u00e9 avec difficult\u00e9. Le jeu peu reprendre.<\/p>\n<p>35e. De Smet averti aussi<\/p>\n<p>LE lat\u00e9ral belge est en retard sur Karabec et coupable d&rsquo;une grosse faute sur le Tch\u00e8que. Encore un carton jaune pour un Parisien, le troisi\u00e8me d\u00e9j\u00e0.<\/p>\n<p>34e. Les Parisiens commencent \u00e0 combiner<\/p>\n<p>En difficult\u00e9 jusque-l\u00e0, les hommes de St\u00e9phane Gilli commencent \u00e0 combiner dan l&rsquo;entrejeu\u2026<\/p>\n<p>30e. Nkambadio \u00e0 deux doigts de co\u00fbter un but\u2026<\/p>\n<p>Le centre de Karabec trouve Sulc dans la surface. La t\u00eate du Tch\u00e8que file au second poteau vers Moreira. Nkambadio tente d&rsquo;intervenir mais saute dans le vide et laisse le Portugais marquer\u2026 Heureusement pour lui, le Lyonnais \u00e9tait hors-jeu.<\/p>\n<p>28e. Oh Chergui joue avec le feu !<\/p>\n<p>L&rsquo;\u00e9norme intervention illicite de Chergui qui arrive en retard sur Morton. L&rsquo;arbitre ne donne pas de deuxi\u00e8me jaune au Parisien qui m\u00e9ritait pourtant.<\/p>\n<p>27e. Coup-franc repouss\u00e9 par le mur<\/p>\n<p>Corner pour Lyon. Il ne donne rien.<\/p>\n<p>26e. Lyon b\u00e9n\u00e9ficie d&rsquo;un coup-franc bien plac\u00e9<\/p>\n<p>Attention, coup de chaud \u00e0 suivre \u00e0 25 m\u00e8tres face au but de Nkambadio suite \u00e0 la grosse faute de Chergui qui a \u00e9cop\u00e9 d&rsquo;un carton jaune.<\/p>\n<p>23e. Moses Simon entre<\/p>\n<p>L&rsquo;ancien Nantais remplace Jonathan Ikon\u00e9 bless\u00e9.<\/p>\n<p>19e. Jonathan Ikon\u00e9 bless\u00e9<\/p>\n<p>L&rsquo;international fran\u00e7ais est rest\u00e9 au sol et est en train d&rsquo;\u00eatre soign\u00e9. C&rsquo;est tout seul qu&rsquo;il semble s&rsquo;\u00eatre bless\u00e9 tout seul.<\/p>\n<p>21:21<\/p>\n<p>16&prime; &#8211; Les Parisiens ne cr\u00e9ent pas de danger<\/p>\n<p>Le PFC n&rsquo;a pas encore eu la moindre occasion. Le gardien lyonnais Greif est particuli\u00e8rement tranquille en ce d\u00e9but de match.<\/p>\n<p>21:19<\/p>\n<p>13&prime; &#8211; L&rsquo;OL virtuellement 2e<\/p>\n<p>En cas de succ\u00e8s, les Lyonnais seraient 2es, \u00e0 \u00e9galit\u00e9 de point avec le PSG. Mais Marseille peut encore les rejoindre.<\/p>\n<p>21:15<\/p>\n<p>10&prime; &#8211; Le PFC remet le pied sur le ballon<\/p>\n<p>Malgr\u00e9 l&rsquo;ouverture du score, le Paris FC reste fid\u00e8le \u00e0 sa strat\u00e9gie et conserve la possession sans se presser.<\/p>\n<p>21:13<\/p>\n<p>7&prime; &#8211; Tolisso au sol<\/p>\n<p>Le milieu de terrain fran\u00e7ais est touch\u00e9 au mollet par Maxime Lopez.<\/p>\n<p>21:11<\/p>\n<p>5&prime; &#8211; L&rsquo;ouverture du score de Lyon !!<\/p>\n<p>Sur un long d\u00e9gagement de Dominik Greif, Corentin Tolisso prend la profondeur et trompe Nkambadio du pied gauche. Le PFC crucifi\u00e9.<\/p>\n<p>Contexte<\/p>\n<p>Le Paris FC doit rebondir<\/p>\n<ul>\n<li>Apr\u00e8s deux d\u00e9faites \u00e0 Lens (2-1) et<a href=\"https:\/\/www.leparisien.fr\/sports\/football\/paris-fc\/paris-fc-nantes-1-2-ecoeures-par-matthis-abline-les-parisiens-enchainent-une-deuxieme-defaite-de-rang-24-10-2025-ENVVYHZGSJBTJGOOOSQ34D76VY.php\" target=\"_blank\" rel=\"noopener\"> face \u00e0 Nantes (1-2)<\/a>, le Paris FC <a href=\"https:\/\/www.leparisien.fr\/sports\/football\/ligue-1\/on-doit-tous-progresser-un-peu-plus-stephane-gilli-hausse-le-ton-avant-paris-fc-lyon-28-10-2025-S7P46HUBTZFFBE3T35Y5FFHGCM.php\" target=\"_blank\" rel=\"noopener\">doit se relancer<\/a>. Les Parisiens n&rsquo;ont remport\u00e9 qu&rsquo;un seul de leurs cinq derniers matchs et sont descendus \u00e0 la 11e place.<\/li>\n<li>La zone rouge est d&rsquo;ailleurs <a href=\"https:\/\/www.leparisien.fr\/sports\/football\/ligue-1\/on-manque-de-personnalite-le-paris-fc-affiche-ses-faiblesses-avant-une-serie-de-gros-rendez-vous-25-10-2025-3I2CIRDLGNCSRGRYOZ3PMDUC2M.php\" target=\"_blank\" rel=\"noopener\">bien plus proche <\/a>que l&rsquo;Europe avant cette 10e journ\u00e9e. Lorient, 16e, est \u00e0 deux petits points, alors que Monaco, 6e, compte 7 points d&rsquo;avance.<\/li>\n<li>Mais la partie ne sera pas simple ce soir, face \u00e0 l&rsquo;OL, qui \u00e9pate en ce d\u00e9but de saison. Quatri\u00e8me, les Gones font preuve d&rsquo;une solidt\u00e9 d\u00e9fensive impressionnante. Ils ont toutefois perdu leur principal d\u00e9tonateur offensif, Malick Fofana, <a href=\"https:\/\/www.leparisien.fr\/sports\/football\/ligue-1\/ligue-1-malick-fofana-victime-dune-entorse-grave-de-la-cheville-droite-longue-absence-confirmee-par-lol-27-10-2025-ULXNIY4BXNEEVISBNEPUFNT2BU.php\" target=\"_blank\" rel=\"noopener\">bless\u00e9 pour plusieurs mois<\/a> lors de la victoire face \u00e0 Strasbourg.<\/li>\n<\/ul>\n","protected":false},"excerpt":{"rendered":"23:24 Merci \u00e0 toutes et \u00e0 tous d&rsquo;avoir suivi ces lives Le PSG repart de Bretagne avec un&hellip;\n","protected":false},"author":2,"featured_media":498666,"comment_status":"","ping_status":"","sticky":false,"template":"","format":"standard","meta":{"footnotes":""},"categories":[1888],"tags":[631,11,1777,674,1011,27,12,241,626,46275,25,517],"class_list":{"0":"post-498665","1":"post","2":"type-post","3":"status-publish","4":"format-standard","5":"has-post-thumbnail","7":"category-paris","8":"tag-action","9":"tag-actualites","10":"tag-eu","11":"tag-europe","12":"tag-fr","13":"tag-france","14":"tag-news","15":"tag-ol","16":"tag-paris","17":"tag-parisfc","18":"tag-republique-francaise","19":"tag-sport"},"share_on_mastodon":{"url":"https:\/\/pubeurope.com\/@fr\/115459900274648290","error":""},"_links":{"self":[{"href":"https:\/\/www.europesays.com\/fr\/wp-json\/wp\/v2\/posts\/498665","targetHints":{"allow":["GET"]}}],"collection":[{"href":"https:\/\/www.europesays.com\/fr\/wp-json\/wp\/v2\/posts"}],"about":[{"href":"https:\/\/www.europesays.com\/fr\/wp-json\/wp\/v2\/types\/post"}],"author":[{"embeddable":true,"href":"https:\/\/www.europesays.com\/fr\/wp-json\/wp\/v2\/users\/2"}],"replies":[{"embeddable":true,"href":"https:\/\/www.europesays.com\/fr\/wp-json\/wp\/v2\/comments?post=498665"}],"version-history":[{"count":0,"href":"https:\/\/www.europesays.com\/fr\/wp-json\/wp\/v2\/posts\/498665\/revisions"}],"wp:featuredmedia":[{"embeddable":true,"href":"https:\/\/www.europesays.com\/fr\/wp-json\/wp\/v2\/media\/498666"}],"wp:attachment":[{"href":"https:\/\/www.europesays.com\/fr\/wp-json\/wp\/v2\/media?parent=498665"}],"wp:term":[{"taxonomy":"category","embeddable":true,"href":"https:\/\/www.europesays.com\/fr\/wp-json\/wp\/v2\/categories?post=498665"},{"taxonomy":"post_tag","embeddable":true,"href":"https:\/\/www.europesays.com\/fr\/wp-json\/wp\/v2\/tags?post=498665"}],"curies":[{"name":"wp","href":"https:\/\/api.w.org\/{rel}","templated":true}]}}