{"id":498677,"date":"2025-10-29T22:55:13","date_gmt":"2025-10-29T22:55:13","guid":{"rendered":"https:\/\/www.europesays.com\/fr\/498677\/"},"modified":"2025-10-29T22:55:13","modified_gmt":"2025-10-29T22:55:13","slug":"fiba-europe-cup-un-succes-tire-par-les-cheveux-pour-la-jda-dijon","status":"publish","type":"post","link":"https:\/\/www.europesays.com\/fr\/498677\/","title":{"rendered":"Fiba Europe Cup. Un succ\u00e8s tir\u00e9 par les cheveux pour la JDA Dijon"},"content":{"rendered":"<p>                            Bashkimi (KOS) &#8211; JDA Dijon <\/p>\n<p>74-83 a.p.<\/p>\n<p>Rien ne sera simple cette saison en Fiba Europe Cup, et les Dijonnais en ont encore eu la confirmation ce mercredi soir au Kosovo, \u00e0 une heure de bus de la capitale Pristina.<\/p>\n<p>Sans Justin Bibbins, touch\u00e9 contre Strasbourg, et toujours avec seulement trois int\u00e9rieurs et le jeune Muamba pour les postes 4 et 5, les hommes de Laurent Legname ont d\u2019abord livr\u00e9 une copie plut\u00f4t p\u00e2le en premi\u00e8re p\u00e9riode, sans r\u00e9elle dissuasion d\u00e9fensive, et ne trouvant pas leur vitesse de croisi\u00e8re en attaque.<\/p>\n<p><a href=\"https:\/\/www.bienpublic.com\/sport\/2025\/10\/21\/battue-par-le-cibona-zagreb-la-jda-dijon-se-complique-deja-la-vie\" target=\"_blank\" rel=\"noopener\">Comme face au Cibona Zagreb<\/a>, les partenaires de David Holston ont d\u00fb courir&#8230;<\/p>\n","protected":false},"excerpt":{"rendered":"Bashkimi (KOS) &#8211; JDA Dijon 74-83 a.p. Rien ne sera simple cette saison en Fiba Europe Cup, et&hellip;\n","protected":false},"author":2,"featured_media":498678,"comment_status":"","ping_status":"","sticky":false,"template":"","format":"standard","meta":{"footnotes":""},"categories":[1586],"tags":[11,1791,2930,8587,8588,1777,674,107,1011,27,7721,12,25,517],"class_list":{"0":"post-498677","1":"post","2":"type-post","3":"status-publish","4":"format-standard","5":"has-post-thumbnail","7":"category-europe","8":"tag-actualites","9":"tag-basket-ball","10":"tag-dijon","11":"tag-dijon-ville","12":"tag-edition-dijon-et-son-agglomeration","13":"tag-eu","14":"tag-europe","15":"tag-fil-info","16":"tag-fr","17":"tag-france","18":"tag-jda-dijon-basket","19":"tag-news","20":"tag-republique-francaise","21":"tag-sport"},"share_on_mastodon":{"url":"https:\/\/pubeurope.com\/@fr\/115459924056659238","error":""},"_links":{"self":[{"href":"https:\/\/www.europesays.com\/fr\/wp-json\/wp\/v2\/posts\/498677","targetHints":{"allow":["GET"]}}],"collection":[{"href":"https:\/\/www.europesays.com\/fr\/wp-json\/wp\/v2\/posts"}],"about":[{"href":"https:\/\/www.europesays.com\/fr\/wp-json\/wp\/v2\/types\/post"}],"author":[{"embeddable":true,"href":"https:\/\/www.europesays.com\/fr\/wp-json\/wp\/v2\/users\/2"}],"replies":[{"embeddable":true,"href":"https:\/\/www.europesays.com\/fr\/wp-json\/wp\/v2\/comments?post=498677"}],"version-history":[{"count":0,"href":"https:\/\/www.europesays.com\/fr\/wp-json\/wp\/v2\/posts\/498677\/revisions"}],"wp:featuredmedia":[{"embeddable":true,"href":"https:\/\/www.europesays.com\/fr\/wp-json\/wp\/v2\/media\/498678"}],"wp:attachment":[{"href":"https:\/\/www.europesays.com\/fr\/wp-json\/wp\/v2\/media?parent=498677"}],"wp:term":[{"taxonomy":"category","embeddable":true,"href":"https:\/\/www.europesays.com\/fr\/wp-json\/wp\/v2\/categories?post=498677"},{"taxonomy":"post_tag","embeddable":true,"href":"https:\/\/www.europesays.com\/fr\/wp-json\/wp\/v2\/tags?post=498677"}],"curies":[{"name":"wp","href":"https:\/\/api.w.org\/{rel}","templated":true}]}}