{"id":498690,"date":"2025-10-29T23:07:11","date_gmt":"2025-10-29T23:07:11","guid":{"rendered":"https:\/\/www.europesays.com\/fr\/498690\/"},"modified":"2025-10-29T23:07:11","modified_gmt":"2025-10-29T23:07:11","slug":"luc-royer-fier-de-sa-longue-saison-actualite","status":"publish","type":"post","link":"https:\/\/www.europesays.com\/fr\/498690\/","title":{"rendered":"Luc Royer fier de sa longue saison &#8211; Actualit\u00e9"},"content":{"rendered":"<p>Luc Royer est toujours sur la br\u00e8che. Le soci\u00e9taire du VC Pays de Loud\u00e9ac, pr\u00e9sent depuis le d\u00e9but de saison est encore l\u00e0 fin octobre pour remporter l&rsquo;or du Championnat de France de poursuite Juniors. Dans le v\u00e9lodrome de Loud\u00e9ac, le coureur de 18 ans a mis les formes puisqu&rsquo;il s&rsquo;est approch\u00e9 du record de France d&rsquo;Ellande Larronde, avec un temps de 3&rsquo;08&Prime;881 en finale. \u00ab\u00a0Je venais en favori. Sur cette \u00e9preuve, il n&rsquo;y avait que la victoire qui comptait et j&rsquo;ai \u00e9t\u00e9 la chercher. Je suis trop content et tr\u00e8s fier de ce maillot\u00a0\u00bb, d\u00e9clare-t-il \u00e0 DirectVelo. Oppos\u00e9 \u00e0 Nathan Marcoux, <strong><a href=\"https:\/\/www.directvelo.com\/actualite\/123506\/il-ne-fallait-pas-10-metres-de-plus-nathan-marcoux-champion-du-monde\" target=\"_blank\" rel=\"noopener\">le Champion du Monde du scratch<\/a><\/strong>,\u00a0l&rsquo;ancien leader du Challenge DV Junior a fini par avoir son adversaire en point de mire. \u00ab\u00a0J&rsquo;\u00e9tais dans mes temps et quand je l&rsquo;ai vu devant moi, je me suis vu \u00eatre Champion de France, donc c&rsquo;est s\u00fbr que \u00e7a m&rsquo;a boost\u00e9\u00a0\u00bb.<\/p>\n<p>Le Champion de Bretagne contre-la-montre a encha\u00een\u00e9 les Championnats sur piste et sur la route depuis le mois de juillet. Avec \u00e0 la clef, l&rsquo;argent en poursuite et au relais mixte dans les Championnats d&rsquo;Europe sur piste et sur route. \u00ab\u00a0J&rsquo;ai observ\u00e9\u00a0des micro-coupures. Je suis assez fier de la fa\u00e7on dont j&rsquo;ai g\u00e9r\u00e9 le truc, parce que je suis arriv\u00e9 au Championnat du Monde sur piste en m&rsquo;\u00e9tant vraiment mis la pression et en faisant un v\u00e9lo qui ne me correspondait pas, et \u00e7a n&rsquo;a pas march\u00e9 (13e en 3&rsquo;16\u00a0\u00bb)\u00a0\u00bb. De quoi nourrir des petits regrets vu son temps de ce mercredi. \u00ab\u00a0Je savais que j&rsquo;avais un 3&rsquo;08\u00a0\u00bb, voire mieux dans les jambes, et un 3&rsquo;08\u00a0\u00bb au Mondial, c&rsquo;\u00e9tait le maillot. C&rsquo;\u00e9tait une grosse d\u00e9ception et aujourd&rsquo;hui, je prends ma revanche, donc on passe \u00e0 autre chose\u00a0\u00bb, assure-t-il.<\/p>\n<p>Pour repartir d&rsquo;un bon coup de p\u00e9dale, le gars de Montauban-de-Bretagne a su \u00ab\u00a0un peu changer et me pr\u00e9parer comme j&rsquo;aime le faire et \u00e7a a march\u00e9 aujourd&rsquo;hui. Sur la qualification, honn\u00eatement, je ne sentais pas les p\u00e9dales\u00a0\u00bb. Le Championnat d&rsquo;Europe sur route lui a permis de passer \u00e0 autre chose avec le relais mixte. \u00ab\u00a0C&rsquo;\u00e9tait une autre m\u00e9daille en collectif, en plus, et c&rsquo;\u00e9tait diff\u00e9rent. Je suis tr\u00e8s fier de ma saison. J&rsquo;ai particip\u00e9 \u00e0 tout ce que je voulais et j&rsquo;ai pris un maximum d&rsquo;exp\u00e9rience. Je pense que je peux arriver serein et pr\u00eat pour l&rsquo;ann\u00e9e prochaine\u00a0\u00bb, analyse la recrue de la r\u00e9serve de Soudal Quick-Step. Il reste \u00e0 Luc Royer encore quelques derniers efforts \u00e0 faire d&rsquo;ici dimanche avec la course aux points, l&rsquo;Omnium, l&rsquo;Am\u00e9ricaine et la poursuite par \u00e9quipes ce jeudi, o\u00f9 il aura <a href=\"https:\/\/www.directvelo.com\/actualite\/116861\/une-finale-eparpillee-facon-puzzle\" target=\"_blank\" rel=\"noopener\"><strong>une revanche \u00e0 prendre par rapport \u00e0 l&rsquo;an dernier<\/strong><\/a>, avec toute l&rsquo;\u00e9quipe bretonne.<\/p>\n","protected":false},"excerpt":{"rendered":"Luc Royer est toujours sur la br\u00e8che. Le soci\u00e9taire du VC Pays de Loud\u00e9ac, pr\u00e9sent depuis le d\u00e9but&hellip;\n","protected":false},"author":2,"featured_media":498691,"comment_status":"","ping_status":"","sticky":false,"template":"","format":"standard","meta":{"footnotes":""},"categories":[1411],"tags":[834,828,836,829,837,827,83,826,824,823,1154,207,814,817,815,816,822,821,832,211,839,1011,27,820,818,819,835,831,830,833,838,60,212,208,825],"class_list":{"0":"post-498690","1":"post","2":"type-post","3":"status-publish","4":"format-standard","5":"has-post-thumbnail","7":"category-cyclisme","8":"tag-attaque","9":"tag-belgique","10":"tag-braquet","11":"tag-bretagne","12":"tag-chute","13":"tag-competition","14":"tag-coupe-de-france","15":"tag-coureur","16":"tag-course-cyclisme","17":"tag-course-cycliste","18":"tag-cycling","19":"tag-cyclisme","20":"tag-direct","21":"tag-direct-velo","22":"tag-directvelo","23":"tag-directvelo-com","24":"tag-epreuve","25":"tag-epreuve-cycliste","26":"tag-federation-francaise-de-cyclisme","27":"tag-ffc","28":"tag-flandres","29":"tag-fr","30":"tag-france","31":"tag-live","32":"tag-live-course","33":"tag-live-epreuve","34":"tag-peloton","35":"tag-radio-peloton","36":"tag-radio-tour","37":"tag-ravitaillement","38":"tag-relance","39":"tag-sports","40":"tag-uci","41":"tag-velo","42":"tag-velos"},"share_on_mastodon":{"url":"https:\/\/pubeurope.com\/@fr\/115459971119513305","error":""},"_links":{"self":[{"href":"https:\/\/www.europesays.com\/fr\/wp-json\/wp\/v2\/posts\/498690","targetHints":{"allow":["GET"]}}],"collection":[{"href":"https:\/\/www.europesays.com\/fr\/wp-json\/wp\/v2\/posts"}],"about":[{"href":"https:\/\/www.europesays.com\/fr\/wp-json\/wp\/v2\/types\/post"}],"author":[{"embeddable":true,"href":"https:\/\/www.europesays.com\/fr\/wp-json\/wp\/v2\/users\/2"}],"replies":[{"embeddable":true,"href":"https:\/\/www.europesays.com\/fr\/wp-json\/wp\/v2\/comments?post=498690"}],"version-history":[{"count":0,"href":"https:\/\/www.europesays.com\/fr\/wp-json\/wp\/v2\/posts\/498690\/revisions"}],"wp:featuredmedia":[{"embeddable":true,"href":"https:\/\/www.europesays.com\/fr\/wp-json\/wp\/v2\/media\/498691"}],"wp:attachment":[{"href":"https:\/\/www.europesays.com\/fr\/wp-json\/wp\/v2\/media?parent=498690"}],"wp:term":[{"taxonomy":"category","embeddable":true,"href":"https:\/\/www.europesays.com\/fr\/wp-json\/wp\/v2\/categories?post=498690"},{"taxonomy":"post_tag","embeddable":true,"href":"https:\/\/www.europesays.com\/fr\/wp-json\/wp\/v2\/tags?post=498690"}],"curies":[{"name":"wp","href":"https:\/\/api.w.org\/{rel}","templated":true}]}}