{"id":498694,"date":"2025-10-29T23:09:10","date_gmt":"2025-10-29T23:09:10","guid":{"rendered":"https:\/\/www.europesays.com\/fr\/498694\/"},"modified":"2025-10-29T23:09:10","modified_gmt":"2025-10-29T23:09:10","slug":"amandine-petit-annonce-un-heureux-evenement","status":"publish","type":"post","link":"https:\/\/www.europesays.com\/fr\/498694\/","title":{"rendered":"Amandine Petit annonce un heureux \u00e9v\u00e9nement"},"content":{"rendered":"<p>      R\u00e9sum\u00e9<\/p>\n<p>Amandine Petit est une femme combl\u00e9e. Fianc\u00e9e depuis cet \u00e9t\u00e9, Miss France 2021 est d\u00e9sormais \u00ab\u00a0tata\u00a0\u00bb gr\u00e2ce \u00e0 sa grande s\u0153ur Pauline qui lui a offert \u00ab\u00a0le plus beau des cadeaux.<\/p>\n<p>        Sommaire<\/p>\n<p>Quel sera <strong>le plus beau jour de la vie d&rsquo;Amandine Petit<\/strong>\u00a0? Pour rappel, la vie de <a href=\"https:\/\/www.public.fr\/lex-miss-france-amandine-petit-officialise-avec-son-cheri-sur-la-plage-le-visage-de-sa-moitie-enfin-revele\" target=\"_blank\" rel=\"noopener\">la Normande<\/a> a compl\u00e8tement chang\u00e9 le <strong>19\u00a0d\u00e9cembre 2020<\/strong>. Ce soir-l\u00e0, au Puy-du-Fou, la jeune femme a \u00e9t\u00e9 <strong>sacr\u00e9e Miss France 2021 <\/strong>succ\u00e9dant \u00e0 Cl\u00e9mence Botino. Une ann\u00e9e au cours de laquelle la reine de beaut\u00e9 s&rsquo;est montr\u00e9e particuli\u00e8rement pr\u00e9sente sur les r\u00e9seaux sociaux. Depuis, elle n&rsquo;a jamais l\u00e2ch\u00e9 son t\u00e9l\u00e9phone et partage avec ses abonn\u00e9s <strong>ses joies et ses peines.<\/strong><\/p>\n<p>Parmi les <strong>heureux \u00e9v\u00e9nements \u00e0 venir<\/strong>\u2026 On sait que la grande sportive, adepte des marathons, <strong>se mariera dans le courant de l&rsquo;ann\u00e9e 2026<\/strong>. Le 27\u00a0juillet dernier, elle d\u00e9voilait <a href=\"https:\/\/www.public.fr\/amandine-petit-fiancee-miss-france-dit-oui-a-lamour-de-sa-vie-avec-une-demande-inoubliable\" target=\"_blank\" rel=\"noopener\">sa bague de fian\u00e7ailles<\/a> \u00e0 ses abonn\u00e9s et le visage de <a href=\"https:\/\/www.public.fr\/amandine-petit-fiancee-age-metier-origine-ce-que-lon-sait-de-son-futur-mari-julien\" target=\"_blank\" rel=\"noopener\">celui qui s&rsquo;appr\u00eate \u00e0 lui dire \u00ab\u00a0oui\u00a0\u00bb<\/a> pour le meilleur et pour le pire. Mais ce n&rsquo;est pas tout\u2026 Il y a quelques jours, la famille Petit s&rsquo;est aussi agrandie puisque <strong>sa s\u0153ur Pauline est devenue maman.<\/strong><\/p>\n<p>Depuis, la sublime jeune femme semble ne pas se lasser de prendre <strong><a href=\"https:\/\/www.public.fr\/on-a-hate-de-te-rencontrer-amandine-petit-lex-miss-france-annonce-un-heureux-evenement\" target=\"_blank\" rel=\"noopener\">ce petit gar\u00e7on<\/a> <\/strong>dans ses bras. Sur Instagram, Amandine Petit a d&rsquo;ailleurs \u00e9crit <strong>un joli texte \u00e0 l&rsquo;\u00e9gard de son a\u00een\u00e9e et de son b\u00e9b\u00e9<\/strong>. En commentaires, ses amies Miss &#8211; <a href=\"https:\/\/www.public.fr\/angelique-angarni-filopon-elue-amandine-petit-devoile-la-reaction-de-nawell-madani-hors-cameras-la-video-devient-virale\" target=\"_blank\" rel=\"noopener\">Ang\u00e9lique Angarni-Filopon<\/a>, Sylvie Tellier, etc &#8211;  se sont d\u00e9j\u00e0 laiss\u00e9es attendrir par ses mots.<\/p>\n<p>Amandine Petit si heureuse d&rsquo;\u00eatre \u00ab\u00a0tata\u00a0\u00bb<\/p>\n<p>Tout d&rsquo;abord, <a href=\"https:\/\/www.google.com\/url?sa=t&amp;source=web&amp;rct=j&amp;opi=89978449&amp;url=https:\/\/vsd.fr\/80638-adil-rami-entoure-de-miss-france-sur-la-plage-magnum-en-plein-festival-de-cannes\/&amp;ved=2ahUKEwihjpH5mcqQAxWFpCcCHcpcL_0QFnoECD0QAQ&amp;usg=AOvVaw2DG4tltd3pkFOe48LG2Kz0\" target=\"_blank\" rel=\"noopener\">Miss France 2021<\/a> s&rsquo;est adress\u00e9e \u00e0 sa \u00ab\u00a0ch\u00e8re grande s\u0153ur\u00a0\u00bb. \u00ab\u00a0<strong>Tu m\u2019as offert le plus beau des cadeaux, celui d\u2019\u00eatre tata.<\/strong> Te voir devenir maman est l\u2019une des plus belles \u00e9motions que nous avons pu partager. Ce r\u00f4le te va si bien, comme si ton c\u0153ur l\u2019attendait depuis toujours\u00a0\u00bb a \u00e9crit <a href=\"https:\/\/www.google.com\/url?sa=t&amp;source=web&amp;rct=j&amp;opi=89978449&amp;url=https:\/\/www.public.fr\/interview-1h-avec-amandine-petit-j-ai-envie-de-fonder-une-famille&amp;ved=2ahUKEwj8sL6EmsqQAxUGNfsDHZwvATk4ChAWegQIDxAB&amp;usg=AOvVaw0vtWqYRmXYtys2eIwmf_Xm\" target=\"_blank\" rel=\"noopener\">la jeune femme de 28 ans<\/a> avant de s&rsquo;adresser \u00e0 <strong>son neveu, son \u00ab\u00a0petit tr\u00e9sor\u00a0\u00bb<\/strong>. \u00ab\u00a0Sache que <strong>ta tata t\u2019aime d\u00e9j\u00e0 d\u2019un amour immense<\/strong>. Je te promets d\u2019\u00eatre <strong>toujours l\u00e0, pour te prot\u00e9ger, te chatouiller <\/strong>jusqu\u2019\u00e0 en pleurer de rire, te couvrir quand tu feras des b\u00eatises, faire la course le plus vite possible, t\u2019offrir les cadeaux inutiles o\u00f9 tes parents me d\u00e9testeront et surtout t\u2019aimer sans mesure [&#8230;] Bienvenue dans ta famille, petit c\u0153ur\u00a0\u00bb, a-t-elle ajout\u00e9.<\/p>\n<p>Quant \u00e0 Amandine Petit, <strong>se sent-elle pr\u00eate \u00e0 devenir maman\u00a0? <\/strong>En juillet dernier, dans le podcast Les Locomotives, cette derni\u00e8re \u00e9tait rest\u00e9e myst\u00e9rieuse sur sa vie priv\u00e9e mais pour ce qui est de <strong>son d\u00e9sir de maternit\u00e9<\/strong>, elle a r\u00e9pondu cash\u00a0: \u00ab\u00a0<strong>Avoir des enfants, c\u2019est \u00e9videmment un projet<\/strong> parce que je suis une amoureuse de la vie [&#8230;] J\u2019ai toujours eu envie d\u2019avoir des enfants. Apr\u00e8s, je ne sais pas si la nature me permettra et je croise les doigts\u00a0\u00bb, confiait-elle.<\/p>\n<p>\n          Hits &amp; People en continu\n        <\/p>\n<p>\n          Public Radio\n        <\/p>\n<p>      Mentionn\u00e9s dans cet article<\/p>\n<p>      Sur le m\u00eame sujet<\/p>\n","protected":false},"excerpt":{"rendered":"R\u00e9sum\u00e9 Amandine Petit est une femme combl\u00e9e. Fianc\u00e9e depuis cet \u00e9t\u00e9, Miss France 2021 est d\u00e9sormais \u00ab\u00a0tata\u00a0\u00bb gr\u00e2ce&hellip;\n","protected":false},"author":2,"featured_media":498695,"comment_status":"","ping_status":"","sticky":false,"template":"","format":"standard","meta":{"footnotes":""},"categories":[1359],"tags":[62098,58,847,59,652,1011,27,5875,3034,62099,973],"class_list":{"0":"post-498694","1":"post","2":"type-post","3":"status-publish","4":"format-standard","5":"has-post-thumbnail","7":"category-people","8":"tag-amandine-petit","9":"tag-divertissement","10":"tag-enfant","11":"tag-entertainment","12":"tag-famille","13":"tag-fr","14":"tag-france","15":"tag-mere","16":"tag-miss-france","17":"tag-miss-normandie","18":"tag-people"},"share_on_mastodon":{"url":"https:\/\/pubeurope.com\/@fr\/115459978958939496","error":""},"_links":{"self":[{"href":"https:\/\/www.europesays.com\/fr\/wp-json\/wp\/v2\/posts\/498694","targetHints":{"allow":["GET"]}}],"collection":[{"href":"https:\/\/www.europesays.com\/fr\/wp-json\/wp\/v2\/posts"}],"about":[{"href":"https:\/\/www.europesays.com\/fr\/wp-json\/wp\/v2\/types\/post"}],"author":[{"embeddable":true,"href":"https:\/\/www.europesays.com\/fr\/wp-json\/wp\/v2\/users\/2"}],"replies":[{"embeddable":true,"href":"https:\/\/www.europesays.com\/fr\/wp-json\/wp\/v2\/comments?post=498694"}],"version-history":[{"count":0,"href":"https:\/\/www.europesays.com\/fr\/wp-json\/wp\/v2\/posts\/498694\/revisions"}],"wp:featuredmedia":[{"embeddable":true,"href":"https:\/\/www.europesays.com\/fr\/wp-json\/wp\/v2\/media\/498695"}],"wp:attachment":[{"href":"https:\/\/www.europesays.com\/fr\/wp-json\/wp\/v2\/media?parent=498694"}],"wp:term":[{"taxonomy":"category","embeddable":true,"href":"https:\/\/www.europesays.com\/fr\/wp-json\/wp\/v2\/categories?post=498694"},{"taxonomy":"post_tag","embeddable":true,"href":"https:\/\/www.europesays.com\/fr\/wp-json\/wp\/v2\/tags?post=498694"}],"curies":[{"name":"wp","href":"https:\/\/api.w.org\/{rel}","templated":true}]}}