{"id":498711,"date":"2025-10-29T23:19:10","date_gmt":"2025-10-29T23:19:10","guid":{"rendered":"https:\/\/www.europesays.com\/fr\/498711\/"},"modified":"2025-10-29T23:19:10","modified_gmt":"2025-10-29T23:19:10","slug":"apres-amazon-le-service-cloud-de-microsoft-touche-par-une-panne-mondiale","status":"publish","type":"post","link":"https:\/\/www.europesays.com\/fr\/498711\/","title":{"rendered":"Apr\u00e8s Amazon, le service cloud de Microsoft touch\u00e9 par une panne mondiale"},"content":{"rendered":"<p>        <img decoding=\"async\" loading=\"lazy\" src=\"https:\/\/www.europesays.com\/fr\/wp-content\/uploads\/2025\/10\/1b65bbd_upload-1-iy6t2ri1pmgc-afp-20250912-nguyen-notitle250911-npolt-v1-midres-microsoftofficecolog.jpeg\"  width=\"728\" height=\"410\" alt=\"Microsoft Azure, deuxi\u00e8me plateforme cloud au monde, conna\u00eet des perturbations ce mercredi 29\u00a0octobre. (Photo d\u2019illustration)\"\/>  <\/p>\n<p>MICHAEL NGUYEN \/ NurPhoto via AFP<\/p>\n<p>Microsoft Azure, deuxi\u00e8me plateforme cloud au monde, conna\u00eet des perturbations ce mercredi 29\u00a0octobre. (Photo d\u2019illustration)<\/p>\n<p class=\"asset asset-text\">INTERNATIONAL &#8211; Des services au ralenti. <a href=\"https:\/\/www.huffingtonpost.fr\/international\/video\/les-bureaux-de-microsoft-envahis-par-des-employes-exigeant-que-le-geant-coupe-ses-liens-avec-israel_254065.html\" target=\"_blank\" rel=\"noopener\">Microsoft <\/a>Azure, deuxi\u00e8me plateforme cloud (informatique \u00e0 distance) au monde, conna\u00eet des perturbations depuis 17h \u00e0 Paris, rapporte-t-elle ce mercredi 29\u00a0octobre sur son site de maintenance. Cette<a href=\"https:\/\/www.huffingtonpost.fr\/medias\/article\/a-france-televisions-une-panne-de-climatisation-seme-la-zizanie-le-direct-de-franceinfo-interrompu-plusieurs-heures_251627.html\" target=\"_blank\" rel=\"noopener\"> panne <\/a>affecte, entre autres, des jeux en ligne ou des services de compagnies a\u00e9riennes et ferroviaires.<\/p>\n<p class=\"asset asset-text\">\u00ab\u00a0Les clients et les services Microsoft qui s\u2019appuient sur Azure Front Door (AFD) ont pu rencontrer des probl\u00e8mes entra\u00eenant des latences, des expirations de d\u00e9lai (timeouts) et des erreurs\u00a0\u00bb, indique le tableau de bord d\u2019Azure. Selon Microsoft, \u00ab\u00a0un changement de configuration involontaire a \u00e9t\u00e9 l\u2019\u00e9v\u00e9nement d\u00e9clencheur de ce probl\u00e8me\u00a0\u00bb.<\/p>\n<p class=\"asset asset-text\">Il survient une semaine apr\u00e8s une <a href=\"https:\/\/www.huffingtonpost.fr\/tech-futurs\/article\/airbnb-snapchat-fortnite-ce-que-l-on-sait-des-causes-de-la-panne-geante-qui-a-paralyse-des-applis-ultra-populaires_256206.html\" target=\"_blank\" rel=\"noopener\">panne mondiale de plus grande ampleur <\/a>qui a touch\u00e9 son concurrent AWS, la filiale d\u2019Amazon qui domine le march\u00e9 du cloud, devenu l\u2019\u00e9pine dorsale des services informatiques en ligne sur laquelle repose une large part de l\u2019\u00e9conomie mondiale.<\/p>\n<p>    Avions, trains, jeu Minecraft&#8230;    <\/p>\n<p class=\"asset asset-text\">La compagnie de chemin de fer n\u00e9erlandaise NS a communiqu\u00e9 que sa billetterie en ligne \u00e9tait affect\u00e9e par la panne chez Microsoft, a rapport\u00e9 RTL aux Pays-Bas.<\/p>\n<p class=\"asset asset-text\">Aux \u00c9tats-Unis, la r\u00e9servation et l\u2019impression des cartes d\u2019embarquement de la compagnie am\u00e9ricaine Alaska Airlines ont aussi \u00e9t\u00e9 perturb\u00e9es par l\u2019incident chez Microsoft, selon les messages de la compagnie publi\u00e9s sur X en r\u00e9ponse aux plaintes des usagers.<\/p>\n<p class=\"asset asset-text\">Le site Downdetector, sur lequel les internautes signalent des difficult\u00e9s de connexion, a recens\u00e9 plusieurs milliers de perturbations pour les joueurs en ligne de Minecraft ou sur Xbox, la plateforme de jeux-video de Microsoft.<\/p>\n<p class=\"asset asset-text\">\u00ab\u00a0Nous enqu\u00eatons sur les signalements de probl\u00e8mes d\u2019acc\u00e8s aux services Microsoft 365 et au centre d\u2019administration Microsoft 365\u00a0\u00bb, a \u00e9galement indiqu\u00e9 le g\u00e9ant am\u00e9ricain sur X.<\/p>\n","protected":false},"excerpt":{"rendered":"MICHAEL NGUYEN \/ NurPhoto via AFP Microsoft Azure, deuxi\u00e8me plateforme cloud au monde, conna\u00eet des perturbations ce mercredi&hellip;\n","protected":false},"author":2,"featured_media":498712,"comment_status":"","ping_status":"","sticky":false,"template":"","format":"standard","meta":{"footnotes":""},"categories":[6],"tags":[35,32393,33,34,1011,27,14,5533,10899,24551],"class_list":{"0":"post-498711","1":"post","2":"type-post","3":"status-publish","4":"format-standard","5":"has-post-thumbnail","7":"category-economie","8":"tag-business","9":"tag-cloud","10":"tag-economie","11":"tag-economy","12":"tag-fr","13":"tag-france","14":"tag-international","15":"tag-microsoft","16":"tag-panne","17":"tag-tech-futurs"},"share_on_mastodon":{"url":"https:\/\/pubeurope.com\/@fr\/115460019185268587","error":""},"_links":{"self":[{"href":"https:\/\/www.europesays.com\/fr\/wp-json\/wp\/v2\/posts\/498711","targetHints":{"allow":["GET"]}}],"collection":[{"href":"https:\/\/www.europesays.com\/fr\/wp-json\/wp\/v2\/posts"}],"about":[{"href":"https:\/\/www.europesays.com\/fr\/wp-json\/wp\/v2\/types\/post"}],"author":[{"embeddable":true,"href":"https:\/\/www.europesays.com\/fr\/wp-json\/wp\/v2\/users\/2"}],"replies":[{"embeddable":true,"href":"https:\/\/www.europesays.com\/fr\/wp-json\/wp\/v2\/comments?post=498711"}],"version-history":[{"count":0,"href":"https:\/\/www.europesays.com\/fr\/wp-json\/wp\/v2\/posts\/498711\/revisions"}],"wp:featuredmedia":[{"embeddable":true,"href":"https:\/\/www.europesays.com\/fr\/wp-json\/wp\/v2\/media\/498712"}],"wp:attachment":[{"href":"https:\/\/www.europesays.com\/fr\/wp-json\/wp\/v2\/media?parent=498711"}],"wp:term":[{"taxonomy":"category","embeddable":true,"href":"https:\/\/www.europesays.com\/fr\/wp-json\/wp\/v2\/categories?post=498711"},{"taxonomy":"post_tag","embeddable":true,"href":"https:\/\/www.europesays.com\/fr\/wp-json\/wp\/v2\/tags?post=498711"}],"curies":[{"name":"wp","href":"https:\/\/api.w.org\/{rel}","templated":true}]}}