{"id":498713,"date":"2025-10-29T23:20:14","date_gmt":"2025-10-29T23:20:14","guid":{"rendered":"https:\/\/www.europesays.com\/fr\/498713\/"},"modified":"2025-10-29T23:20:14","modified_gmt":"2025-10-29T23:20:14","slug":"au-bresil-choc-et-colere-apres-loperation-policiere-antidrogue-qui-a-fait-plus-de-100-morts-a-rio","status":"publish","type":"post","link":"https:\/\/www.europesays.com\/fr\/498713\/","title":{"rendered":"Au Br\u00e9sil, choc et col\u00e8re apr\u00e8s l\u2019op\u00e9ration polici\u00e8re antidrogue qui a fait plus de 100 morts \u00e0 Rio"},"content":{"rendered":"<p>        <img decoding=\"async\" loading=\"lazy\" src=\"https:\/\/www.europesays.com\/fr\/wp-content\/uploads\/2025\/10\/308012c_upload-1-p10qpiqgi7kt-afp-20251027-82427lt-v1-midres-malaysiaaseandiplomacy.jpg\"  width=\"728\" height=\"410\" alt=\"Le pr\u00e9sident Lula da Silva a \u00e9t\u00e9 \u00ab\u00a0sid\u00e9r\u00e9\u00a0\u00bb par le nombre de morts apr\u00e8s l\u2019intervention polici\u00e8re la plus meurtri\u00e8re de l\u2019histoire du Br\u00e9sil.\"\/>  <\/p>\n<p>ARIF KARTONO \/ AFP<\/p>\n<p>Le pr\u00e9sident Lula da Silva a \u00e9t\u00e9 \u00ab\u00a0sid\u00e9r\u00e9\u00a0\u00bb par le nombre de morts apr\u00e8s l\u2019intervention polici\u00e8re la plus meurtri\u00e8re de l\u2019histoire du Br\u00e9sil.<\/p>\n<p class=\"asset asset-text\">INTERNATIONAL &#8211; Un choc national et des condamnations \u00e0 l\u2019international. Au lendemain de l\u2019intervention polici\u00e8re la plus meurtri\u00e8re de l\u2019histoire du <a href=\"https:\/\/www.huffingtonpost.fr\/environnement\/article\/le-bresil-va-accueillir-la-cop30-mais-autorise-un-forage-petrolier-tres-controverse-au-large-de-l-amazonie_256235.html\" target=\"_blank\" rel=\"noopener\">Br\u00e9sil<\/a>, les autorit\u00e9s ont annonc\u00e9 ce mercredi 29\u00a0octobre au moins 119 morts et<a href=\"https:\/\/www.huffingtonpost.fr\/international\/article\/lula-propose-a-macron-de-venir-discuter-de-l-accord-ue-mercosur-avec-les-agriculteurs-pour-les-rassurer_250980.html\" target=\"_blank\" rel=\"noopener\"> Lula<\/a> s\u2019est dit \u00ab\u00a0sid\u00e9r\u00e9\u00a0\u00bb par ce bilan, alors que des habitants r\u00e9cup\u00e9raient des corps, entre sanglots et col\u00e8re.<\/p>\n<p class=\"asset asset-text\">\u00c0 quelques jours d\u2019accueillir le monde entier \u00e0 Belem en Amazonie pour la<a href=\"https:\/\/www.huffingtonpost.fr\/environnement\/article\/le-bresil-va-accueillir-la-cop30-mais-autorise-un-forage-petrolier-tres-controverse-au-large-de-l-amazonie_256235.html\" target=\"_blank\" rel=\"noopener\"> COP30<\/a>, conf\u00e9rence climat de l\u2019ONU, le Br\u00e9sil se retrouve ramen\u00e9 \u00e0 certaines de ses r\u00e9alit\u00e9s les plus crues.<\/p>\n<p class=\"asset asset-text\">Les raids men\u00e9s mardi contre le narcotrafic au Complexo da Penha et au Complexo do Alemao, vastes ensembles de favelas situ\u00e9s dans le nord de Rio, rappellent la puissance du crime organis\u00e9 dans le pays autant qu\u2019ils interrogent les m\u00e9thodes de la police.<\/p>\n<p>    Des habitants d\u00e9noncent des \u00ab\u00a0ex\u00e9cutions\u00a0\u00bb    <\/p>\n<p class=\"asset asset-text\">Mercredi, des dizaines de d\u00e9pouilles ont \u00e9t\u00e9 r\u00e9cup\u00e9r\u00e9es par des habitants dans une for\u00eat au sommet de la favela puis dispos\u00e9es pr\u00e8s de l\u2019une des principales voies d\u2019acc\u00e8s au Complexo da Penha, ont constat\u00e9 des journalistes de l\u2019AFP. L\u2019odeur de la mort \u00e9tait \u00e9touffante.<\/p>\n<p class=\"asset asset-text\">Sur les lieux, on pouvait voir le cadavre d\u2019un homme d\u00e9capit\u00e9 et un autre totalement d\u00e9figur\u00e9. Certains habitants ont d\u00e9nonc\u00e9 des \u00ab\u00a0ex\u00e9cutions\u00a0\u00bb.<\/p>\n<p class=\"asset asset-text\">L\u2019\u00c9tat de Rio \u00ab\u00a0est venu perp\u00e9trer un massacre. Ce n\u2019est pas une op\u00e9ration, ils sont venus directement pour tuer\u00a0\u00bb, a cri\u00e9 au micro de l\u2019AFPTV une femme qui sanglotait, main pos\u00e9e sur le visage d\u2019un jeune homme dont le corps a \u00e9t\u00e9 recouvert d\u2019un drap vert. \u00ab\u00a0Beaucoup d\u2019entre eux ont \u00e9t\u00e9 tu\u00e9s d\u2019une balle dans la nuque, un tir dans le dos\u00a0\u00bb, dit Raull Santiago, activiste qui r\u00e9side dans le quartier.<\/p>\n<p class=\"asset asset-text\">\u00ab\u00a0On voit des marques de br\u00fblure, des personnes ont \u00e9t\u00e9 attach\u00e9es. Certains se sont rendus, mais ont \u00e9t\u00e9 tu\u00e9s de sang-froid\u00a0\u00bb, affirme l\u2019avocat Albino Pereira Neto, qui repr\u00e9sente trois familles ayant perdu un de leurs membres.<\/p>\n<p class=\"asset asset-text\">Apr\u00e8s avoir annonc\u00e9 une soixantaine de morts mardi, les autorit\u00e9s de Rio ont \u00e9voqu\u00e9 un bilan encore provisoire d\u2019au moins 119 morts\u00a0: 115 criminels pr\u00e9sum\u00e9s et quatre policiers. Pour leur part, les services du D\u00e9fenseur public, organe de l\u2019\u00c9tat de Rio qui offre une assistance juridique aux plus d\u00e9munis, comptabilisent au moins 132 morts.<\/p>\n<p>    \u00ab\u00a0Horrifi\u00e9\u00a0\u00bb, \u00ab\u00a0sid\u00e9r\u00e9\u00a0\u00bb    <\/p>\n<p class=\"asset asset-text\">Mardi s\u2019est donc d\u00e9roul\u00e9e la plus grande op\u00e9ration polici\u00e8re jamais vue dans la ville, qui a mobilis\u00e9 2\u00a0500 agents contre le Comando Vermelho, principal groupe criminel de Rio, qui op\u00e8re dans les favelas, quartiers populaires dens\u00e9ment peupl\u00e9s.<\/p>\n<p class=\"asset asset-text\">Apr\u00e8s plus d\u2019un an d\u2019enqu\u00eate et avec 113 arrestations, l\u2019intervention a \u00e9t\u00e9 un \u00ab\u00a0succ\u00e8s\u00a0\u00bb, a lanc\u00e9 devant la presse Claudio Castro, gouverneur de droite de l\u2019\u00c9tat de Rio. Il a d\u00e9fendu la mani\u00e8re forte et\u00a0affirm\u00e9 que les seules \u00ab\u00a0victimes\u00a0\u00bb \u00e9taient les policiers tu\u00e9s, r\u00e9futant la mort d\u2019innocents.<\/p>\n<p class=\"asset asset-text\">Mais le pr\u00e9sident de gauche Luiz Inacio Lula da\u00a0Silva a \u00e9t\u00e9 \u00ab\u00a0sid\u00e9r\u00e9\u00a0\u00bb par le nombre de morts, a indiqu\u00e9 son ministre de la Justice Ricardo Lewandowski. Selon lui, le gouvernement f\u00e9d\u00e9ral de Brasilia n\u2019\u00e9tait pas au courant de l\u2019op\u00e9ration.<\/p>\n<p class=\"asset asset-text\">De multiples condamnations internationales ont suivi les \u00e9v\u00e9nements de mardi. Le Haut-commissariat des Nations unies aux droits de l\u2019homme s\u2019est dit \u00ab\u00a0horrifi\u00e9\u00a0\u00bb et a demand\u00e9 des \u00ab\u00a0enqu\u00eates rapides\u00a0\u00bb.<\/p>\n<p>    \u00ab\u00a0\u00c9tat de terreur\u00a0\u00bb    <\/p>\n<p class=\"asset asset-text\">Le secr\u00e9taire g\u00e9n\u00e9ral de l\u2019ONU Antonio Guterres s\u2019est\u00a0dit lui \u00ab\u00a0tr\u00e8s inquiet\u00a0\u00bb du bilan de l\u2019op\u00e9ration polici\u00e8re. \u00ab\u00a0[Antonio Guterres] souligne que l\u2019utilisation de la force dans les op\u00e9rations de police doit se faire en accord avec les normes et le droit international des droits humains et appelle les autorit\u00e9s \u00e0 mener rapidement une enqu\u00eate\u00a0\u00bb, a d\u00e9clar\u00e9 son porte-parole St\u00e9phane Dujarric \u00e0 la presse.\u00a0\u00bb.<\/p>\n<p class=\"asset asset-text\">Plus de 30 ONG, dont Amnesty International, ont estim\u00e9 que la ville \u00e9tait plong\u00e9e \u00ab\u00a0dans un \u00e9tat de terreur\u00a0\u00bb par cette action de la police.<\/p>\n<p class=\"asset asset-text\">Mardi, une bonne partie de la ville de Rio, qui attire des millions de touristes chaque ann\u00e9e, s\u2019\u00e9tait retrouv\u00e9e en plein chaos. Des \u00e9coles avaient suspendu les cours, les transports publics ont \u00e9t\u00e9 lourdement perturb\u00e9s et des milliers d\u2019habitants sont rest\u00e9s coinc\u00e9s, incapables de rentrer chez eux. La vie reprenait progressivement mercredi.<\/p>\n<p class=\"asset asset-text\">Jusqu\u2019\u00e0 pr\u00e9sent, l\u2019intervention polici\u00e8re la plus mortelle de l\u2019histoire du Br\u00e9sil avait eu lieu en 1992, quand 111 d\u00e9tenus avaient \u00e9t\u00e9 tu\u00e9s dans la r\u00e9pression d\u2019une mutinerie dans une prison \u00e0 Carandiru, pr\u00e8s de Sao Paulo.<\/p>\n","protected":false},"excerpt":{"rendered":"ARIF KARTONO \/ AFP Le pr\u00e9sident Lula da Silva a \u00e9t\u00e9 \u00ab\u00a0sid\u00e9r\u00e9\u00a0\u00bb par le nombre de morts apr\u00e8s&hellip;\n","protected":false},"author":2,"featured_media":498714,"comment_status":"","ping_status":"","sticky":false,"template":"","format":"standard","meta":{"footnotes":""},"categories":[5],"tags":[11,2548,1011,27,14,25523,12,17718,28],"class_list":{"0":"post-498713","1":"post","2":"type-post","3":"status-publish","4":"format-standard","5":"has-post-thumbnail","7":"category-international","8":"tag-actualites","9":"tag-bresil","10":"tag-fr","11":"tag-france","12":"tag-international","13":"tag-luiz-inacio-lula-da-silva","14":"tag-news","15":"tag-rio-de-janeiro","16":"tag-world"},"share_on_mastodon":{"url":"https:\/\/pubeurope.com\/@fr\/115460022328847344","error":""},"_links":{"self":[{"href":"https:\/\/www.europesays.com\/fr\/wp-json\/wp\/v2\/posts\/498713","targetHints":{"allow":["GET"]}}],"collection":[{"href":"https:\/\/www.europesays.com\/fr\/wp-json\/wp\/v2\/posts"}],"about":[{"href":"https:\/\/www.europesays.com\/fr\/wp-json\/wp\/v2\/types\/post"}],"author":[{"embeddable":true,"href":"https:\/\/www.europesays.com\/fr\/wp-json\/wp\/v2\/users\/2"}],"replies":[{"embeddable":true,"href":"https:\/\/www.europesays.com\/fr\/wp-json\/wp\/v2\/comments?post=498713"}],"version-history":[{"count":0,"href":"https:\/\/www.europesays.com\/fr\/wp-json\/wp\/v2\/posts\/498713\/revisions"}],"wp:featuredmedia":[{"embeddable":true,"href":"https:\/\/www.europesays.com\/fr\/wp-json\/wp\/v2\/media\/498714"}],"wp:attachment":[{"href":"https:\/\/www.europesays.com\/fr\/wp-json\/wp\/v2\/media?parent=498713"}],"wp:term":[{"taxonomy":"category","embeddable":true,"href":"https:\/\/www.europesays.com\/fr\/wp-json\/wp\/v2\/categories?post=498713"},{"taxonomy":"post_tag","embeddable":true,"href":"https:\/\/www.europesays.com\/fr\/wp-json\/wp\/v2\/tags?post=498713"}],"curies":[{"name":"wp","href":"https:\/\/api.w.org\/{rel}","templated":true}]}}