{"id":498715,"date":"2025-10-29T23:21:12","date_gmt":"2025-10-29T23:21:12","guid":{"rendered":"https:\/\/www.europesays.com\/fr\/498715\/"},"modified":"2025-10-29T23:21:12","modified_gmt":"2025-10-29T23:21:12","slug":"a-lassemblee-nationale-lidee-dun-budget-de-compromis-compromise-liberation","status":"publish","type":"post","link":"https:\/\/www.europesays.com\/fr\/498715\/","title":{"rendered":"A l\u2019Assembl\u00e9e nationale, l\u2019id\u00e9e d\u2019un \u00abbudget de compromis\u00bb compromise \u2013 Lib\u00e9ration"},"content":{"rendered":"<p class=\"sc-cPiKLX AiZTS text-element\">Vingt-six milliards et le train d\u00e9raille. Cinq jours apr\u00e8s <a href=\"https:\/\/www.liberation.fr\/politique\/debats-du-projet-de-loi-de-finances-face-a-la-tempete-sebastien-lecornu-ne-se-mouille-pas-20251024_UDM63S5ABVCTRMC4CA6TMW5KYY\/\" target=\"_blank\" rel=\"noopener\" title=\"https:\/\/www.liberation.fr\/politique\/debats-du-projet-de-loi-de-finances-face-a-la-tempete-sebastien-lecornu-ne-se-mouille-pas-20251024_UDM63S5ABVCTRMC4CA6TMW5KYY\/\">le coup d\u2019envoi de l\u2019examen du projet de loi de finances \u00e0 l\u2019Assembl\u00e9e<\/a>, les d\u00e9put\u00e9s s\u2019accordaient \u00e0 d\u00e9crire un d\u00e9bat tournant certes au ralenti, mais serein, chaque groupe engrangeant ses petites victoires. \u00abC\u2019est un travail in\u00e9dit qui est en train de se passer dans l\u2019h\u00e9micycle\u00bb, s\u2019enthousiasmait mardi 28 octobre le ministre des Relations avec le Parlement, <a href=\"https:\/\/www.liberation.fr\/politique\/les-deputes-liot-en-pleine-introspection-apres-le-depart-de-leur-chef-au-gouvernement-20251014_Y3U7SGW6LNHJVPJGZDFAR5OYDE\/\" target=\"_blank\" rel=\"noopener\" title=\"https:\/\/www.liberation.fr\/politique\/les-deputes-liot-en-pleine-introspection-apres-le-depart-de-leur-chef-au-gouvernement-20251014_Y3U7SGW6LNHJVPJGZDFAR5OYDE\/\">Laurent Panifous<\/a>. L\u2019emballement est retomb\u00e9 dans la soir\u00e9e avec le vote d\u2019un amendement d\u00e9fendu par Eric Coquerel, le pr\u00e9sident (LFI) de la commission des finances, <a href=\"https:\/\/www.liberation.fr\/economie\/taxe-sur-les-multinationales-adoptee-a-lassemblee-peut-elle-vraiment-rapporter-26-milliards-deuros-20251029_CEO6X26XFFATNJRJZEOG5U&lt;\/p&gt;&lt;\/div&gt;&lt;\/article&gt;&lt;\/div&gt;&lt;div data-fusion-lazy-id=\" f0f8vgvlad832fw=\"\" target=\"_blank\" rel=\"noopener\"><\/p>\n","protected":false},"excerpt":{"rendered":"Vingt-six milliards et le train d\u00e9raille. Cinq jours apr\u00e8s le coup d\u2019envoi de l\u2019examen du projet de loi&hellip;\n","protected":false},"author":2,"featured_media":498716,"comment_status":"","ping_status":"","sticky":false,"template":"","format":"standard","meta":{"footnotes":""},"categories":[4],"tags":[11,416,25548,1011,27,418,12,429,25],"class_list":{"0":"post-498715","1":"post","2":"type-post","3":"status-publish","4":"format-standard","5":"has-post-thumbnail","7":"category-france","8":"tag-actualites","9":"tag-assemblee-nationale","10":"tag-budget-public","11":"tag-fr","12":"tag-france","13":"tag-gouvernement","14":"tag-news","15":"tag-ps","16":"tag-republique-francaise"},"share_on_mastodon":{"url":"https:\/\/pubeurope.com\/@fr\/115460026244865251","error":""},"_links":{"self":[{"href":"https:\/\/www.europesays.com\/fr\/wp-json\/wp\/v2\/posts\/498715","targetHints":{"allow":["GET"]}}],"collection":[{"href":"https:\/\/www.europesays.com\/fr\/wp-json\/wp\/v2\/posts"}],"about":[{"href":"https:\/\/www.europesays.com\/fr\/wp-json\/wp\/v2\/types\/post"}],"author":[{"embeddable":true,"href":"https:\/\/www.europesays.com\/fr\/wp-json\/wp\/v2\/users\/2"}],"replies":[{"embeddable":true,"href":"https:\/\/www.europesays.com\/fr\/wp-json\/wp\/v2\/comments?post=498715"}],"version-history":[{"count":0,"href":"https:\/\/www.europesays.com\/fr\/wp-json\/wp\/v2\/posts\/498715\/revisions"}],"wp:featuredmedia":[{"embeddable":true,"href":"https:\/\/www.europesays.com\/fr\/wp-json\/wp\/v2\/media\/498716"}],"wp:attachment":[{"href":"https:\/\/www.europesays.com\/fr\/wp-json\/wp\/v2\/media?parent=498715"}],"wp:term":[{"taxonomy":"category","embeddable":true,"href":"https:\/\/www.europesays.com\/fr\/wp-json\/wp\/v2\/categories?post=498715"},{"taxonomy":"post_tag","embeddable":true,"href":"https:\/\/www.europesays.com\/fr\/wp-json\/wp\/v2\/tags?post=498715"}],"curies":[{"name":"wp","href":"https:\/\/api.w.org\/{rel}","templated":true}]}}