{"id":498717,"date":"2025-10-29T23:22:09","date_gmt":"2025-10-29T23:22:09","guid":{"rendered":"https:\/\/www.europesays.com\/fr\/498717\/"},"modified":"2025-10-29T23:22:09","modified_gmt":"2025-10-29T23:22:09","slug":"laurent-nunez-porte-plainte-contre-manon-aubry-et-trois-autres-deputes-lfi","status":"publish","type":"post","link":"https:\/\/www.europesays.com\/fr\/498717\/","title":{"rendered":"Laurent Nu\u00f1ez porte plainte contre Manon Aubry et trois autres d\u00e9put\u00e9s LFI"},"content":{"rendered":"<p>            Par<br \/>\n        <strong><br \/>\n            <a href=\"https:\/\/actu.fr\/auteur\/julie-bossart-actu-fr\" title=\"Consulter tous les articles de Julie Bossart\" target=\"_blank\" rel=\"noopener\">Julie Bossart<\/a><br \/>\n        <\/strong><\/p>\n<p>        Publi\u00e9 le<\/p>\n<p>            29 oct. 2025 \u00e0 22h21        <\/p>\n<p>Le temps du souvenir et du recueillement a \u00e9t\u00e9 de courte de dur\u00e9e. Lundi 27\u00a0octobre 2025 \u00e9taient comm\u00e9mor\u00e9s les 20\u00a0ans de la mort de Zyed Benna et Bouna Traor\u00e9, ces deux adolescents de 17 et 15\u00a0ans qui, pour \u00e9chapper \u00e0 un contr\u00f4le de <a href=\"https:\/\/actu.fr\/tag\/police\" target=\"_blank\" rel=\"noopener\">police<\/a> \u00e0 <a href=\"https:\/\/actu.fr\/ile-de-france\/clichy-sous-bois_93014\" target=\"_blank\" rel=\"noopener\">Clichy-sous-Bois<\/a>, s\u2019\u00e9taient r\u00e9fugi\u00e9s dans un transformateur \u00e9lectrique. Ils y avaient perdu la vie, \u00e9lectrocut\u00e9s. Leur d\u00e9c\u00e8s, alors qu\u2019ils n\u2019avaient rien \u00e0 se reprocher, avait d\u00e9clench\u00e9 trois semaines d\u2019insurrection dans les banlieues fran\u00e7aises.<\/p>\n<p>\u00ab\u00a0Le racisme et la violence continuent de ronger la police\u00a0\u00bb<\/p>\n<p class=\" wall-content\">Deux d\u00e9cennies plus tard, les proches des jeunes victimes, au-del\u00e0, toute la ville de Clichy-sous-Bois, restent <a href=\"https:\/\/actu.fr\/ile-de-france\/clichy-sous-bois_93014\/zyed-et-bouna-sont-morts-il-y-a-20-ans-a-clichy-sous-bois-les-habitants-sont-toujours-marques-a-vif_63352860.html\" target=\"_blank\" rel=\"noopener\">marqu\u00e9s par le drame<\/a>. Mais les habitants ont appris \u00e0 \u00ab\u2009transformer cette r\u00e9volte en engagement\u2009\u00bb et su \u00ab\u2009refuser l\u2019oubli sans c\u00e9der \u00e0 la haine\u2009\u00bb, a salu\u00e9 lundi avec pudeur le maire (divers gauche), <a href=\"https:\/\/actu.fr\/ile-de-france\/clichy-sous-bois_93014\/c-est-pour-tenir-mon-engagement-olivier-klein-retrouve-son-fauteuil-de-maire-a-clichy-sous-bois_60275920.html\" target=\"_blank\" rel=\"noopener\">Olivier Klein<\/a>, lorsque, \u00e0 l\u2019occasion d\u2019une <a href=\"https:\/\/actu.fr\/ile-de-france\/clichy-sous-bois_93014\/refuser-l-oubli-sans-ceder-a-la-haine-vingt-ans-apres-clichy-sous-bois-commemore-la-mort-de-zyed-et-bouna_63357739.html\" target=\"_blank\" rel=\"noopener\">c\u00e9r\u00e9monie du souvenir<\/a>, un ginkgo biloba, \u00ab\u2009symbole de r\u00e9silience\u2009\u00bb, a \u00e9t\u00e9 plant\u00e9 devant le coll\u00e8ge o\u00f9 les deux adolescents \u00e9taient scolaris\u00e9s.<\/p>\n<p class=\" wall-content\"><a href=\"https:\/\/actu.fr\/tag\/manon-aubry\" target=\"_blank\" rel=\"noopener\">Manon Aubry<\/a>, elle, ne refuse pas l\u2019oubli, mais elle aurait c\u00e9d\u00e9 \u00e0 <a href=\"https:\/\/x.com\/UN1TE_policenat\/status\/1983225035923034312?ref_src=twsrc%5Etfw%7Ctwcamp%5Etweetembed%7Ctwterm%5E1983225035923034312%7Ctwgr%5E%7Ctwcon%5Es1_&amp;ref_url=\">\u00ab\u2009la haine antipoliciers\u2009\u00bb<\/a>, s\u2019\u00e9trangle sur X Un1t\u00e9, l\u2019un des syndicats de la Police nationale.<\/p>\n<p class=\" wall-content\">Dans un tweet post\u00e9 lundi, l\u2019eurod\u00e9put\u00e9e <a href=\"https:\/\/actu.fr\/tag\/la-france-insoumise-lfi\" target=\"_blank\" rel=\"noopener\">LFI<\/a> a d\u00e9clar\u00e9 que \u00ab\u2009Zyed Benna et Bouna Traor\u00e9 ont \u00e9t\u00e9 tu\u00e9s lors d\u2019un contr\u00f4le policier. Depuis rien n\u2019a chang\u00e9. Le racisme et la violence continuent de ronger la police et de causer des morts. Cessons de fermer les yeux et stoppons l\u2019impunit\u00e9, pour la justice et la paix.\u2009\u00bb<\/p>\n<p class=\" wall-content\">\n<p class=\" wall-content\">Son coll\u00e8gue \u00e0 l\u2019Assembl\u00e9e nationale Paul Vannier, lui, a \u00e9t\u00e9 plus frontal : \u00a0\u00bb Depuis [le d\u00e9c\u00e8s des deux adolescents], 162 personnes sont mortes dans des contextes semblables, a-t-il calcul\u00e9 sur le m\u00eame r\u00e9seau social, graphique \u00e0 l\u2019appui. La police tue. Il est temps d\u2019agir pour changer cette r\u00e9alit\u00e9.\u00a0\u00bb<\/p>\n<p class=\" wall-content\">\n<p class=\" wall-content\">Deux autres d\u00e9put\u00e9s LFI ont embray\u00e9, reprenant les m\u00eames \u00e9l\u00e9ments de langage. Pour Aur\u00e9lien Tach\u00e9 : \u00ab\u00a0Vingt ans apr\u00e8s ar\u00e8s, les histoires se r\u00e9p\u00e8tent : la police tue toujours, et les victimes sont les m\u00eames. On n\u2019\u00e9duque pas des enfants par la peur.\u00a0\u00bb\u00a0<\/p>\n<p class=\" wall-content\">\n<p class=\" wall-content\">Pour Ersilia Soudais : \u00ab\u00a0Rien n\u2019a chang\u00e9. L\u2019institution polici\u00e8re continue de tuer et de commettre des bavures en toute impunit\u00e9. Et nous continuons d\u2019\u00eatre en col\u00e8re.\u00a0\u00bb<\/p>\n<p>Votre r\u00e9gion, votre actu !<\/p>\n<p>Recevez chaque jour les infos qui comptent pour vous.<\/p>\n<p>\t<a href=\"https:\/\/actu.fr\/newsletter\" class=\"ac-btn ac-btn--corner ac-btn--medium ac-btn--blue800\" target=\"_blank\" rel=\"noopener\">S&rsquo;incrire<\/a><\/p>\n<p class=\" wall-content\">\n<p class=\" wall-content\">Le 27 octobre 2005, une bande d\u2019adolescents de Clichy-sous-Bois en vacances sont pass\u00e9s \u00e0 proximit\u00e9 d\u2019un chantier de logements en construction. Un riverain les a remarqu\u00e9s et a alert\u00e9 la police, qui suspectait un cambriolage ou des d\u00e9gradations. \u00c0 l\u2019arriv\u00e9e de la patrouille, trois adolescents ont pris la fuite\u2009: Zyed Benna, Bouna Traor\u00e9 et Muhittin Altun. Paniqu\u00e9s, ils se sont r\u00e9fugi\u00e9s dans un poste \u00e9lectrique EDF. Seul Muhittin survivra, gravement br\u00fbl\u00e9.<\/p>\n<p class=\" wall-content\">Si les autorit\u00e9s ont d\u2019abord ni\u00e9 la r\u00e9alit\u00e9 de la course poursuite et \u00e9voqu\u00e9 \u00e0 tort une tentative de cambriolage sur un chantier, deux policiers ont \u00e9t\u00e9 mis en examen pour non-assistance \u00e0 personne en danger en 2007. Le proc\u00e8s, qui s\u2019est tenu huit ans plus tard, en raison de diff\u00e9rentes p\u00e9rip\u00e9ties judiciaires, a abouti \u00e0 la relaxe des policiers. La d\u00e9cision a \u00e9t\u00e9 confirm\u00e9e en appel en 2016.<\/p>\n<p>\u00ab\u00a0Ces propos sont inadmissibles et inqualifiables\u00a0\u00bb<\/p>\n<p class=\" wall-content\">Aux yeux d\u2019Un1t\u00e9, les propos de Manon Aubry sont \u00ab\u2009diffamatoires\u2009\u00bb. Linda Kebbab, la secr\u00e9taire nationale du syndicat, a enfonc\u00e9 le clou sur X\u2009: \u00ab\u2009Ont \u00e9t\u00e9 tu\u00e9s. Non. [Zyed Benna et Bouna Traor\u00e9] sont malheureusement entr\u00e9s seuls dans le transfo EDF et l\u2019enqu\u00eate a d\u00e9montr\u00e9 que les policiers ne les avaient aucunement vus et n\u2019avaient pas la certitude qu\u2019ils y \u00e9taient entr\u00e9s, verbalisant m\u00eame leurs doutes sur les ondes.\u2009\u00bb Et d\u2019accuser : \u00ab\u2009Vous [Manon Aubry] regrettez juste que les policiers ne soient pas entr\u00e9s et ne soient pas morts\u2009. Dans ce drame, il faut toujours une poign\u00e9e d\u2019excit\u00e9s pour mettre le feu au pays.\u2009\u00bb<\/p>\n<p class=\" wall-content\">\n<p class=\" wall-content\">Saisi, le minist\u00e8re de l\u2019Int\u00e9rieur a port\u00e9 plainte, selon Un1t\u00e9. Dans l\u2019\u00e9mission de France 5 \u00ab\u00a0C\u00e0vous\u00a0\u00bb, ce mercredi soir, <a href=\"https:\/\/actu.fr\/tag\/laurent-nunez\" target=\"_blank\" rel=\"noopener\">Laurent Nu\u00f1ez<\/a> n\u2019a pas esquiv\u00e9 : \u00a0\u00bb \u00c9videmment que je vais porter plainte. Je ne peux pas l\u2019accepter, \u00e7a n\u2019est pas acceptable.\u00a0\u00bb Contact\u00e9e, la place Beauvau nous a confirm\u00e9s qu\u2019une plainte avait \u00e9t\u00e9 d\u00e9pos\u00e9e contre Manon Aubry et ses trois coll\u00e8gues, sans pr\u00e9ciser sur quels motifs pr\u00e9cis\u00e9ment.\u00a0<\/p>\n<p class=\" wall-content\">Lors des questions d\u2019actualit\u00e9 gouvernement mardi, <a href=\"https:\/\/actu.fr\/tag\/laurent-nunez\" target=\"_blank\" rel=\"noopener\">Laurent Nu\u00f1ez<\/a> n\u2019avait pas m\u00e2ch\u00e9 ses mots\u2009: \u00ab\u2009Je ne laisserai jamais dire que l\u2019institution polici\u00e8re tue et que les violences sont syst\u00e9miques, comme certains d\u00e9put\u00e9s LFI l\u2019ont dit hier sur les r\u00e9seaux sociaux. Ces propos sont inadmissibles et inqualifiables. Je d\u00e9fends les policiers qui \u0153uvrent chaque jour pour prot\u00e9ger nos concitoyens. Ils le font dans un cadre strict et r\u00e9glement\u00e9.\u2009\u00bb<\/p>\n<p class=\" wall-content\">\n<p class=\" wall-content\">Ce n\u2019est pas la premi\u00e8re fois que Laurent Nu\u00f1ez s\u2019\u00e9l\u00e8ve contre des propos de d\u00e9put\u00e9s LFI accusant la police de tuer. En ao\u00fbt, alors encore pr\u00e9fet de Police de Paris, il avait d\u00e9pos\u00e9 plainte <a href=\"https:\/\/actu.fr\/ile-de-france\/paris_75056\/la-police-tue-le-prefet-de-police-de-paris-laurent-nunez-depose-plainte-apres-les-propos-d-un-depute-lfi_63067316.html\" target=\"_blank\" rel=\"noopener\">contre l\u2019\u00e9lu de Seine-Saint-Denis Aly Diouara<\/a>.<\/p>\n<p class=\" wall-content\">Personnalisez votre actualit\u00e9 en ajoutant vos villes et m\u00e9dias en favori avec <a href=\"https:\/\/moncompte.actu.fr\" title=\"D\u00e9couvez Mon Actu\" rel=\"nofollow noopener\" data-trk=\"{&quot;cta&quot;:{&quot;action&quot;:&quot;https:\\\/\\\/moncompte.actu.fr&quot;,&quot;category&quot;:&quot;mon compte&quot;,&quot;from&quot;:&quot;article footer&quot;,&quot;name&quot;:&quot;Mon actu&quot;,&quot;type&quot;:&quot;cta&quot;}}\" target=\"_blank\">Mon Actu<\/a>.<\/p>\n","protected":false},"excerpt":{"rendered":"Par Julie Bossart Publi\u00e9 le 29 oct. 2025 \u00e0 22h21 Le temps du souvenir et du recueillement a&hellip;\n","protected":false},"author":2,"featured_media":498718,"comment_status":"","ping_status":"","sticky":false,"template":"","format":"standard","meta":{"footnotes":""},"categories":[2],"tags":[11,118,1011,27,5454,27012,12,7374],"class_list":{"0":"post-498717","1":"post","2":"type-post","3":"status-publish","4":"format-standard","5":"has-post-thumbnail","7":"category-actualites","8":"tag-actualites","9":"tag-faits-divers","10":"tag-fr","11":"tag-france","12":"tag-laurent-nunez","13":"tag-manon-aubry","14":"tag-news","15":"tag-violences-policieres"},"share_on_mastodon":{"url":"https:\/\/pubeurope.com\/@fr\/115460030244106786","error":""},"_links":{"self":[{"href":"https:\/\/www.europesays.com\/fr\/wp-json\/wp\/v2\/posts\/498717","targetHints":{"allow":["GET"]}}],"collection":[{"href":"https:\/\/www.europesays.com\/fr\/wp-json\/wp\/v2\/posts"}],"about":[{"href":"https:\/\/www.europesays.com\/fr\/wp-json\/wp\/v2\/types\/post"}],"author":[{"embeddable":true,"href":"https:\/\/www.europesays.com\/fr\/wp-json\/wp\/v2\/users\/2"}],"replies":[{"embeddable":true,"href":"https:\/\/www.europesays.com\/fr\/wp-json\/wp\/v2\/comments?post=498717"}],"version-history":[{"count":0,"href":"https:\/\/www.europesays.com\/fr\/wp-json\/wp\/v2\/posts\/498717\/revisions"}],"wp:featuredmedia":[{"embeddable":true,"href":"https:\/\/www.europesays.com\/fr\/wp-json\/wp\/v2\/media\/498718"}],"wp:attachment":[{"href":"https:\/\/www.europesays.com\/fr\/wp-json\/wp\/v2\/media?parent=498717"}],"wp:term":[{"taxonomy":"category","embeddable":true,"href":"https:\/\/www.europesays.com\/fr\/wp-json\/wp\/v2\/categories?post=498717"},{"taxonomy":"post_tag","embeddable":true,"href":"https:\/\/www.europesays.com\/fr\/wp-json\/wp\/v2\/tags?post=498717"}],"curies":[{"name":"wp","href":"https:\/\/api.w.org\/{rel}","templated":true}]}}