{"id":498719,"date":"2025-10-29T23:23:39","date_gmt":"2025-10-29T23:23:39","guid":{"rendered":"https:\/\/www.europesays.com\/fr\/498719\/"},"modified":"2025-10-29T23:23:39","modified_gmt":"2025-10-29T23:23:39","slug":"que-faire-pour-halloween-a-saint-etienne-et-ses-alentours","status":"publish","type":"post","link":"https:\/\/www.europesays.com\/fr\/498719\/","title":{"rendered":"Que faire pour Halloween \u00e0 Saint-\u00c9tienne et ses alentours ?\u00a0"},"content":{"rendered":"<p>Ce week-end, place \u00e0 l&rsquo;\u00e9pouvante dans la r\u00e9gion st\u00e9phanoise ! Halloween est de retour. Radio SCOOP a fait une s\u00e9lection d&rsquo;id\u00e9es sorties qui vont vous faire frissonner.<\/p>\n<p>Pr\u00eat \u00e0 affronter vos peurs ? Radio SCOOP vous a s\u00e9lectionn\u00e9 quelques id\u00e9es sorties pour ce <b>week-end d&rsquo;Halloween<\/b> \u00e0 <b>Saint-Etienne et ses alentours.\u00a0<\/b><\/p>\n<p>De myst\u00e9rieuses histoires \u00e0 la m\u00e9diath\u00e8que d&rsquo;Andr\u00e9zieux<\/p>\n<p>Rendez-vous \u00e0 partir de<b> <\/b>17h30 le vendredi<b> 31 octobre<\/b> \u00e0 la <b>m\u00e9diath\u00e8que du kiosque<\/b> <b>\u00e0 Andr\u00e9zieux-Bouth\u00e9on<\/b>. Les biblioth\u00e9caires organisent des<b> lectures de contes<\/b> sur le th\u00e8me d&rsquo;Halloween pour les petits de <b>4 \u00e0 8 ans.<\/b><\/p>\n<p>C&rsquo;est totalement <b>gratuit<\/b>. N&rsquo;oubliez pas de r\u00e9server par t\u00e9l\u00e9phone aupr\u00e8s de la m\u00e9diath\u00e8que ! N&rsquo;h\u00e9sitez pas \u00e0 vous <b>d\u00e9guiser <\/b>pour vous plonger encore plus dans l&rsquo;ambiance.<\/p>\n<p>Le SCABB sort les citrouilles et les toiles d&rsquo;araign\u00e9es ! <\/p>\n<p>Le club de basket organise un <a class=\"url\" href=\"https:\/\/www.scabbasket.fr\/reservez-vos-places-pour-notre-halloween-game-a-larena-sem\/\" target=\"_blank\" rel=\"noopener\">match gala<\/a> le vendredi<b> 31 octobre<\/b> \u00e0 20h30 contre Ch\u00e2lons-Reims.<\/p>\n<p>Au programme \u00e0 l&rsquo;<b>Arena Saint-Etienne M\u00e9tropole \u00e0 Saint-Chamond<\/b>, des animations, de la restauration et des d\u00e9corations. Le tout sur le th\u00e8me d&rsquo;Halloween. Encore une fois, <b>le d\u00e9guisement est conseill\u00e9<\/b>. <\/p>\n<p>L&rsquo;occasion de pouvoir profiter d&rsquo;un match d&rsquo;<b>Elite 2<\/b> tout en se faisant une petite frayeur ! Pour r\u00e9server vos places, direction le site internet du <b>SCABB<\/b>. Comptez au moins 10 euros l&rsquo;entr\u00e9e.<\/p>\n<p>Enqu\u00eate grandeur nature \u00e0 l&rsquo;auberge du Tremplin<\/p>\n<p>Il faudra faire travailler ses m\u00e9ninges le <b>31 octobre<\/b> \u00e0<b> l&rsquo;auberge du Tremplin au Bessat.<\/b> Le restaurant organise un <b>Cluedo g\u00e9ant<\/b> le soir pour retrouver le meurtrier du chef cuisinier.<\/p>\n<p>L&rsquo;enqu\u00eate sera accompagn\u00e9e d&rsquo;un <b>menu\u00a0<\/b><b>sp\u00e9cial Halloween<\/b> avec des \u00ab\u00a0soupes d&rsquo;\u00e2mes errantes\u00a0\u00bb ou encore des \u00ab\u00a0larmes de sir\u00e8nes\u00a0\u00bb.<\/p>\n<p>Comptez <b>39 euros par personne<\/b> la soir\u00e9e. Attention, elle est <b>d\u00e9conseill\u00e9e au moins de 14 ans<\/b>. Encore une fois, n&rsquo;oubliez pas de r\u00e9server par t\u00e9l\u00e9phone aupr\u00e8s de l&rsquo;auberge.<\/p>\n<p>Une course au milieu des zombies !<\/p>\n<p>Le <b>Saint\u00e9 Trail Urbain<\/b> lance cette ann\u00e9e <a class=\"url\" href=\"https:\/\/www.saintetrailurbain.fr\/halloween-run\" target=\"_blank\" rel=\"noopener\">l&rsquo;Halloween Run<\/a>, une course de 5 km le samedi <b>1e novembre<\/b> \u00e0 18h. Munis simplement d&rsquo;une lampe frontale, les coureurs vont traverser des zones de terreurs entre le <b>z\u00e9nith et le stade Geoffroy Guichard<\/b>. <\/p>\n<p>La course est destin\u00e9e \u00e0<b> toute la famille<\/b> et n&rsquo;est pas chronom\u00e9tr\u00e9e. Comptez 15 euros le dossard. Vous avez jusqu&rsquo;\u00e0<b> samedi 12h<\/b>\u00a0pour le r\u00e9server.<\/p>\n<p><img loading=\"lazy\" decoding=\"async\" src=\"https:\/\/www.europesays.com\/fr\/wp-content\/uploads\/2025\/10\/1761780219_321_img\" width=\"350\" height=\"200\" border=\"0\" title=\"Burger King va ouvrir un nouveau restaurant le 27 novembre 2025 \u00c3\u00a0 Saint-\u00c3\u0089tienne\"\/><\/p>\n<p>\u25baConso<\/p>\n<p style=\"font-size: 22px;\"><b>Saint-\u00c9tienne : Burger King annonce sa date d&rsquo;ouverture\u2026 et se moque de McDonald&rsquo;s<\/b><\/p>\n<p>Annonc\u00e9e place du Peuple, le nouveau Burger King&#8230;<\/p>\n<p><\/p>\n","protected":false},"excerpt":{"rendered":"Ce week-end, place \u00e0 l&rsquo;\u00e9pouvante dans la r\u00e9gion st\u00e9phanoise ! Halloween est de retour. Radio SCOOP a fait&hellip;\n","protected":false},"author":2,"featured_media":498720,"comment_status":"","ping_status":"","sticky":false,"template":"","format":"standard","meta":{"footnotes":""},"categories":[9653],"tags":[1111,11,17670,2430,1777,674,1011,27,20815,44211,12,25,9669,4001,62103,56352],"class_list":{"0":"post-498719","1":"post","2":"type-post","3":"status-publish","4":"format-standard","5":"has-post-thumbnail","7":"category-saint-etienne","8":"tag-actu","9":"tag-actualites","10":"tag-andrzieux-bouthon","11":"tag-auvergne-rhone-alpes","12":"tag-eu","13":"tag-europe","14":"tag-fr","15":"tag-france","16":"tag-halloween","17":"tag-le-bessat","18":"tag-news","19":"tag-republique-francaise","20":"tag-saint-chamond","21":"tag-saint-etienne","22":"tag-saint-trail-urbain","23":"tag-scabb"},"share_on_mastodon":{"url":"https:\/\/pubeurope.com\/@fr\/115460034674231496","error":""},"_links":{"self":[{"href":"https:\/\/www.europesays.com\/fr\/wp-json\/wp\/v2\/posts\/498719","targetHints":{"allow":["GET"]}}],"collection":[{"href":"https:\/\/www.europesays.com\/fr\/wp-json\/wp\/v2\/posts"}],"about":[{"href":"https:\/\/www.europesays.com\/fr\/wp-json\/wp\/v2\/types\/post"}],"author":[{"embeddable":true,"href":"https:\/\/www.europesays.com\/fr\/wp-json\/wp\/v2\/users\/2"}],"replies":[{"embeddable":true,"href":"https:\/\/www.europesays.com\/fr\/wp-json\/wp\/v2\/comments?post=498719"}],"version-history":[{"count":0,"href":"https:\/\/www.europesays.com\/fr\/wp-json\/wp\/v2\/posts\/498719\/revisions"}],"wp:featuredmedia":[{"embeddable":true,"href":"https:\/\/www.europesays.com\/fr\/wp-json\/wp\/v2\/media\/498720"}],"wp:attachment":[{"href":"https:\/\/www.europesays.com\/fr\/wp-json\/wp\/v2\/media?parent=498719"}],"wp:term":[{"taxonomy":"category","embeddable":true,"href":"https:\/\/www.europesays.com\/fr\/wp-json\/wp\/v2\/categories?post=498719"},{"taxonomy":"post_tag","embeddable":true,"href":"https:\/\/www.europesays.com\/fr\/wp-json\/wp\/v2\/tags?post=498719"}],"curies":[{"name":"wp","href":"https:\/\/api.w.org\/{rel}","templated":true}]}}