{"id":498753,"date":"2025-10-29T23:43:17","date_gmt":"2025-10-29T23:43:17","guid":{"rendered":"https:\/\/www.europesays.com\/fr\/498753\/"},"modified":"2025-10-29T23:43:17","modified_gmt":"2025-10-29T23:43:17","slug":"a-nantes-cette-photographe-a-capture-ses-souvenirs-dune-maison-denfance-sur-la-pellicule","status":"publish","type":"post","link":"https:\/\/www.europesays.com\/fr\/498753\/","title":{"rendered":"\u00c0 Nantes, cette photographe a captur\u00e9 ses souvenirs d\u2019une maison d\u2019enfance sur la pellicule"},"content":{"rendered":"<p>\u00c0 la fronti\u00e8re des Landes et du Pays basque, \u00e9tait une maison perdue au milieu des bois. L\u2019histoire pourrait commencer comme un conte. Mais foin des paroles, car c\u2019est en images que se d\u00e9roule ce voyage dans le temps, op\u00e9r\u00e9 par Gabrielle Duplantier, au <a href=\"https:\/\/nantes.maville.com\/actu\/actudet_-la-quinzaine-photographique-en-pleine-realite-pendant-six-semaines-et-dans-onze-lieux-_52716-7001718_actu.Htm\" target=\"_blank\" rel=\"noopener\">centre Claude-Cahun, \u00e0 Nantes,<\/a> jusqu\u2019au dimanche 30\u00a0novembre.<\/p>\n<p><strong>Lire aussi\u00a0:<\/strong> <a href=\"https:\/\/nantes.maville.com\/actu\/actudet_-cine-science-defile-pour-halloween...-a-nantes-on-sort-avec-les-enfants-pendant-les-vacances-_52716-7026485_actu.Htm\" target=\"_blank\" rel=\"noopener\">Cin\u00e9, science, d\u00e9fil\u00e9 pour Halloween\u2026 \u00c0 Nantes, on sort avec les enfants pendant les vacances<\/a><\/p>\n<p>Apr\u00e8s Volta et Terres basses, ses deux ouvrages pr\u00e9c\u00e9dents, la photographe revient avec Wild rose, son dernier projet. Pour la narratrice, il s\u2019agit l\u00e0 d\u2019un retour aux sources, une replong\u00e9e dans ce qui fut la maison familiale o\u00f9 elle a grandi. Aux confins du Pays basque, comme enfouie dans la nature, la b\u00e2tisse, toujours l\u00e0, exhale les souvenirs. <strong>\u00ab\u00a0Apr\u00e8s la crise du Covid, j\u2019ai quitt\u00e9 la ville pour m\u2019installer dans cette vieille maison de famille, <\/strong>explique Gabrielle Duplantier. <strong>Comme un appel, comme un radeau, la maison dans sa cuve de verdure est devenue mon univers\u00a0; soigner la b\u00e2tisse ab\u00eem\u00e9e, affronter les ronciers monstres, cohabiter avec la vie des bois.\u00a0\u00bb<\/strong><\/p>\n<p>Photographie d\u2019atmosph\u00e8re<\/p>\n<p>La s\u00e9rie Wild Rose alterne les sujets\u00a0: nature, bois, feuillages, chemins forestiers, parfois d\u00e9rang\u00e9s par l\u2019irruption de personnages, lesquels apparaissent volontiers sous une allure fantomatique. L\u2019ensemble d\u00e9gage une ambiance d\u2019\u00e9tranget\u00e9, comme dans un lieu ou un temps que l\u2019on aurait du mal \u00e0 situer.<\/p>\n<p>Gabrielle Duplantier\u00a0assume de d\u00e9passer le r\u00e9el, pour plonger dans une v\u00e9ritable photographie d\u2019atmosph\u00e8re, o\u00f9 la puissance du noir et blanc joue son r\u00f4le \u00e0 merveille. Avec Wild rose, la photographe r\u00e9v\u00e8le avec \u00e9quilibre, une intimit\u00e9 aux contours explos\u00e9s dans l\u2019espace.<\/p>\n<p><strong>Jusqu\u2019au dimanche 30\u00a0novembre,<\/strong> du mercredi au samedi, de 10\u00a0h \u00e0 19\u00a0h, au centre Claude-Cahun, 45, rue de Richebourg, \u00e0 Nantes.<\/p>\n<p>\u00a0<\/p>\n","protected":false},"excerpt":{"rendered":"\u00c0 la fronti\u00e8re des Landes et du Pays basque, \u00e9tait une maison perdue au milieu des bois. L\u2019histoire&hellip;\n","protected":false},"author":2,"featured_media":498754,"comment_status":"","ping_status":"","sticky":false,"template":"","format":"standard","meta":{"footnotes":""},"categories":[2818],"tags":[1111,11,62105,10777,1777,674,1011,27,2142,766,12,2636,62106,20528,25,17074],"class_list":{"0":"post-498753","1":"post","2":"type-post","3":"status-publish","4":"format-standard","5":"has-post-thumbnail","7":"category-nantes","8":"tag-actu","9":"tag-actualites","10":"tag-capture","11":"tag-enfance","12":"tag-eu","13":"tag-europe","14":"tag-fr","15":"tag-france","16":"tag-maison","17":"tag-nantes","18":"tag-news","19":"tag-pays-de-la-loire","20":"tag-pellicule","21":"tag-photographe","22":"tag-republique-francaise","23":"tag-souvenirs"},"share_on_mastodon":{"url":"https:\/\/pubeurope.com\/@fr\/115460113064723684","error":""},"_links":{"self":[{"href":"https:\/\/www.europesays.com\/fr\/wp-json\/wp\/v2\/posts\/498753","targetHints":{"allow":["GET"]}}],"collection":[{"href":"https:\/\/www.europesays.com\/fr\/wp-json\/wp\/v2\/posts"}],"about":[{"href":"https:\/\/www.europesays.com\/fr\/wp-json\/wp\/v2\/types\/post"}],"author":[{"embeddable":true,"href":"https:\/\/www.europesays.com\/fr\/wp-json\/wp\/v2\/users\/2"}],"replies":[{"embeddable":true,"href":"https:\/\/www.europesays.com\/fr\/wp-json\/wp\/v2\/comments?post=498753"}],"version-history":[{"count":0,"href":"https:\/\/www.europesays.com\/fr\/wp-json\/wp\/v2\/posts\/498753\/revisions"}],"wp:featuredmedia":[{"embeddable":true,"href":"https:\/\/www.europesays.com\/fr\/wp-json\/wp\/v2\/media\/498754"}],"wp:attachment":[{"href":"https:\/\/www.europesays.com\/fr\/wp-json\/wp\/v2\/media?parent=498753"}],"wp:term":[{"taxonomy":"category","embeddable":true,"href":"https:\/\/www.europesays.com\/fr\/wp-json\/wp\/v2\/categories?post=498753"},{"taxonomy":"post_tag","embeddable":true,"href":"https:\/\/www.europesays.com\/fr\/wp-json\/wp\/v2\/tags?post=498753"}],"curies":[{"name":"wp","href":"https:\/\/api.w.org\/{rel}","templated":true}]}}