{"id":498773,"date":"2025-10-29T23:54:15","date_gmt":"2025-10-29T23:54:15","guid":{"rendered":"https:\/\/www.europesays.com\/fr\/498773\/"},"modified":"2025-10-29T23:54:15","modified_gmt":"2025-10-29T23:54:15","slug":"tolisso-lartiste-scenario-irreel-le-fiasco-ikone-coups-de-coeur-et-coups-de-griffe","status":"publish","type":"post","link":"https:\/\/www.europesays.com\/fr\/498773\/","title":{"rendered":"Tolisso l\u2019artiste, sc\u00e9nario irr\u00e9el, le fiasco Ikon\u00e9&#8230; Coups de c\u0153ur et coups de griffe"},"content":{"rendered":"<p>\n    D\u00e9couvrez ce qui a plu et d\u00e9plu \u00e0 notre envoy\u00e9 sp\u00e9cial au stade Jean-Bouin apr\u00e8s le rocambolesque match nul entre le Paris\u00a0FC et l\u2019Olympique Lyonnais, mercredi (3-3).<\/p>\n<p class=\"fig-paragraph\"><strong>COUPS DE C\u0152UR<\/strong><\/p>\n<p>Un sc\u00e9nario digne d\u2019un film hollywoodien<\/p>\n<p class=\"fig-paragraph\">On jurerait avoir vu quelques supporters parisiens se rapprocher de la sortie du stade Jean-Bouin \u00e0 l\u2019heure de jeu. L\u2019Olympique Lyonnais venait d\u2019inscrire le but du 3-0 et filait droit vers un succ\u00e8s ma\u00eetris\u00e9. Puis s\u2019est retrouv\u00e9 \u00e0 dix apr\u00e8s l\u2019exclusion d\u2019Abner (61e). Le Paris\u00a0FC a r\u00e9duit l\u2019\u00e9cart dans la foul\u00e9e (Adama Camara, 65e) et se sentait pousser des ailes&#8230; avant d\u2019\u00eatre lui aussi \u00e0 dix, suite au second carton jaune de Thibault De Smet (67e).<\/p>\n<p>                                    <a class=\"fig-a11y-skip a11y-hidden\" href=\"#fig-a11y-skip-main-inarticle\"><br \/>\n        Passer la publicit\u00e9<br \/>\n    <\/a><\/p>\n<p class=\"fig-paragraph\">Ces montagnes russes ont laiss\u00e9 place \u00e0 une longue accalmie. Jusqu\u2019au but splendide d\u2019Ilan Kebbal (77e), qui a suivi celui bien chanceux de l\u2019entrant Vincent Marchetti sur une frappe d\u00e9vi\u00e9e, qui a sembl\u00e9 prendre une \u00e9ternit\u00e9 pour lober Dominik Greif (84e, 3-3). Irr\u00e9el, tant le PFC semblait en dessous de tout \u00e0 trente minutes du terme.<\/p>\n<p>Tolisso, le N.10 lui va si bien<\/p>\n<p class=\"fig-paragraph\">Ils sont nombreux, les amoureux de l\u2019OL, \u00e0 froncer les sourcils devant les derni\u00e8res listes de Didier Deschamps. Corentin Tolisso\u00a0<a href=\"http:\/\/www.lefigaro.fr\/sports\/football\/equipe-de-france\/bleus-ekitike-cherki-kolo-muani-tolisso-les-dernieres-infos-avant-la-liste-de-deschamps-20250826\" data-fig-type=\"NewsFlash\" data-gtm-custom-categorie=\"navigation\" data-gtm-custom-action=\"crossclick\" data-gtm-custom-label=\"Contextuel\" data-gtm-event=\"customEventSPE\" data-fig-domain=\"LEFIGARO\" target=\"_blank\" rel=\"noopener\">n\u2019est pas rappel\u00e9 en \u00e9quipe de France<\/a>, mais chacun de ses matches le rapproche de Clairefontaine. Encore ce mercredi, le champion du monde 2018 (28 s\u00e9lections, 2 buts) a fait \u00e9talage de sa classe.<\/p>\n<p class=\"fig-paragraph\">Le capitaine lyonnais a ouvert le score en opportuniste (5e) avant de jouer son r\u00f4le de r\u00e9gulateur et d\u2019orienteur du jeu, et ce alors qu\u2019il \u00e9tait diminu\u00e9 physiquement avant la rencontre. Jamais avare d\u2019un beau geste, \u00e0 l\u2019image de sa feinte de corps sur le troisi\u00e8me but lyonnais. Le N.10 floqu\u00e9 dans son dos lui va comme un gant. Le genre de joueurs pour lequel on se d\u00e9place au stade.<\/p>\n<p>Moreira marque encore des points<\/p>\n<p class=\"fig-paragraph\">La semaine derni\u00e8re, il inscrivait son premier but chez les professionnels contre le FC B\u00e2le en Ligue Europa (2-0). Puis le second face \u00e0 Strasbourg trois jours plus tard (2-1). Afonso Moreira a encore marqu\u00e9 des points mercredi pour sa premi\u00e8re titularisation avec l\u2019OL. L\u2019international espoirs portugais (20 ans) de 20 ans a fait parler sa lecture du jeu et touche technique, signant deux passes d\u00e9cisives et un coup du sombrero avant sa sortie (74e). Son entra\u00eeneur et compatriote Paulo Fonseca lui redonnera du temps de jeu, c\u2019est une \u00e9vidence.<\/p>\n<p>    L\u2019ailier portugais Afonso Moreira gagne ses galons \u00e0 l\u2019Olympique Lyonnais.<br \/>\n                FEP \/ Icon Sport<\/p>\n<p>Le bijou de Kebbal<\/p>\n<p class=\"fig-paragraph\">\u00c9lu meilleur joueur de Ligue\u00a01 du mois d\u2019ao\u00fbt, Ilan Kebbal vit une saison \u00e0 l\u2019image de sa carri\u00e8re, faite de promesses jamais vraiment tenues. Et parfois, il y a cette \u00e9tincelle. Apr\u00e8s une pluie diluvienne, c\u2019est un \u00e9clair&#8230; de g\u00e9nie qui s\u2019est abattu sur la pelouse de Jean-Bouin. Malgr\u00e9 un contr\u00f4le hasardeux, l\u2019Alg\u00e9rien de 27 ans a eu le temps d\u2019enrouler une frappe du gauche \u00e0 l\u2019entr\u00e9e de la surface. Lucarne oppos\u00e9e (77e, 2-3). Un bijou qui a fait se lever les 18.445 spectateurs.<\/p>\n<p>                                    <a class=\"fig-a11y-skip a11y-hidden\" href=\"#fig-a11y-skip-main-inarticle_mtf\"><br \/>\n        Passer la publicit\u00e9<br \/>\n    <\/a><\/p>\n<p>Une ambiance longtemps agr\u00e9able&#8230;<\/p>\n<p class=\"fig-paragraph\">Ceux qui \u00e9taient d\u00e9j\u00e0 venus \u00e0 Jean-Bouin cette saison le savaient, les Ultras Lutetia et le Old Clan, les deux groupes de supporters ultras du Paris\u00a0FC, un peu plus de 1.000 membres \u00e0 eux deux, savent mettre l\u2019ambiance. De quoi r\u00e9chauffer les c\u0153urs dans la froideur parisienne d\u2019automne. Ils ont toutefois \u00e9t\u00e9 engloutis par la ferveur lyonnaise sur chaque but de l\u2019OL.<\/p>\n<p class=\"fig-paragraph\">Car, m\u00eame sans parcage visiteur pour cause d\u2019arr\u00eat\u00e9 pr\u00e9fectoral, il y avait des centaines, voire des milliers de Rhodaniens \u00e9parpill\u00e9s dans les tribunes. Leur \u00abQui ne saute pas n\u2019est pas lyonnais\u00bb a transpos\u00e9 la rencontre au Groupama Stadium apr\u00e8s chacun des trois buts de leur \u00e9quipe. Avant d\u2019\u00eatre \u00e0 leur tour \u00e9teints par les trois buts cons\u00e9cutifs du PFC&#8230;<\/p>\n<p class=\"fig-paragraph\"><strong>COUPS DE GRIFFE<\/strong><\/p>\n<p>&#8230; et parfois minable<\/p>\n<p class=\"fig-paragraph\">Une heure. C\u2019est le temps qu\u2019auront tenu les supporters parisiens avant de c\u00e9der aux chants insultants, apr\u00e8s le troisi\u00e8me but lyonnais. Du genre \u00abOL, OL, on t\u2019enc&#8230;\u00bb. Du grand classique, toujours aussi path\u00e9tique. Les parents, venus un soir avec leurs enfants en cette p\u00e9riode de vacances scolaires, ont d\u00fb appr\u00e9cier. On a pr\u00e9f\u00e9r\u00e9 le \u00abMais ils sont o\u00f9 les Lyonnais\u00bb apr\u00e8s l\u2019\u00e9galisation invraisemblable du PFC. Comme quoi, taquiner sans insulter, c\u2019est possible, m\u00eame dans un stade de foot.<\/p>\n<p>Ikon\u00e9, un fiasco de 20 minutes<\/p>\n<p class=\"fig-paragraph\">Il \u00e9tait revenu cet \u00e9t\u00e9 dans la capitale, lui le natif de Bondy form\u00e9 au Paris Saint-Germain, lui l\u2019ex-international fran\u00e7ais (4\u00a0s\u00e9lections), qui ne s\u2019est jamais impos\u00e9 \u00e0 la Fiorentina, en Italie, mais qui devait \u00eatre l\u2019un des visages de l\u2019ambition du Paris\u00a0FC. Sa premi\u00e8re titularisation, apr\u00e8s des semaines \u00e0 courir apr\u00e8s sa forme, a tourn\u00e9 au fiasco. Jonathan Ikon\u00e9 n\u2019a rien r\u00e9ussi, pas un dribble, pas un tir, musel\u00e9 par Abner dans son couloir. Comble de tout, l\u2019attaquant de 27 ans, qui arbore le N.93 dans son dos en hommage au d\u00e9partement de la Seine-Saint-Denis, s\u2019est bless\u00e9 \u00e0 l\u2019adducteur apr\u00e8s 20 minutes. L\u2019ancien ailier virevoltant du LOSC est toujours port\u00e9 disparu.<\/p>\n<p>                                    <a class=\"fig-a11y-skip a11y-hidden\" href=\"#fig-a11y-skip-main-inarticle_btf\"><br \/>\n        Passer la publicit\u00e9<br \/>\n    <\/a><\/p>\n<p>L\u2019attaque parisienne toujours m\u00e9diocre<\/p>\n<p class=\"fig-paragraph\">Les hommes mentent, et parfois, les chiffres aussi. Le Paris\u00a0FC a marqu\u00e9 trois buts mercredi, et a prolong\u00e9 sur une s\u00e9rie de neuf matches en trouvant le chemin des filets. Pourtant, St\u00e9phane Gilli peut difficilement se satisfaire du jeu propos\u00e9 par ses hommes,\u00a0<a href=\"http:\/\/www.lefigaro.fr\/sports\/football\/ligue-1\/ligue-1-tombeur-du-paris-fc-lens-poursuit-son-ascension-20251019\" data-fig-type=\"NewsFlash\" data-gtm-custom-categorie=\"navigation\" data-gtm-custom-action=\"crossclick\" data-gtm-custom-label=\"Contextuel\" data-gtm-event=\"customEventSPE\" data-fig-domain=\"LEFIGARO\" target=\"_blank\" rel=\"noopener\">comme \u00e0 Lens<\/a>\u00a0(d\u00e9faite 2-1 le 19 octobre) ou \u00e0 Nice (1-1 le 28 septembre).<\/p>\n<p>    Moses Simon a manqu\u00e9 d\u2019impact sur ses 70 minutes jou\u00e9es contre l\u2019OL.<br \/>\n                Baptiste Fernandez \/ Icon Sport<\/p>\n<p class=\"fig-paragraph\">Willem Geubbels a encore \u00e9t\u00e9 souvent introuvable en pointe de l\u2019attaque. Ilan Kebbal demeure branch\u00e9 sur courant alternatif, et Moses Simon, qui a remplac\u00e9 Jonathan Ikon\u00e9, n\u2019est pas le d\u00e9tonateur aper\u00e7u pendant des ann\u00e9es \u00e0 Nantes. Le tout manque de liant, d\u2019automatismes. Avec 20\u00a0M\u20ac d\u00e9pens\u00e9s pour les quatre joueurs cit\u00e9s, auquel on peut ajouter Jean-Philippe Krasso, effac\u00e9 pour son entr\u00e9e en jeu (71e), on est en droit d\u2019attendre plus.<\/p>\n<p>De Smet a plomb\u00e9 les siens<\/p>\n<p class=\"fig-paragraph\">\u00c0 la fin, on pourra dire qu\u2019un promu est revenu de l\u2019enfer pour arracher un point du nul inesp\u00e9r\u00e9 face \u00e0 un cador du championnat. Mais on se dit qu\u2019il y avait peut-\u00eatre la place pour plus. Si Paris n\u2019a jou\u00e9 que six minutes en sup\u00e9riorit\u00e9 num\u00e9rique, c\u2019est parce que Thibault De Smet a \u00e9cop\u00e9 d\u2019un second avertissement logique, qu\u2019il n\u2019a aucunement contest\u00e9, pour avoir emp\u00each\u00e9 Pavel Sulc de mener une contre-attaque (67e).<\/p>\n<p class=\"fig-paragraph\">Regrettable, car le lat\u00e9ral gauche parisien a \u00e9t\u00e9 dribbl\u00e9 bien trop facilement, et car ses partenaires avaient le vent dans le dos. Dominateur pendant une heure, l\u2019OL semblait pour la premi\u00e8re fois d\u00e9boussol\u00e9, submerg\u00e9 m\u00eame, contraint de se retrancher dans son camp, avec un public qui poussait fort derri\u00e8re les Franciliens. Pas s\u00fbr que les Lyonnais auraient tenu aussi longtemps sans le carton rouge de De Smet.<\/p>\n","protected":false},"excerpt":{"rendered":"D\u00e9couvrez ce qui a plu et d\u00e9plu \u00e0 notre envoy\u00e9 sp\u00e9cial au stade Jean-Bouin apr\u00e8s le rocambolesque match&hellip;\n","protected":false},"author":2,"featured_media":498774,"comment_status":"","ping_status":"","sticky":false,"template":"","format":"standard","meta":{"footnotes":""},"categories":[1889],"tags":[1111,11,2430,1777,674,1011,27,2428,12,978,445,25],"class_list":{"0":"post-498773","1":"post","2":"type-post","3":"status-publish","4":"format-standard","5":"has-post-thumbnail","7":"category-lyon","8":"tag-actu","9":"tag-actualites","10":"tag-auvergne-rhone-alpes","11":"tag-eu","12":"tag-europe","13":"tag-fr","14":"tag-france","15":"tag-lyon","16":"tag-news","17":"tag-olympique-lyonnais","18":"tag-paris-fc","19":"tag-republique-francaise"},"share_on_mastodon":{"url":"https:\/\/pubeurope.com\/@fr\/115460155816316445","error":""},"_links":{"self":[{"href":"https:\/\/www.europesays.com\/fr\/wp-json\/wp\/v2\/posts\/498773","targetHints":{"allow":["GET"]}}],"collection":[{"href":"https:\/\/www.europesays.com\/fr\/wp-json\/wp\/v2\/posts"}],"about":[{"href":"https:\/\/www.europesays.com\/fr\/wp-json\/wp\/v2\/types\/post"}],"author":[{"embeddable":true,"href":"https:\/\/www.europesays.com\/fr\/wp-json\/wp\/v2\/users\/2"}],"replies":[{"embeddable":true,"href":"https:\/\/www.europesays.com\/fr\/wp-json\/wp\/v2\/comments?post=498773"}],"version-history":[{"count":0,"href":"https:\/\/www.europesays.com\/fr\/wp-json\/wp\/v2\/posts\/498773\/revisions"}],"wp:featuredmedia":[{"embeddable":true,"href":"https:\/\/www.europesays.com\/fr\/wp-json\/wp\/v2\/media\/498774"}],"wp:attachment":[{"href":"https:\/\/www.europesays.com\/fr\/wp-json\/wp\/v2\/media?parent=498773"}],"wp:term":[{"taxonomy":"category","embeddable":true,"href":"https:\/\/www.europesays.com\/fr\/wp-json\/wp\/v2\/categories?post=498773"},{"taxonomy":"post_tag","embeddable":true,"href":"https:\/\/www.europesays.com\/fr\/wp-json\/wp\/v2\/tags?post=498773"}],"curies":[{"name":"wp","href":"https:\/\/api.w.org\/{rel}","templated":true}]}}