{"id":498783,"date":"2025-10-30T00:02:38","date_gmt":"2025-10-30T00:02:38","guid":{"rendered":"https:\/\/www.europesays.com\/fr\/498783\/"},"modified":"2025-10-30T00:02:38","modified_gmt":"2025-10-30T00:02:38","slug":"on-est-dans-lingerence-sous-steroides-macron-charge-lintervention-de-la-russie-sur-les-reseaux-sociaux-2","status":"publish","type":"post","link":"https:\/\/www.europesays.com\/fr\/498783\/","title":{"rendered":"\u00ab On est dans l\u2019ing\u00e9rence sous st\u00e9ro\u00efdes \u00bb\u2026 Macron charge l\u2019intervention de la Russie sur les r\u00e9seaux sociaux"},"content":{"rendered":"<p class=\"mb-4 text-lg md:leading-8 break-words\"><strong>Guerres d\u2019influence &#8211; Emmanuel Macron a appel\u00e9 ce mercredi \u00e0 un \u00ab\u00a0agenda beaucoup plus puissant de protection et de r\u00e9gulation en Europe\u00a0\u00bb concernant les r\u00e9seaux sociaux, notamment face aux ing\u00e9rences \u00e9trang\u00e8res<\/strong><\/p>\n<p class=\"mb-4 text-lg md:leading-8 break-words\">A l\u2019Est, rien de nouveau\u00a0? Le pr\u00e9sident <a href=\"https:\/\/www.20minutes.fr\/politique\/emmanuel-macron\/?at_medium=RSS%20feed&amp;at_campaign=ynews&amp;utm_source=yahoo&amp;utm_medium=rss&amp;utm_campaign=news_feed&amp;utm_content=in_article_link\" rel=\"nofollow noopener\" target=\"_blank\" data-ylk=\"slk:Emmanuel Macron;elm:context_link;itc:0;sec:content-canvas\" class=\"link \">Emmanuel Macron<\/a> a appel\u00e9 ce mercredi \u00e0 un \u00ab\u00a0agenda beaucoup plus puissant de protection et de r\u00e9gulation en <a href=\"https:\/\/www.20minutes.fr\/dossier\/europe?at_medium=RSS%20feed&amp;at_campaign=ynews&amp;utm_source=yahoo&amp;utm_medium=rss&amp;utm_campaign=news_feed&amp;utm_content=in_article_link\" rel=\"nofollow noopener\" target=\"_blank\" data-ylk=\"slk:Europe;elm:context_link;itc:0;sec:content-canvas\" class=\"link \">Europe<\/a>\u00a0\u00bb, notamment face aux ing\u00e9rences \u00e9trang\u00e8res via les <a href=\"https:\/\/www.20minutes.fr\/dossier\/reseaux_sociaux?at_medium=RSS%20feed&amp;at_campaign=ynews&amp;utm_source=yahoo&amp;utm_medium=rss&amp;utm_campaign=news_feed&amp;utm_content=in_article_link\" rel=\"nofollow noopener\" target=\"_blank\" data-ylk=\"slk:r\u00e9seaux sociaux;elm:context_link;itc:0;sec:content-canvas\" class=\"link \">r\u00e9seaux sociaux<\/a>.<\/p>\n<p class=\"mb-4 text-lg md:leading-8 break-words\">Outre leur mod\u00e8le \u00e9conomique bas\u00e9 sur la pol\u00e9mique et l\u2019engagement, le pr\u00e9sident, dans une intervention au Forum pour la paix, a estim\u00e9 que \u00ab\u00a0tout l\u2019ordre de m\u00e9rite qui fondait nos d\u00e9mocraties, un rapport \u00e0 l\u2019argumentation, la v\u00e9rit\u00e9, est compl\u00e8tement mis en l\u2019air\u00a0\u00bb.<\/p>\n<p>\u00ab\u00a0Les plus gros acheteurs de faux compte, ce sont les Russes\u00a0\u00bb<\/p>\n<p class=\"mb-4 text-lg md:leading-8 break-words\">Sur le r\u00e9seau social \u00ab\u00a0<a href=\"https:\/\/www.20minutes.fr\/high-tech\/twitter\/?at_medium=RSS%20feed&amp;at_campaign=ynews&amp;utm_source=yahoo&amp;utm_medium=rss&amp;utm_campaign=news_feed&amp;utm_content=in_article_link\" rel=\"nofollow noopener\" target=\"_blank\" data-ylk=\"slk:X;elm:context_link;itc:0;sec:content-canvas\" class=\"link \">X<\/a>, si vous ne tombez pas imm\u00e9diatement sur des contenus d\u2019extr\u00eame droite, c\u2019est que vous \u00eates mal organis\u00e9s\u00a0\u00bb, a affirm\u00e9 le chef de l\u2019Etat. Aujourd\u2019hui, \u00ab\u00a0les plus gros acheteurs de faux comptes, ce sont les Russes [\u2026] pour venir d\u00e9stabiliser les d\u00e9mocraties europ\u00e9ennes, a-t-il encore affirm\u00e9. On est dans l\u2019ing\u00e9rence sous st\u00e9ro\u00efdes.\u00a0\u00bb<\/p>\n<p class=\"mb-4 text-lg md:leading-8 break-words\">Dans ce contexte, \u00ab\u00a0on va porter un agenda beaucoup plus puissant de protection et de r\u00e9gulation en Europe\u00a0\u00bb, a indiqu\u00e9 Emmanuel Macron. \u00ab\u00a0Je crois tr\u00e8s profond\u00e9ment dans l\u2019innovation, mais je ne crois pas une seule seconde dans l\u2019innovation qui est au service des lumi\u00e8res noires\u00a0\u00bb, a-t-il insist\u00e9.<\/p>\n<p class=\"mb-4 text-lg md:leading-8 break-words\"><a href=\"https:\/\/www.20minutes.fr\/high-tech\/by-the-web\/4182421-20251029-ingerence-sous-steroides-macron-charge-intervention-russie-reseaux-sociaux?at_medium=RSS%20feed&amp;at_campaign=ynews&amp;utm_source=yahoo&amp;utm_medium=rss&amp;utm_campaign=news_feed&amp;utm_content=read_more_link&quot;\" rel=\"nofollow noopener\" target=\"_blank\" data-ylk=\"slk:Lire la suite sur 20minutes;elm:context_link;itc:0;sec:content-canvas\" class=\"link \">Lire la suite sur 20minutes<\/a><\/p>\n<p>\u00c0 lire aussi :<br \/><a href=\"https:\/\/www.20minutes.fr\/politique\/4181815-20251027-reseaux-sociaux-emmanuel-macron-veut-lancer-debat-menaces-democratie-venues-internet?at_medium=RSS%20feed&amp;at_campaign=ynews&amp;utm_source=yahoo&amp;utm_medium=rss&amp;utm_campaign=news_feed&amp;utm_content=related_content_link\" rel=\"nofollow noopener\" target=\"_blank\" data-ylk=\"slk:R\u00e9seaux sociaux\u00a0: Emmanuel Macron veut lancer un d\u00e9bat sur les menaces pour la d\u00e9mocratie venues d&#039;Internet;elm:context_link;itc:0;sec:content-canvas\" class=\"link \">R\u00e9seaux sociaux\u00a0: Emmanuel Macron veut lancer un d\u00e9bat sur les menaces pour la d\u00e9mocratie venues d&rsquo;Internet<\/a><br \/><a href=\"https:\/\/www.20minutes.fr\/societe\/4152767-20250511-reseaux-sociaux-avant-15-ans-non-insiste-ministre-deleguee-charge-numerique?at_medium=RSS%20feed&amp;at_campaign=ynews&amp;utm_source=yahoo&amp;utm_medium=rss&amp;utm_campaign=news_feed&amp;utm_content=related_content_link\" rel=\"nofollow noopener\" target=\"_blank\" data-ylk=\"slk:R\u00e9seaux sociaux\u00a0: \u00ab\u00a0Avant 15 ans, c\u2019est non\u00a0\u00bb, insiste la ministre d\u00e9l\u00e9gu\u00e9e en charge du num\u00e9rique;elm:context_link;itc:0;sec:content-canvas\" class=\"link \">R\u00e9seaux sociaux\u00a0: \u00ab\u00a0Avant 15 ans, c\u2019est non\u00a0\u00bb, insiste la ministre d\u00e9l\u00e9gu\u00e9e en charge du num\u00e9rique<\/a><\/p>\n","protected":false},"excerpt":{"rendered":"Guerres d\u2019influence &#8211; Emmanuel Macron a appel\u00e9 ce mercredi \u00e0 un \u00ab\u00a0agenda beaucoup plus puissant de protection et&hellip;\n","protected":false},"author":2,"featured_media":498784,"comment_status":"","ping_status":"","sticky":false,"template":"","format":"standard","meta":{"footnotes":""},"categories":[1591],"tags":[11,1073,1887,11696,12,938,1885,1886,132],"class_list":{"0":"post-498783","1":"post","2":"type-post","3":"status-publish","4":"format-standard","5":"has-post-thumbnail","7":"category-russie","8":"tag-actualites","9":"tag-emmanuel-macron","10":"tag-federation-de-russie","11":"tag-ingerences-etrangeres","12":"tag-news","13":"tag-reseaux-sociaux","14":"tag-russia","15":"tag-russian-federation","16":"tag-russie"},"share_on_mastodon":{"url":"https:\/\/pubeurope.com\/@fr\/115460187466490038","error":""},"_links":{"self":[{"href":"https:\/\/www.europesays.com\/fr\/wp-json\/wp\/v2\/posts\/498783","targetHints":{"allow":["GET"]}}],"collection":[{"href":"https:\/\/www.europesays.com\/fr\/wp-json\/wp\/v2\/posts"}],"about":[{"href":"https:\/\/www.europesays.com\/fr\/wp-json\/wp\/v2\/types\/post"}],"author":[{"embeddable":true,"href":"https:\/\/www.europesays.com\/fr\/wp-json\/wp\/v2\/users\/2"}],"replies":[{"embeddable":true,"href":"https:\/\/www.europesays.com\/fr\/wp-json\/wp\/v2\/comments?post=498783"}],"version-history":[{"count":0,"href":"https:\/\/www.europesays.com\/fr\/wp-json\/wp\/v2\/posts\/498783\/revisions"}],"wp:featuredmedia":[{"embeddable":true,"href":"https:\/\/www.europesays.com\/fr\/wp-json\/wp\/v2\/media\/498784"}],"wp:attachment":[{"href":"https:\/\/www.europesays.com\/fr\/wp-json\/wp\/v2\/media?parent=498783"}],"wp:term":[{"taxonomy":"category","embeddable":true,"href":"https:\/\/www.europesays.com\/fr\/wp-json\/wp\/v2\/categories?post=498783"},{"taxonomy":"post_tag","embeddable":true,"href":"https:\/\/www.europesays.com\/fr\/wp-json\/wp\/v2\/tags?post=498783"}],"curies":[{"name":"wp","href":"https:\/\/api.w.org\/{rel}","templated":true}]}}