{"id":498785,"date":"2025-10-30T00:03:19","date_gmt":"2025-10-30T00:03:19","guid":{"rendered":"https:\/\/www.europesays.com\/fr\/498785\/"},"modified":"2025-10-30T00:03:19","modified_gmt":"2025-10-30T00:03:19","slug":"marches-en-bref-logistique-argentine-etats-unis-canada-ukraine-ouzbekistan","status":"publish","type":"post","link":"https:\/\/www.europesays.com\/fr\/498785\/","title":{"rendered":"March\u00e9s, en bref : logistique, Argentine, \u00c9tats-Unis, Canada, Ukraine, Ouzb\u00e9kistan"},"content":{"rendered":"<p><b>Logistique :<\/b> DHL a annonc\u00e9 le 15 octobre l\u2019investissement de plus de<strong> 300 millions d\u2019euros en Afrique subsaharienne<\/strong> pour renforcer ses infrastructures logistiques. Cet investissement pluriannuel sera d\u00e9ploy\u00e9 chez DHL Express, DHL Global Forwarding et DHL Supply Chain, et vise \u00e0 soutenir l\u2019int\u00e9gration commerciale du continent, \u00e0 acc\u00e9l\u00e9rer le commerce intra-africain et mondial, et \u00e0 renforcer la comp\u00e9titivit\u00e9 des entreprises africaines, notamment les PME. Il ciblera des secteurs cl\u00e9s comme le <strong>e-commerce et la sant\u00e9<\/strong>, tout en am\u00e9liorant la fiabilit\u00e9 des exp\u00e9ditions gr\u00e2ce aux outils digitaux et \u00e0 l\u2019IA. Par cette initiative, DHL t\u00e9moigne de sa confiance dans le dynamisme \u00e9conomique de l\u2019Afrique, offrant des opportunit\u00e9s significatives pour les march\u00e9s \u00e9trangers et les partenariats commerciaux.<\/p>\n<p><b>Argentine : <\/b>Le parti du pr\u00e9sident argentin <strong>Javier Milei<\/strong> a remport\u00e9 une victoire \u00e9crasante aux \u00e9lections l\u00e9gislatives de mi-mandat le 26 octobre, renfor\u00e7ant son pouvoir et lui permettant de poursuivre sa r\u00e9forme radicale de l\u2019\u00e9conomie. Cette victoire intervient malgr\u00e9 le m\u00e9contentement suscit\u00e9 par ses mesures d\u2019aust\u00e9rit\u00e9, mais refl\u00e8te la crainte d\u2019un nouveau bouleversement \u00e9conomique en cas d\u2019abandon des politiques qui ont consid\u00e9rablement ralenti l\u2019inflation. Elle devrait aussi <strong>acc\u00e9l\u00e9rer les r\u00e9formes d\u2019aust\u00e9rit\u00e9 et de d\u00e9r\u00e9glementation<\/strong>. Les investisseurs \u00e9trangers ont salu\u00e9 la capacit\u00e9 du gouvernement \u00e0 r\u00e9duire l\u2019inflation mensuelle (de 12,8 % avant l\u2019investiture de Milei \u00e0 2,1 % le mois dernier) et \u00e0 r\u00e9aliser un exc\u00e9dent budg\u00e9taire. L\u2019administration Trump a m\u00eame propos\u00e9 un plan de sauvetage de 40 milliards de dollars, soulignant l\u2019importance de la libert\u00e9 \u00e9conomique et des investissements du secteur priv\u00e9. Les march\u00e9s ont r\u00e9agi positivement, comme l\u2019a d\u00e9crit <a href=\"https:\/\/www.rfi.fr\/fr\/podcasts\/aujourd-hui-l-%C3%A9conomie\/20251028-argentine-la-victoire-de-javier-milei-rassure-les-march%C3%A9s-et-s%C3%A9duit-washington\" target=\"_blank\" rel=\"noopener nofollow\">RFI<\/a>.\u00a0<\/p>\n<p><b>\u00c9tats-Unis : <\/b>L\u2019inflation annuelle aux \u00c9tats-Unis a l\u00e9g\u00e8rement acc\u00e9l\u00e9r\u00e9 en septembre, atteignant <strong>3%, son niveau le plus \u00e9lev\u00e9 depuis le retour du pr\u00e9sident Trump \u00e0 la Maison Blanche<\/strong>. Cette hausse, attribu\u00e9e en partie \u00e0 la guerre commerciale, repr\u00e9sente une augmentation de 0,1 point par rapport \u00e0 ao\u00fbt, tout en restant l\u00e9g\u00e8rement inf\u00e9rieure au consensus. Hors \u00e9nergie et produits alimentaires, l\u2019inflation sous-jacente s\u2019est \u00e9galement \u00e9tablie \u00e0 3%. Sur une base mensuelle, les prix \u00e0 la consommation ont augment\u00e9 de 0,3% en donn\u00e9es brutes et de 0,2% hors \u00e9nergie et produits alimentaires.<\/p>\n<p><b>\u00c9tats-Unis \u2013 Canada : <\/b>Le 24 octobre, <strong>Donald Trump<\/strong> a annonc\u00e9 rompre les n\u00e9gociations commerciales avec le Canada suite \u00e0 une campagne publicitaire t\u00e9l\u00e9vis\u00e9e contre les droits de douane am\u00e9ricains lanc\u00e9e par l\u2019Ontario. Si le Premier ministre de cette province canadienne a annonc\u00e9 le retrait de cette campagne \u00e0 partir du 27 octobre, le locataire de la Maison Blanche a tout de m\u00eame communiqu\u00e9 sur sa plateforme Truth Social l\u2019ajout de <strong>10 % suppl\u00e9mentaires de droit de douane<\/strong> contre les importations qui \u00e9taient d\u00e9j\u00e0 concern\u00e9es. Cette d\u00e9cision a d\u00e9stabilis\u00e9 les travailleurs canadiens, notamment dans l\u2019industrie automobile de l\u2019Ontario, qui craignent l\u2019incertitude. Le Canada, particuli\u00e8rement touch\u00e9 par les droits de douane, cherche de nouveaux partenaires commerciaux, et le Premier ministre <strong>Mark Carney<\/strong> se dit pr\u00eat \u00e0 reprendre les n\u00e9gociations d\u2019apr\u00e8s <a href=\"https:\/\/www.lopinion.fr\/economie\/lindustrie-canadienne-sous-le-choc-apres-la-rupture-des-negociations-commerciales-avec-les-etats-unis\" target=\"_blank\" rel=\"noopener nofollow\">l\u2019Opinion<\/a>. <\/p>\n<p><b>Ukraine : <\/b>Depuis le 29 octobre, l\u2019UE et l\u2019Ukraine b\u00e9n\u00e9ficient d\u2019un cadre commercial plus stable et \u00e9quitable avec l\u2019entr\u00e9e en vigueur d\u2019une <strong>zone de libre-\u00e9change approfondi et complet (ZLEAC) renforc\u00e9e<\/strong>. Cet accord commercial, issu d\u2019une r\u00e9vision de la ZLEA initiale (n\u00e9goci\u00e9e entre 2007 et 2011 et sign\u00e9e en 2014), lib\u00e9ralise davantage les \u00e9changes tout en prot\u00e9geant les <strong>secteurs agricoles<\/strong> sensibles de l\u2019UE par des clauses de sauvegarde. Il vise \u00e0 renforcer les flux commerciaux en \u00e9quilibrant les besoins de l\u2019Ukraine et les sensibilit\u00e9s de l\u2019UE, \u00e0 harmoniser les normes de production ukrainiennes avec celles de l\u2019UE, et \u00e0 inclure un m\u00e9canisme de sauvegarde robuste.\u00a0<\/p>\n<p><b>Ouzb\u00e9kistan :<\/b> Le 24 octobre, l\u2019UE et l\u2019Ouzb\u00e9kistan ont sign\u00e9 un <strong>accord de partenariat et de coop\u00e9ration renforc\u00e9 (APCR)<\/strong>. Cet accord historique vise \u00e0 approfondir leur partenariat strat\u00e9gique en renfor\u00e7ant le dialogue, la diversification commerciale et le d\u00e9veloppement durable, tout en promouvant la stabilit\u00e9 r\u00e9gionale. Il pr\u00e9voit une collaboration accrue en cybers\u00e9curit\u00e9, lutte contre le terrorisme, s\u00e9curit\u00e9 des fronti\u00e8res et connectivit\u00e9 via le Global Gateway, facilitant ainsi les \u00e9changes commerciaux et les investissements. L\u2019APCR inclut des avanc\u00e9es en mobilit\u00e9 de la main-d\u2019\u0153uvre et la possibilit\u00e9 de n\u00e9gocier un accord de r\u00e9admission et de facilitation des visas. <\/p>\n","protected":false},"excerpt":{"rendered":"Logistique : DHL a annonc\u00e9 le 15 octobre l\u2019investissement de plus de 300 millions d\u2019euros en Afrique subsaharienne&hellip;\n","protected":false},"author":2,"featured_media":498786,"comment_status":"","ping_status":"","sticky":false,"template":"","format":"standard","meta":{"footnotes":""},"categories":[1590],"tags":[11,6715,574,73,1777,674,2726,635,12,2763,220],"class_list":{"0":"post-498785","1":"post","2":"type-post","3":"status-publish","4":"format-standard","5":"has-post-thumbnail","7":"category-ukraine","8":"tag-actualites","9":"tag-argentine","10":"tag-canada","11":"tag-etats-unis","12":"tag-eu","13":"tag-europe","14":"tag-logistique","15":"tag-marches","16":"tag-news","17":"tag-ouzbekistan","18":"tag-ukraine"},"share_on_mastodon":{"url":"https:\/\/pubeurope.com\/@fr\/115460191366509035","error":""},"_links":{"self":[{"href":"https:\/\/www.europesays.com\/fr\/wp-json\/wp\/v2\/posts\/498785","targetHints":{"allow":["GET"]}}],"collection":[{"href":"https:\/\/www.europesays.com\/fr\/wp-json\/wp\/v2\/posts"}],"about":[{"href":"https:\/\/www.europesays.com\/fr\/wp-json\/wp\/v2\/types\/post"}],"author":[{"embeddable":true,"href":"https:\/\/www.europesays.com\/fr\/wp-json\/wp\/v2\/users\/2"}],"replies":[{"embeddable":true,"href":"https:\/\/www.europesays.com\/fr\/wp-json\/wp\/v2\/comments?post=498785"}],"version-history":[{"count":0,"href":"https:\/\/www.europesays.com\/fr\/wp-json\/wp\/v2\/posts\/498785\/revisions"}],"wp:featuredmedia":[{"embeddable":true,"href":"https:\/\/www.europesays.com\/fr\/wp-json\/wp\/v2\/media\/498786"}],"wp:attachment":[{"href":"https:\/\/www.europesays.com\/fr\/wp-json\/wp\/v2\/media?parent=498785"}],"wp:term":[{"taxonomy":"category","embeddable":true,"href":"https:\/\/www.europesays.com\/fr\/wp-json\/wp\/v2\/categories?post=498785"},{"taxonomy":"post_tag","embeddable":true,"href":"https:\/\/www.europesays.com\/fr\/wp-json\/wp\/v2\/tags?post=498785"}],"curies":[{"name":"wp","href":"https:\/\/api.w.org\/{rel}","templated":true}]}}